{"id":1729,"date":"2017-03-13T08:58:05","date_gmt":"2017-03-13T07:58:05","guid":{"rendered":"http:\/\/www.notebook.hu\/blog\/?p=1729"},"modified":"2017-03-13T08:58:05","modified_gmt":"2017-03-13T07:58:05","slug":"igy-hasznalod-ki-a-technologia-lehetosegeit-i-8-teny-a-nagyvilagbol","status":"publish","type":"post","link":"https:\/\/www.notebook.hu\/blog\/igy-hasznalod-ki-a-technologia-lehetosegeit-i-8-teny-a-nagyvilagbol\/","title":{"rendered":"\u00cdgy haszn\u00e1lod ki a technol\u00f3gia lehet\u0151s\u00e9geit I. &#8211; 8 t\u00e9ny a nagyvil\u00e1gb\u00f3l"},"content":{"rendered":"<p>&nbsp;<\/p>\n<p><strong>Akik az okostelefonok vil\u00e1g\u00e1ba sz\u00fclettek, nem tudn\u00e1nak lemondani r\u00f3luk, hiszen jelent\u0151sen megk\u00f6nny\u00edtik a h\u00e9tk\u00f6znapokat. Gondolj csak bele, el\u0151fordult veled valaha, hogy csak az id\u0151re volt\u00e1l k\u00edv\u00e1ncsi, megn\u00e9zted a mobilodon, de v\u00e9g\u00fcl annyi mindent ellen\u0151rizt\u00e9l (p\u00e9ld\u00e1ul a Facebook profilodat, e-maileket&#8230;), hogy teljesen elfelejtetted, mennyi is az id\u0151?<\/strong><\/p>\n<p>Az okostelefonos p\u00e9lda csak egy a sok k\u00f6z\u00fcl. A tov\u00e1bbiakban a technol\u00f3gi\u00e1val kapcsolatos (olykor meglep\u0151) t\u00e9nyeket ismertet\u00fcnk.<\/p>\n<ol>\n<li><strong>Naponta h\u00e1nyszor n\u00e9zel r\u00e1 a telefonodra?<\/strong><\/li>\n<\/ol>\n<p>Elgondolkodt\u00e1l m\u00e1r valaha azon, hogy naponta h\u00e1nyszor pillantasz r\u00e1 telefonod kijelz\u0151j\u00e9re? Nyugalom, ne kezdj el l\u00e1zasan sz\u00e1molni, ezt m\u00e1sok m\u00e1r megtett\u00e9k helyetted: \u00e1tlagosan egy nap 221-szer.<\/p>\n<ol start=\"2\">\n<li><strong>T\u00f6bb fot\u00f3t k\u00e9sz\u00edtesz, mint gondoln\u00e1d.<\/strong><\/li>\n<\/ol>\n<p>Egy \u00e1tlagos felhaszn\u00e1l\u00f3 egy h\u00f3nap alatt 150 \u00faj f\u00e9nyk\u00e9pet k\u00e9sz\u00edt. Ez azt jelenti, hogy naponta kb. 5 fot\u00f3t l\u00f6v\u00fcnk.<\/p>\n<ol start=\"3\">\n<li><strong>H\u00e1ny szelfit k\u00e9sz\u00edtesz?<\/strong><\/li>\n<\/ol>\n<p>A 20-35 \u00e9vesek \u00e1tlagosan hetente 9 szelfit k\u00e9sz\u00edtenek. Minden egyes k\u00e9pre kb. 7 percet ford\u00edtanak.<\/p>\n<ol start=\"4\">\n<li><strong>H\u00e1ny e-mailt k\u00fcldesz \u00e9s kapsz?<\/strong><\/li>\n<\/ol>\n<p>\u00c1tlagosan naponta 126 e-mailt k\u00fcld\u00fcnk munka\u00fcgyben, \u00e9s 88-at kapunk.<\/p>\n<ol start=\"5\">\n<li><strong>Mennyi id\u0151t sz\u00e1nsz az e-mailez\u00e9sre?<\/strong><\/li>\n<\/ol>\n<p>A kor\u00e1bbi pontb\u00f3l kiindulva \u00e9vente ak\u00e1r 100 \u00f3r\u00e1t is elt\u00f6lt\u00fcnk az e-mail fi\u00f3kunkat b\u00fajva. Ne feledkezz\u00fcnk meg a nagy mennyis\u00e9g\u0171 kellemetlenked\u0151 spamekr\u0151l sem.<\/p>\n<ol start=\"6\">\n<li><strong>H\u00e1ny e-mailt nyitsz meg okostelefonodon?<\/strong><\/li>\n<\/ol>\n<p>Ez az adat jelent\u0151sen f\u00fcgg az \u00e9letkort\u00f3l, de azt mondhatjuk, hogy az e-mailek 15-70%-\u00e1t nyitjuk meg telefonunkon.<\/p>\n<ol start=\"7\">\n<li><strong>Az SMS-nek v\u00e9ge, \u00e9ljenek az \u00fczenetk\u00fcld\u0151 alkalmaz\u00e1sok!<\/strong><\/li>\n<\/ol>\n<p>Manaps\u00e1g szinte majdnem mindenki az ingyenes \u00fczenetk\u00fcld\u00e9si lehet\u0151s\u00e9get v\u00e1lasztja. Tuti, neked is van WhatsAppod, de ha az nem is, Vibered, esetleg Facebook Messengered biztosan.<\/p>\n<ol start=\"8\">\n<li><strong>TV vagy telefon?<\/strong><\/li>\n<\/ol>\n<p>A mobiltelefon n\u00f6vekv\u0151 n\u00e9pszer\u0171s\u00e9g\u00e9t az is al\u00e1t\u00e1masztja, hogy egyre t\u00f6bben t\u00f6ltenek el hossz\u00fa \u00f3r\u00e1kat a mobil k\u00e9sz\u00fcl\u00e9k f\u00f6l\u00f6tt, mint a telev\u00edzi\u00f3 el\u0151tt. Ha csak egy dalt szeretn\u00e9l megmutatni a havernak, egyszer\u0171en csak megnyitod a YouTube alkalmaz\u00e1s\u00e1t \u00e9s m\u00e1r p\u00f6ty\u00f6g\u00f6d is a sz\u00e1m c\u00edm\u00e9t.<\/p>\n","protected":false},"excerpt":{"rendered":"<p>&nbsp; Akik az okostelefonok vil\u00e1g\u00e1ba sz\u00fclettek, nem tudn\u00e1nak lemondani r\u00f3luk, hiszen jelent\u0151sen megk\u00f6nny\u00edtik a h\u00e9tk\u00f6znapokat. Gondolj csak bele, el\u0151fordult veled valaha, hogy csak az id\u0151re volt\u00e1l k\u00edv\u00e1ncsi, megn\u00e9zted a mobilodon, de v\u00e9g\u00fcl annyi mindent ellen\u0151rizt\u00e9l (p\u00e9ld\u00e1ul a Facebook profilodat, e-maileket&#8230;), hogy teljesen elfelejtetted, mennyi is az id\u0151? Az okostelefonos p\u00e9lda csak egy a sok k\u00f6z\u00fcl. &hellip;<\/p>\n","protected":false},"author":1,"featured_media":1730,"comment_status":"closed","ping_status":"open","sticky":false,"template":"","format":"standard","meta":{"_jetpack_memberships_contains_paid_content":false,"footnotes":""},"categories":[42],"tags":[47],"class_list":["post-1729","post","type-post","status-publish","format-standard","has-post-thumbnail","","category-cikkek","tag-okostelefon-mobiltelefon"],"jetpack_featured_media_url":"https:\/\/www.notebook.hu\/blog\/wp-content\/uploads\/2017\/03\/07_1.jpg","jetpack_shortlink":"https:\/\/wp.me\/p9xSLL-rT","jetpack_sharing_enabled":true,"_links":{"self":[{"href":"https:\/\/www.notebook.hu\/blog\/wp-json\/wp\/v2\/posts\/1729","targetHints":{"allow":["GET"]}}],"collection":[{"href":"https:\/\/www.notebook.hu\/blog\/wp-json\/wp\/v2\/posts"}],"about":[{"href":"https:\/\/www.notebook.hu\/blog\/wp-json\/wp\/v2\/types\/post"}],"author":[{"embeddable":true,"href":"https:\/\/www.notebook.hu\/blog\/wp-json\/wp\/v2\/users\/1"}],"replies":[{"embeddable":true,"href":"https:\/\/www.notebook.hu\/blog\/wp-json\/wp\/v2\/comments?post=1729"}],"version-history":[{"count":1,"href":"https:\/\/www.notebook.hu\/blog\/wp-json\/wp\/v2\/posts\/1729\/revisions"}],"predecessor-version":[{"id":1731,"href":"https:\/\/www.notebook.hu\/blog\/wp-json\/wp\/v2\/posts\/1729\/revisions\/1731"}],"wp:featuredmedia":[{"embeddable":true,"href":"https:\/\/www.notebook.hu\/blog\/wp-json\/wp\/v2\/media\/1730"}],"wp:attachment":[{"href":"https:\/\/www.notebook.hu\/blog\/wp-json\/wp\/v2\/media?parent=1729"}],"wp:term":[{"taxonomy":"category","embeddable":true,"href":"https:\/\/www.notebook.hu\/blog\/wp-json\/wp\/v2\/categories?post=1729"},{"taxonomy":"post_tag","embeddable":true,"href":"https:\/\/www.notebook.hu\/blog\/wp-json\/wp\/v2\/tags?post=1729"}],"curies":[{"name":"wp","href":"https:\/\/api.w.org\/{rel}","templated":true}]}}