{"id":1697,"date":"2017-02-24T09:31:31","date_gmt":"2017-02-24T08:31:31","guid":{"rendered":"http:\/\/www.notebook.hu\/blog\/?p=1697"},"modified":"2017-02-24T09:31:31","modified_gmt":"2017-02-24T08:31:31","slug":"rugalmas-es-olcso-lcd-kijelzok-2018-as-igeret","status":"publish","type":"post","link":"https:\/\/www.notebook.hu\/blog\/rugalmas-es-olcso-lcd-kijelzok-2018-as-igeret\/","title":{"rendered":"Rugalmas \u00e9s olcs\u00f3 LCD kijelz\u0151k &#8211; 2018-as \u00edg\u00e9ret"},"content":{"rendered":"<p>&nbsp;<\/p>\n<p><strong>Olykor csak k\u00f6rben\u00e9z\u00fcnk \u00e9s el\u00e1mulunk. Mennyi minden v\u00e1ltozott az elm\u00falt 20, 10, de ak\u00e1r 5 \u00e9vben! Nem is olyan r\u00e9gen m\u00e9g fekete-feh\u00e9r kijelz\u0151s telefonokat tartottunk a kez\u00fcnkben. Ha akkor meghalljuk azt a sz\u00f3t, hogy okostelefon, el sem tudjuk k\u00e9pzelni, hogy az meg mi. <\/strong><\/p>\n<p>Nap mint nap \u00fajdons\u00e1gokkal, fejleszt\u00e9sekkel tal\u00e1ljuk szembe magunkat. El tudod k\u00e9pzelni, mi lesz 2 \u00e9v m\u00falva? Esetleg 5? A tov\u00e1bbiakban egy jap\u00e1n c\u00e9g 2018-as \u00edg\u00e9ret\u00e9r\u0151l lesz sz\u00f3.<\/p>\n<p>A hajl\u00edtott kijelz\u0151 nem sz\u00e1m\u00edt \u00fajdons\u00e1gnak, az LG \u00e9s a Samsung is k\u00eds\u00e9rletezett m\u00e1r vele. A Japan Display azonban az eddigi v\u00edvm\u00e1nyokat tov\u00e1bbgondolva nem egyszer\u0171en hajl\u00edtott, hanem rugalmas kijelz\u0151ket \u00edg\u00e9r 2018-ra.<\/p>\n<p>Tal\u00e1n els\u0151 olvas\u00e1sra nem t\u0171nik ismer\u0151snek a c\u00e9g neve, de el kell \u00e1rulnunk, hogy az Apple \u00e9s a Huawei egy jap\u00e1n sz\u00e1ll\u00edt\u00f3j\u00e1r\u00f3l van sz\u00f3.<\/p>\n<p>A piacon hatalmas a verseny, azonban ha a Japan Display teljes\u00edti az \u00edg\u00e9ret\u00e9t, miszerint a kijelz\u0151k olcs\u00f3k lesznek, mindenk\u00e9pp nyeregben marad.<\/p>\n<p>Ahogy \u00edr\u00e1sunk elej\u00e9n m\u00e1r eml\u00edtett\u00fck, k\u00e9t gy\u00e1rt\u00f3 m\u00e1r kac\u00e9rkodott a hajl\u00edtott kijelz\u0151k \u00f6tlet\u00e9vel, s\u0151t, meg is val\u00f3s\u00edtotta a terveket.<\/p>\n<p>A Samsung legextr\u00e9mebb k\u00e9perny\u0151j\u0171 modellj\u00e9t \u00fagy h\u00edvj\u00e1k: Samsung Galaxy Round. Az LG-t\u0151l is ismer\u00fcnk rugalmas kijelz\u0151s okostelefont, m\u00e9ghozz\u00e1 a Flexet.<\/p>\n<p>A Japan Display anyagk\u00f6lts\u00e9g cs\u00f6kkent\u00e9s\u00e9vel tenn\u00e9 el\u00e9rhet\u0151v\u00e9 a fogyaszt\u00f3k sz\u00e1m\u00e1ra a rugalmas LCD kijelz\u0151ket, azaz \u00fcveg helyett m\u0171anyagot haszn\u00e1lna.<\/p>\n<p><strong>Olcs\u00f3 term\u00e9k, melynek m\u00e9gis sok forr\u00e1sra van sz\u00fcks\u00e9ge<\/strong><\/p>\n<p>A Japan Display nem csup\u00e1n okostelefonokhoz, hanem laptopokhoz, s\u0151t, j\u00e1rm\u0171vek eszk\u00f6zeihez is k\u00e9sz\u00edtene rugalmas kijelz\u0151ket, a Wall Street Journal azonban meglehet\u0151sen bizalmatlan a t\u00e9m\u00e1val kapcsolatban, hiszen a lap szerint a jap\u00e1n c\u00e9g nem rendelkezik a fejleszt\u00e9s megval\u00f3s\u00edt\u00e1s\u00e1hoz sz\u00fcks\u00e9ges alappal.<\/p>\n<p>Ennek ellen\u00e9re, az \u00e1zsiai c\u00e9g \u00e1ll\u00edt\u00e1sa szerint m\u00e1r sz\u00e1mos okostelefont gy\u00e1rt\u00f3 c\u00e9ggel k\u00f6t\u00f6tt meg\u00e1llapod\u00e1st \u00e9s a j\u00f6v\u0151ben sz\u00e1mos rugalmas k\u00e9perny\u0151j\u0171 modell lesz jelen a piacon.<\/p>\n","protected":false},"excerpt":{"rendered":"<p>&nbsp; Olykor csak k\u00f6rben\u00e9z\u00fcnk \u00e9s el\u00e1mulunk. Mennyi minden v\u00e1ltozott az elm\u00falt 20, 10, de ak\u00e1r 5 \u00e9vben! Nem is olyan r\u00e9gen m\u00e9g fekete-feh\u00e9r kijelz\u0151s telefonokat tartottunk a kez\u00fcnkben. Ha akkor meghalljuk azt a sz\u00f3t, hogy okostelefon, el sem tudjuk k\u00e9pzelni, hogy az meg mi. Nap mint nap \u00fajdons\u00e1gokkal, fejleszt\u00e9sekkel tal\u00e1ljuk szembe magunkat. El tudod k\u00e9pzelni, &hellip;<\/p>\n","protected":false},"author":1,"featured_media":1698,"comment_status":"closed","ping_status":"open","sticky":false,"template":"","format":"standard","meta":{"_jetpack_memberships_contains_paid_content":false,"footnotes":""},"categories":[42],"tags":[44,47],"class_list":["post-1697","post","type-post","status-publish","format-standard","has-post-thumbnail","","category-cikkek","tag-notebook-laptop","tag-okostelefon-mobiltelefon"],"jetpack_featured_media_url":"https:\/\/www.notebook.hu\/blog\/wp-content\/uploads\/2017\/02\/04_2.jpg","jetpack_shortlink":"https:\/\/wp.me\/p9xSLL-rn","jetpack_sharing_enabled":true,"_links":{"self":[{"href":"https:\/\/www.notebook.hu\/blog\/wp-json\/wp\/v2\/posts\/1697","targetHints":{"allow":["GET"]}}],"collection":[{"href":"https:\/\/www.notebook.hu\/blog\/wp-json\/wp\/v2\/posts"}],"about":[{"href":"https:\/\/www.notebook.hu\/blog\/wp-json\/wp\/v2\/types\/post"}],"author":[{"embeddable":true,"href":"https:\/\/www.notebook.hu\/blog\/wp-json\/wp\/v2\/users\/1"}],"replies":[{"embeddable":true,"href":"https:\/\/www.notebook.hu\/blog\/wp-json\/wp\/v2\/comments?post=1697"}],"version-history":[{"count":1,"href":"https:\/\/www.notebook.hu\/blog\/wp-json\/wp\/v2\/posts\/1697\/revisions"}],"predecessor-version":[{"id":1699,"href":"https:\/\/www.notebook.hu\/blog\/wp-json\/wp\/v2\/posts\/1697\/revisions\/1699"}],"wp:featuredmedia":[{"embeddable":true,"href":"https:\/\/www.notebook.hu\/blog\/wp-json\/wp\/v2\/media\/1698"}],"wp:attachment":[{"href":"https:\/\/www.notebook.hu\/blog\/wp-json\/wp\/v2\/media?parent=1697"}],"wp:term":[{"taxonomy":"category","embeddable":true,"href":"https:\/\/www.notebook.hu\/blog\/wp-json\/wp\/v2\/categories?post=1697"},{"taxonomy":"post_tag","embeddable":true,"href":"https:\/\/www.notebook.hu\/blog\/wp-json\/wp\/v2\/tags?post=1697"}],"curies":[{"name":"wp","href":"https:\/\/api.w.org\/{rel}","templated":true}]}}