{"id":1694,"date":"2017-02-21T09:00:58","date_gmt":"2017-02-21T08:00:58","guid":{"rendered":"http:\/\/www.notebook.hu\/blog\/?p=1694"},"modified":"2017-02-24T09:28:54","modified_gmt":"2017-02-24T08:28:54","slug":"a-jovo-okostelefonja-hologram-es-egyedi-forma","status":"publish","type":"post","link":"https:\/\/www.notebook.hu\/blog\/a-jovo-okostelefonja-hologram-es-egyedi-forma\/","title":{"rendered":"A j\u00f6v\u0151 okostelefonja? &#8211; Hologram \u00e9s egyedi forma"},"content":{"rendered":"<p>&nbsp;<\/p>\n<p><strong>Philippe Starck az egyik legfontosabb ipari tervez\u0151. Hogy ezt minek k\u00f6sz\u00f6nheti? Annak, hogy munk\u00e1i egyszerre praktikusak \u00e9s eszt\u00e9tikusak. Nem csup\u00e1n \u00e9p\u00fcletek, hanem t\u00e1rgyak tervez\u00e9s\u00e9vel is foglalkozik. Ha eddig m\u00e9g nem ugrott volna be, kir\u0151l is van sz\u00f3, akkor csak annyit mondan\u00e1nk, hogy a Xiaomi Mi Mix atyj\u00e1r\u00f3l.<\/strong><\/p>\n<p>Most Starck Jerome Olivettel, egy m\u00e1sik n\u00e9pszer\u0171 szakmabelivel alkotott \u00fajat, legal\u00e1bbis elm\u00e9letben. Megmutatj\u00e1k, hogy v\u00e9lem\u00e9ny\u00fck szerint milyen lesz a j\u00f6v\u0151 okostelefonja. Az eredm\u00e9ny meglep\u0151 \u00e9s drasztikus, hiszen szak\u00edt a megszokottal: nincs \u00e9rint\u0151k\u00e9perny\u0151, ehelyett viszont van hologram.<\/p>\n<p><strong>ALO<\/strong><\/p>\n<p>Starck Mi Mixe annak idej\u00e9n az eg\u00e9sz vil\u00e1gon tarolt, hiszen ez a modell volt az els\u0151 olyan eszk\u00f6z a vil\u00e1gon, melynek k\u00e9perny\u0151je m\u00e1r 91%-ban lefedte az el\u0151lapot.<\/p>\n<p>\u00c9pp ez\u00e9rt meglep\u0151 lehet, hogy Starck nem t\u00e1mogatja az \u00e9rint\u0151k\u00e9perny\u0151k ir\u00e1nyzat\u00e1t. Ezt azzal indokolja, hogy a k\u00e9sz\u00fcl\u00e9kek form\u00e1ja nem praktikus, r\u00e1ad\u00e1sul a tervez\u0151k kreativit\u00e1s\u00e1t is megk\u00f6ti.<\/p>\n<p>Starck leg\u00fajabb \u00f6tlete, az ALO egyben a tervez\u0151 \u00e1ll\u00e1sfoglal\u00e1sa is. A tervek szerint egy olyan hossz\u00fak\u00e1s eszk\u00f6zr\u0151l van sz\u00f3, mely k\u00e9nyelmesen simul a k\u00e9zbe. Az ALO hologramot vet\u00edtene k\u00fcl\u00f6nf\u00e9le fel\u00fcletekre.<\/p>\n<p>Vide\u00f3kat n\u00e9zhetn\u00e9nk, h\u00edreket, \u00fczeneteket olvasn\u00e1nk, azaz b\u00e1rmit csin\u00e1lhatn\u00e1nk a k\u00e9sz\u00fcl\u00e9kkel, mint amit eddig megszoktunk az okostelefonokt\u00f3l. A k\u00fcl\u00f6nbs\u00e9g az, hogy mindezt 3D-ben, hologrammal.<\/p>\n<p>A telefont r\u00e1ad\u00e1sul hangvez\u00e9rl\u00e9ssel ir\u00e1ny\u00edthatn\u00e1nk, ez pedig sokak sz\u00e1m\u00e1ra nagyon j\u00f3l j\u00f6n. mindenkinek van legal\u00e1bb egy olyan bar\u00e1tja, aki nem igaz\u00e1n v\u00e1laszol az \u00fczenetekre \u00e9s ezt azzal indokolja, hogy lusta \u00edrni.<\/p>\n<p>Ami a kamer\u00e1t illeti, \u00fagy \u00e9rz\u00e9keln\u00e9 a k\u00fclvil\u00e1got, mint egy emberi szem, azaz k\u00e9pes lenne t\u00e1rgyak, helyek, helyzetek, szem\u00e9lyek, s\u0151t, sz\u00f6vegek felismer\u00e9s\u00e9re is.<\/p>\n<p>Kinek j\u00f6tt meg a kedve a j\u00f6v\u0151 okostelefonj\u00e1hoz? Starck szerint nem kell sokat v\u00e1rni.<\/p>\n","protected":false},"excerpt":{"rendered":"<p>&nbsp; Philippe Starck az egyik legfontosabb ipari tervez\u0151. Hogy ezt minek k\u00f6sz\u00f6nheti? Annak, hogy munk\u00e1i egyszerre praktikusak \u00e9s eszt\u00e9tikusak. Nem csup\u00e1n \u00e9p\u00fcletek, hanem t\u00e1rgyak tervez\u00e9s\u00e9vel is foglalkozik. Ha eddig m\u00e9g nem ugrott volna be, kir\u0151l is van sz\u00f3, akkor csak annyit mondan\u00e1nk, hogy a Xiaomi Mi Mix atyj\u00e1r\u00f3l. Most Starck Jerome Olivettel, egy m\u00e1sik n\u00e9pszer\u0171 &hellip;<\/p>\n","protected":false},"author":1,"featured_media":1695,"comment_status":"closed","ping_status":"open","sticky":false,"template":"","format":"standard","meta":{"_jetpack_memberships_contains_paid_content":false,"footnotes":""},"categories":[42],"tags":[47],"class_list":["post-1694","post","type-post","status-publish","format-standard","has-post-thumbnail","","category-cikkek","tag-okostelefon-mobiltelefon"],"jetpack_featured_media_url":"https:\/\/www.notebook.hu\/blog\/wp-content\/uploads\/2017\/02\/04_1.jpg","jetpack_shortlink":"https:\/\/wp.me\/p9xSLL-rk","jetpack_sharing_enabled":true,"_links":{"self":[{"href":"https:\/\/www.notebook.hu\/blog\/wp-json\/wp\/v2\/posts\/1694","targetHints":{"allow":["GET"]}}],"collection":[{"href":"https:\/\/www.notebook.hu\/blog\/wp-json\/wp\/v2\/posts"}],"about":[{"href":"https:\/\/www.notebook.hu\/blog\/wp-json\/wp\/v2\/types\/post"}],"author":[{"embeddable":true,"href":"https:\/\/www.notebook.hu\/blog\/wp-json\/wp\/v2\/users\/1"}],"replies":[{"embeddable":true,"href":"https:\/\/www.notebook.hu\/blog\/wp-json\/wp\/v2\/comments?post=1694"}],"version-history":[{"count":1,"href":"https:\/\/www.notebook.hu\/blog\/wp-json\/wp\/v2\/posts\/1694\/revisions"}],"predecessor-version":[{"id":1696,"href":"https:\/\/www.notebook.hu\/blog\/wp-json\/wp\/v2\/posts\/1694\/revisions\/1696"}],"wp:featuredmedia":[{"embeddable":true,"href":"https:\/\/www.notebook.hu\/blog\/wp-json\/wp\/v2\/media\/1695"}],"wp:attachment":[{"href":"https:\/\/www.notebook.hu\/blog\/wp-json\/wp\/v2\/media?parent=1694"}],"wp:term":[{"taxonomy":"category","embeddable":true,"href":"https:\/\/www.notebook.hu\/blog\/wp-json\/wp\/v2\/categories?post=1694"},{"taxonomy":"post_tag","embeddable":true,"href":"https:\/\/www.notebook.hu\/blog\/wp-json\/wp\/v2\/tags?post=1694"}],"curies":[{"name":"wp","href":"https:\/\/api.w.org\/{rel}","templated":true}]}}