{"id":1688,"date":"2017-02-16T09:00:27","date_gmt":"2017-02-16T08:00:27","guid":{"rendered":"http:\/\/www.notebook.hu\/blog\/?p=1688"},"modified":"2017-02-13T10:53:48","modified_gmt":"2017-02-13T09:53:48","slug":"a-galaxy-note-7-keszulekek-4-at-meg-nem-kapta-vissza-a-gyarto-drasztikus-intezkedesek","status":"publish","type":"post","link":"https:\/\/www.notebook.hu\/blog\/a-galaxy-note-7-keszulekek-4-at-meg-nem-kapta-vissza-a-gyarto-drasztikus-intezkedesek\/","title":{"rendered":"A Galaxy Note 7 k\u00e9sz\u00fcl\u00e9kek 4%-\u00e1t m\u00e9g nem kapta vissza a gy\u00e1rt\u00f3 &#8211; Drasztikus int\u00e9zked\u00e9sek"},"content":{"rendered":"<p>&nbsp;<\/p>\n<p><strong>B\u00e1r \u00fagy t\u0171nik, hogy a Galaxy Note 7 v\u00e1ls\u00e1g\u00e1t tudj\u00e1k kezelni, a val\u00f3s\u00e1g az, hogy a k\u00e9sz\u00fcl\u00e9kek 4%-\u00e1t m\u00e9g mindig nem kapta vissza a gy\u00e1rt\u00f3. Janu\u00e1r 10-\u00e9n a Samsung kijelentette, hogy eg\u00e9szen addig a visszah\u00edvott k\u00e9sz\u00fcl\u00e9kek 96%-\u00e1t kapt\u00e1k vissza \u00e9s itt az ideje, hogy \u00fajfajta int\u00e9zked\u00e9seket hozzanak annak \u00e9rdek\u00e9ben, hogy senki se haszn\u00e1lja a vesz\u00e9lyes telefont.<\/strong><\/p>\n<p>Mi\u00f3ta a gy\u00e1rt\u00f3 bejelentette a Galaxy Note 7 k\u00e9sz\u00fcl\u00e9kek visszah\u00edv\u00e1s\u00e1t, egy\u00fcttm\u0171k\u00f6d\u00f6tt a k\u00fcl\u00f6nf\u00e9le telefonos szolg\u00e1ltat\u00f3kkal \u00e9s korm\u00e1nyokkal. Korl\u00e1tozt\u00e1k az eszk\u00f6z\u00f6k funkci\u00f3it \u00e9s speci\u00e1lis prom\u00f3ci\u00f3kat aj\u00e1nlottak azok sz\u00e1m\u00e1ra, akik visszaadt\u00e1k a k\u00e9sz\u00fcl\u00e9ket. Mindez nem volt elegend\u0151 ahhoz, hogy a Samsung visszakapja a Galaxy Note 7 telefonok 100%-\u00e1t, \u00edgy m\u00e1s megold\u00e1st kell keresni.<\/p>\n<p><strong>Korl\u00e1tozott h\u00edv\u00e1sok, \u00fczenetek \u00e9s adatforgalom<\/strong><\/p>\n<p>Mi\u00f3ta a Samsung elind\u00edtotta akci\u00f3j\u00e1t, melynek c\u00e9lja a vesz\u00e9lyes k\u00e9sz\u00fcl\u00e9kek visszah\u00edv\u00e1sa volt, k\u00fcl\u00f6nf\u00e9le int\u00e9zked\u00e9sekr\u0151l hallhattunk: visszat\u00e9r\u00edt\u00e9sek, garancia elveszt\u00e9se, s\u0151t, a gy\u00e1rt\u00f3 egyeseknek m\u00e9g t\u00e1mogat\u00e1st is biztos\u00edtott \u00faj okostelefon v\u00e1s\u00e1rl\u00e1s\u00e1ra. Azok a Note 7 tulajdonosok, akik eddig nem l\u00e9ptek, \u00fagy t\u0171nik, nem is fognak, \u00edgy a Samsungnak drasztikusabb megold\u00e1sokhoz kell ny\u00falnia.<\/p>\n<p>A d\u00e9l-koreai v\u00e1llalat egyik legfrissebb int\u00e9zked\u00e9se egy olyan friss\u00edt\u00e9s volt, mely megakad\u00e1lyozta az akkumul\u00e1tor t\u00f6lt\u00e9s\u00e9t. Azt hitt\u00e9k, \u00edgy m\u00e1r val\u00f3ban minden k\u00e9sz\u00fcl\u00e9k a kez\u00fckben lehet v\u00e9gre, de kider\u00fclt, hogy a felhaszn\u00e1l\u00f3k sikeresen elker\u00fclt\u00e9k az eml\u00edtett friss\u00edt\u00e9seket.<\/p>\n<p>A Verizon szolg\u00e1ltat\u00f3 meger\u0151s\u00edtette, hogy az Egyes\u00fclt \u00c1llamokban sz\u00e1mos \u00fcgyfele haszn\u00e1l Note 7 okostelefont mind a mai napig. 2017. janu\u00e1r 18-t\u00f3l kezdve azonban minden olyan kimen\u0151 h\u00edv\u00e1st, mely nem v\u00e9szh\u00edv\u00e1s, a Verizon \u00fcgyf\u00e9lszolg\u00e1lat\u00e1ra ir\u00e1ny\u00edtanak \u00e1t.<\/p>\n<p>Az USA mellett Ausztr\u00e1li\u00e1ban \u00e9s \u00daj-Z\u00e9landon is drasztikus int\u00e9zked\u00e9seket hoznak a k\u00e9sz\u00fcl\u00e9kek visszah\u00edv\u00e1sa \u00e9rdek\u00e9ben. Ezekben a r\u00e9gi\u00f3kban a Samsung el\u00e9rte, hogy 2016. december 15-t\u0151l a Galaxy Note 7 k\u00e9sz\u00fcl\u00e9kek sz\u00e1m\u00e1ra ne biztos\u00edtsanak mobil h\u00e1l\u00f3zatot, \u00edgy az egyetlen (\u00e9s rendk\u00edv\u00fcl k\u00e9nyelmetlen) megold\u00e1s a kommunik\u00e1ci\u00f3ra az, ha a felhaszn\u00e1l\u00f3 tal\u00e1l WiFi-t a k\u00f6zelben.<\/p>\n","protected":false},"excerpt":{"rendered":"<p>&nbsp; B\u00e1r \u00fagy t\u0171nik, hogy a Galaxy Note 7 v\u00e1ls\u00e1g\u00e1t tudj\u00e1k kezelni, a val\u00f3s\u00e1g az, hogy a k\u00e9sz\u00fcl\u00e9kek 4%-\u00e1t m\u00e9g mindig nem kapta vissza a gy\u00e1rt\u00f3. Janu\u00e1r 10-\u00e9n a Samsung kijelentette, hogy eg\u00e9szen addig a visszah\u00edvott k\u00e9sz\u00fcl\u00e9kek 96%-\u00e1t kapt\u00e1k vissza \u00e9s itt az ideje, hogy \u00fajfajta int\u00e9zked\u00e9seket hozzanak annak \u00e9rdek\u00e9ben, hogy senki se haszn\u00e1lja a &hellip;<\/p>\n","protected":false},"author":1,"featured_media":1689,"comment_status":"closed","ping_status":"open","sticky":false,"template":"","format":"standard","meta":{"_jetpack_memberships_contains_paid_content":false,"footnotes":""},"categories":[42],"tags":[47],"class_list":["post-1688","post","type-post","status-publish","format-standard","has-post-thumbnail","","category-cikkek","tag-okostelefon-mobiltelefon"],"jetpack_featured_media_url":"https:\/\/www.notebook.hu\/blog\/wp-content\/uploads\/2017\/02\/03_2.jpg","jetpack_shortlink":"https:\/\/wp.me\/p9xSLL-re","jetpack_sharing_enabled":true,"_links":{"self":[{"href":"https:\/\/www.notebook.hu\/blog\/wp-json\/wp\/v2\/posts\/1688","targetHints":{"allow":["GET"]}}],"collection":[{"href":"https:\/\/www.notebook.hu\/blog\/wp-json\/wp\/v2\/posts"}],"about":[{"href":"https:\/\/www.notebook.hu\/blog\/wp-json\/wp\/v2\/types\/post"}],"author":[{"embeddable":true,"href":"https:\/\/www.notebook.hu\/blog\/wp-json\/wp\/v2\/users\/1"}],"replies":[{"embeddable":true,"href":"https:\/\/www.notebook.hu\/blog\/wp-json\/wp\/v2\/comments?post=1688"}],"version-history":[{"count":1,"href":"https:\/\/www.notebook.hu\/blog\/wp-json\/wp\/v2\/posts\/1688\/revisions"}],"predecessor-version":[{"id":1690,"href":"https:\/\/www.notebook.hu\/blog\/wp-json\/wp\/v2\/posts\/1688\/revisions\/1690"}],"wp:featuredmedia":[{"embeddable":true,"href":"https:\/\/www.notebook.hu\/blog\/wp-json\/wp\/v2\/media\/1689"}],"wp:attachment":[{"href":"https:\/\/www.notebook.hu\/blog\/wp-json\/wp\/v2\/media?parent=1688"}],"wp:term":[{"taxonomy":"category","embeddable":true,"href":"https:\/\/www.notebook.hu\/blog\/wp-json\/wp\/v2\/categories?post=1688"},{"taxonomy":"post_tag","embeddable":true,"href":"https:\/\/www.notebook.hu\/blog\/wp-json\/wp\/v2\/tags?post=1688"}],"curies":[{"name":"wp","href":"https:\/\/api.w.org\/{rel}","templated":true}]}}