{"id":1685,"date":"2017-02-13T10:47:11","date_gmt":"2017-02-13T09:47:11","guid":{"rendered":"http:\/\/www.notebook.hu\/blog\/?p=1685"},"modified":"2017-02-13T10:47:11","modified_gmt":"2017-02-13T09:47:11","slug":"a-google-okosorai-az-lg-gyartmanyokat-februar-9-en-mutattak-be","status":"publish","type":"post","link":"https:\/\/www.notebook.hu\/blog\/a-google-okosorai-az-lg-gyartmanyokat-februar-9-en-mutattak-be\/","title":{"rendered":"A Google okos\u00f3r\u00e1i &#8211; Az LG gy\u00e1rtm\u00e1nyokat febru\u00e1r 9-\u00e9n mutatt\u00e1k be"},"content":{"rendered":"<p>&nbsp;<\/p>\n<p><strong>2016 m\u00e1sodik fel\u00e9ben m\u00e1r sz\u00e1rnyra kaptak h\u00edresztel\u00e9sek a Google okos\u00f3r\u00e1ira vonatkoz\u00f3an, de csak a m\u00falt \u00e9v utols\u00f3 napjaiban er\u0151s\u00edtett\u00e9k meg a h\u00edrt, miszerint 2017 elej\u00e9n piacra dobj\u00e1k a term\u00e9keket.<\/strong><\/p>\n<p>Hogy mit lehet tudni eddig a Google okos\u00f3r\u00e1ir\u00f3l? Azt, hogy LG gy\u00e1rtm\u00e1nyok. Olyan egy\u00fcttm\u0171k\u00f6d\u00e9s ez, mint a Nexus \u00e9s a Pixel \u00f6sszedolgoz\u00e1sa a HTC-vel.<\/p>\n<p><strong>LG Watch Sport \u00e9s LG Watch Style<\/strong><\/p>\n<p>Mindk\u00e9t k\u00e9sz\u00fcl\u00e9ket febru\u00e1r 9-\u00e9n mutatj\u00e1k be, \u00e9s az azt k\u00f6vet\u0151 napt\u00f3l az Egyes\u00fclt \u00c1llamokban m\u00e1r meg is lehet \u0151ket v\u00e1s\u00e1rolni.<\/p>\n<p>Ahogy m\u00e1r kor\u00e1bban eml\u00edtett\u00fck, az eml\u00edtett okos\u00f3r\u00e1kat az LG gy\u00e1rtja \u00e9s \u00e9rdekess\u00e9g, hogy elnevez\u00e9s\u00fckben ezen m\u00e1rka neve \u00e9s nem a Google-\u00e9 szerepel.<\/p>\n<p>De t\u00e9rj\u00fcnk csak a r\u00e9szletekre! \u00dagy t\u0171nik, a Watch Sport cs\u00facsk\u00e9sz\u00fcl\u00e9k lesz, mivel m\u00e9reteiben, jellemz\u0151iben \u00e9s funkci\u00f3iban is a Watch Style el\u0151tt v\u00e9gez a list\u00e1n. A tit\u00e1n \u00e9s s\u00f6t\u00e9tk\u00e9k sz\u00edn\u0171 Watch Sport 14,2 mm-es vastags\u00e1g\u00fa lesz, m\u00edg a Style-t tit\u00e1n-ez\u00fcst \u00e9s arany-r\u00f3zsasz\u00edn sz\u00ednekben, 10,8 mm-es vastags\u00e1ggal szerezhetik be a v\u00e1s\u00e1rl\u00f3k.<\/p>\n<p>Nem meglep\u0151, hogy mindk\u00e9t modell \u00e9rint\u0151k\u00e9perny\u0151s lesz \u00e9s m\u00edg a Sport kijelz\u0151je 1,38 h\u00fcvelykes 480&#215;480 pixeles, addig a Style-\u00e9 1,2 h\u00fcvelykes, 360&#215;360 pixeles.<\/p>\n<p>Mindk\u00e9t k\u00fcty\u00fc 4 GB bels\u0151 t\u00e1rhellyel sz\u00e1mol majd. A Sport tulajdonosai 768 MB RAM-mal \u00e9s 430 mAh-s aksival, m\u00edg a Style felhaszn\u00e1l\u00f3i 512 RAM-mal \u00e9s 240 mAh-s akkumul\u00e1torral gazd\u00e1lkodhatnak.<\/p>\n<p>Mindk\u00e9t okos\u00f3ra sz\u00e1mol majd Android Wear 2.0-val, WiFi-hez val\u00f3 kapcsol\u00f3d\u00e1si lehet\u0151s\u00e9ggel, Bluetooth-szal \u00e9s Google Assistanttel is. A Sportot haszn\u00e1lva ak\u00e1r mobilnetezhet\u00fcnk is, s\u0151t a GPS is rendelkez\u00e9s\u00fcnkre \u00e1ll.<\/p>\n<p>Az okos\u00f3r\u00e1k iOS rendszerrel is kompatibilisek lesznek, valamint mindk\u00e9t modell por- \u00e9s v\u00edz\u00e1ll\u00f3. Emellett a Sport IP68 tan\u00fas\u00edtv\u00e1nnyal, m\u00edg a Style IP67-tel sz\u00e1mol majd.<\/p>\n<p>\u00c9s hogy mit\u0151l Sport a Sport? P\u00e9ld\u00e1ul att\u00f3l, hogy be\u00e9p\u00edtett pulzusm\u00e9r\u0151t is tartalmaz, \u00edgy nem kell felt\u00e9tlen\u00fcl magunkkal vinn\u00fcnk okostelefonunkat, ha futni megy\u00fcnk.<\/p>\n<p>M\u00e1r csak arra vagyunk k\u00edv\u00e1ncsiak, hogy fognak kin\u00e9zni az \u00fajdons\u00e1gok \u00e9s arra, hogy mikor \u00e9s milyen \u00e1ron lesznek kaphat\u00f3ak az Egyes\u00fclt \u00c1llamokon k\u00edv\u00fcl.<\/p>\n","protected":false},"excerpt":{"rendered":"<p>&nbsp; 2016 m\u00e1sodik fel\u00e9ben m\u00e1r sz\u00e1rnyra kaptak h\u00edresztel\u00e9sek a Google okos\u00f3r\u00e1ira vonatkoz\u00f3an, de csak a m\u00falt \u00e9v utols\u00f3 napjaiban er\u0151s\u00edtett\u00e9k meg a h\u00edrt, miszerint 2017 elej\u00e9n piacra dobj\u00e1k a term\u00e9keket. Hogy mit lehet tudni eddig a Google okos\u00f3r\u00e1ir\u00f3l? Azt, hogy LG gy\u00e1rtm\u00e1nyok. Olyan egy\u00fcttm\u0171k\u00f6d\u00e9s ez, mint a Nexus \u00e9s a Pixel \u00f6sszedolgoz\u00e1sa a HTC-vel. LG &hellip;<\/p>\n","protected":false},"author":1,"featured_media":1686,"comment_status":"closed","ping_status":"open","sticky":false,"template":"","format":"standard","meta":{"_jetpack_memberships_contains_paid_content":false,"footnotes":""},"categories":[42],"tags":[75],"class_list":["post-1685","post","type-post","status-publish","format-standard","has-post-thumbnail","","category-cikkek","tag-okosora"],"jetpack_featured_media_url":"https:\/\/www.notebook.hu\/blog\/wp-content\/uploads\/2017\/02\/03_1.jpg","jetpack_shortlink":"https:\/\/wp.me\/p9xSLL-rb","jetpack_sharing_enabled":true,"_links":{"self":[{"href":"https:\/\/www.notebook.hu\/blog\/wp-json\/wp\/v2\/posts\/1685","targetHints":{"allow":["GET"]}}],"collection":[{"href":"https:\/\/www.notebook.hu\/blog\/wp-json\/wp\/v2\/posts"}],"about":[{"href":"https:\/\/www.notebook.hu\/blog\/wp-json\/wp\/v2\/types\/post"}],"author":[{"embeddable":true,"href":"https:\/\/www.notebook.hu\/blog\/wp-json\/wp\/v2\/users\/1"}],"replies":[{"embeddable":true,"href":"https:\/\/www.notebook.hu\/blog\/wp-json\/wp\/v2\/comments?post=1685"}],"version-history":[{"count":1,"href":"https:\/\/www.notebook.hu\/blog\/wp-json\/wp\/v2\/posts\/1685\/revisions"}],"predecessor-version":[{"id":1687,"href":"https:\/\/www.notebook.hu\/blog\/wp-json\/wp\/v2\/posts\/1685\/revisions\/1687"}],"wp:featuredmedia":[{"embeddable":true,"href":"https:\/\/www.notebook.hu\/blog\/wp-json\/wp\/v2\/media\/1686"}],"wp:attachment":[{"href":"https:\/\/www.notebook.hu\/blog\/wp-json\/wp\/v2\/media?parent=1685"}],"wp:term":[{"taxonomy":"category","embeddable":true,"href":"https:\/\/www.notebook.hu\/blog\/wp-json\/wp\/v2\/categories?post=1685"},{"taxonomy":"post_tag","embeddable":true,"href":"https:\/\/www.notebook.hu\/blog\/wp-json\/wp\/v2\/tags?post=1685"}],"curies":[{"name":"wp","href":"https:\/\/api.w.org\/{rel}","templated":true}]}}