{"id":1679,"date":"2017-02-09T10:00:19","date_gmt":"2017-02-09T09:00:19","guid":{"rendered":"http:\/\/www.notebook.hu\/blog\/?p=1679"},"modified":"2017-02-06T10:11:15","modified_gmt":"2017-02-06T09:11:15","slug":"nokia-6-az-egykori-legnepszerubb-marka-feltamadasa","status":"publish","type":"post","link":"https:\/\/www.notebook.hu\/blog\/nokia-6-az-egykori-legnepszerubb-marka-feltamadasa\/","title":{"rendered":"Nokia 6 &#8211; Az egykori legn\u00e9pszer\u0171bb m\u00e1rka felt\u00e1mad\u00e1sa"},"content":{"rendered":"<p>&nbsp;<\/p>\n<p><strong>2017. janu\u00e1r 8-\u00e1n sz\u00e1mos pletyka \u00e9s tal\u00e1lgat\u00e1s ut\u00e1n v\u00e9gre hivataloss\u00e1 v\u00e1lt: a Nokia felt\u00e1mad. A HMD Global Oy (HMD), a finnorsz\u00e1gi sz\u00e9khely\u0171 c\u00e9g lesz a felel\u0151s az\u00e9rt, hogy a Nokia \u00fajra a piacra l\u00e9pjen, s\u0151t, a v\u00e1llalat 10 \u00e9vig a n\u00e9v tulajdonosa is lesz. Hadd mutassuk be a Nokia 6-ot!<\/strong><\/p>\n<p>B\u00e1r egyfajta felt\u00e1mad\u00e1sr\u00f3l besz\u00e9l\u00fcnk, az\u00e9rt ez m\u00e9gsem eg\u00e9szen \u00fagy lesz, ahogyan sokan gondolj\u00e1k. A Nokia \u00faj modellje ugyanis csak K\u00edn\u00e1ban lesz el\u00e9rhet\u0151 \u00e9s eset\u00e9ben nem is besz\u00e9lhet\u00fcnk sok extr\u00e1r\u00f3l, de a HMD azt \u00edg\u00e9rte, ez csak a kezdet.<\/p>\n<p>Az a h\u00edr j\u00e1rja, hogy 2017 elej\u00e9n a m\u00e1rka m\u00e9g sz\u00e1mos eszk\u00f6zt fog piacra dobni, s\u0151t, a v\u00e1llalat kijelentette azt is, hogy a Nokia a glob\u00e1lis piacra is visszat\u00e9r.<\/p>\n<p><strong>A Nokia \u00e9s az Android k\u00f6z\u00f6s t\u00f6rt\u00e9nete<\/strong><\/p>\n<p>A HMD kiemelte, hogy a Nokia 6 k\u00e9sz\u00fcl\u00e9ke egyszer\u0171s\u00e9g\u00e9vel \u00e9s letisztult form\u00e1ival h\u00f3d\u00edt. A XXI. sz\u00e1zadban k\u00fcl\u00f6n\u00f6sen fontos a felhaszn\u00e1l\u00f3k sz\u00e1m\u00e1ra, hogy az okostelefon eszt\u00e9tikus legyen.<\/p>\n<p>A c\u00e9g elmond\u00e1sa szerint a k\u00e9sz\u00fcl\u00e9ket 55 perc alatt k\u00e9pesek elk\u00e9sz\u00edteni (ami a belsej\u00e9t illeti), a k\u00fclsej\u00e9vel m\u00e1r t\u00f6bbet kell foglalkozniuk. Az eleg\u00e1ns megjelen\u00e9s az elox\u00e1l\u00e1snak k\u00f6sz\u00f6nhet\u0151, ez pedig m\u00e1r 10 \u00f3r\u00e1t vesz ig\u00e9nybe.<\/p>\n<p>A Nokia 6 kijelz\u0151je 2.5D Gorilla Glass bevonatos, 5,5 h\u00fcvelykes \u00e9s Full HD. Ami pedig a belsej\u00e9t illeti, Qualcomm Snapdragon 430 Octa-Core-ral, 4GB RAM-mal, 64GB bels\u0151 t\u00e1rhellyel \u00e9s Android Nougat 7.0-val sz\u00e1mol. Az egyel\u0151re m\u00e9g k\u00e9rd\u00e9ses, hogy a gy\u00e1rt\u00f3 testre szabja-e a rendszert, vagy \u201etiszta\u201d Android az eredm\u00e9ny.<\/p>\n<p>\u00c9s, hogy a Nokia 6 mivel szeretne kiemelkedni a t\u00f6bbi okostelefon k\u00f6z\u00fcl? Dolby Atmos hangrendszer\u00e9vel, el\u0151lapj\u00e1n ugyanis k\u00e9t hangsz\u00f3r\u00f3t is elhelyeztek a gy\u00e1rt\u00f3k.<\/p>\n<p>A k\u00e9sz\u00fcl\u00e9k el\u0151lapi kamer\u00e1ja 16, m\u00edg h\u00e1tlapi kamer\u00e1ja 8 megapixeles.<\/p>\n<p>A HMD \u00e1ll\u00edt\u00e1sa szerint az \u00faj Nokia 6 hossz\u00fa \u00e9lettartam\u00fa akkumul\u00e1torral sz\u00e1mol, de hogy ez eg\u00e9szen pontosan, sz\u00e1mokban kifejezve mit jelent, m\u00e9g egyel\u0151re az \u0151 titkuk marad.<\/p>\n","protected":false},"excerpt":{"rendered":"<p>&nbsp; 2017. janu\u00e1r 8-\u00e1n sz\u00e1mos pletyka \u00e9s tal\u00e1lgat\u00e1s ut\u00e1n v\u00e9gre hivataloss\u00e1 v\u00e1lt: a Nokia felt\u00e1mad. A HMD Global Oy (HMD), a finnorsz\u00e1gi sz\u00e9khely\u0171 c\u00e9g lesz a felel\u0151s az\u00e9rt, hogy a Nokia \u00fajra a piacra l\u00e9pjen, s\u0151t, a v\u00e1llalat 10 \u00e9vig a n\u00e9v tulajdonosa is lesz. Hadd mutassuk be a Nokia 6-ot! B\u00e1r egyfajta felt\u00e1mad\u00e1sr\u00f3l besz\u00e9l\u00fcnk, &hellip;<\/p>\n","protected":false},"author":1,"featured_media":1680,"comment_status":"closed","ping_status":"open","sticky":false,"template":"","format":"standard","meta":{"_jetpack_memberships_contains_paid_content":false,"footnotes":""},"categories":[42],"tags":[47],"class_list":["post-1679","post","type-post","status-publish","format-standard","has-post-thumbnail","","category-cikkek","tag-okostelefon-mobiltelefon"],"jetpack_featured_media_url":"https:\/\/www.notebook.hu\/blog\/wp-content\/uploads\/2017\/02\/02_2.jpg","jetpack_shortlink":"https:\/\/wp.me\/p9xSLL-r5","jetpack_sharing_enabled":true,"_links":{"self":[{"href":"https:\/\/www.notebook.hu\/blog\/wp-json\/wp\/v2\/posts\/1679","targetHints":{"allow":["GET"]}}],"collection":[{"href":"https:\/\/www.notebook.hu\/blog\/wp-json\/wp\/v2\/posts"}],"about":[{"href":"https:\/\/www.notebook.hu\/blog\/wp-json\/wp\/v2\/types\/post"}],"author":[{"embeddable":true,"href":"https:\/\/www.notebook.hu\/blog\/wp-json\/wp\/v2\/users\/1"}],"replies":[{"embeddable":true,"href":"https:\/\/www.notebook.hu\/blog\/wp-json\/wp\/v2\/comments?post=1679"}],"version-history":[{"count":2,"href":"https:\/\/www.notebook.hu\/blog\/wp-json\/wp\/v2\/posts\/1679\/revisions"}],"predecessor-version":[{"id":1682,"href":"https:\/\/www.notebook.hu\/blog\/wp-json\/wp\/v2\/posts\/1679\/revisions\/1682"}],"wp:featuredmedia":[{"embeddable":true,"href":"https:\/\/www.notebook.hu\/blog\/wp-json\/wp\/v2\/media\/1680"}],"wp:attachment":[{"href":"https:\/\/www.notebook.hu\/blog\/wp-json\/wp\/v2\/media?parent=1679"}],"wp:term":[{"taxonomy":"category","embeddable":true,"href":"https:\/\/www.notebook.hu\/blog\/wp-json\/wp\/v2\/categories?post=1679"},{"taxonomy":"post_tag","embeddable":true,"href":"https:\/\/www.notebook.hu\/blog\/wp-json\/wp\/v2\/tags?post=1679"}],"curies":[{"name":"wp","href":"https:\/\/api.w.org\/{rel}","templated":true}]}}