{"id":1676,"date":"2017-02-06T10:08:11","date_gmt":"2017-02-06T09:08:11","guid":{"rendered":"http:\/\/www.notebook.hu\/blog\/?p=1676"},"modified":"2017-02-06T10:08:11","modified_gmt":"2017-02-06T09:08:11","slug":"okosalsonadrag-okoshajkefe-ez-nem-tulzas-egy-kicsit","status":"publish","type":"post","link":"https:\/\/www.notebook.hu\/blog\/okosalsonadrag-okoshajkefe-ez-nem-tulzas-egy-kicsit\/","title":{"rendered":"Okosals\u00f3nadr\u00e1g? Okoshajkefe?  Ez nem t\u00falz\u00e1s egy kicsit?"},"content":{"rendered":"<p>&nbsp;<\/p>\n<p><strong>Nincs egy kicsit eleged abb\u00f3l, hogy manaps\u00e1g m\u00e1r annyi minden \u201esmart\u201d? A 2017-es CES-t, azaz a Consumer Electronics Show-t Las Vegasban rendezt\u00e9k meg \u00e9s egyesek bizony meglep\u0151 \u00fajdons\u00e1gokkal rukkoltak el\u0151.<\/strong><\/p>\n<p>Mindenhol csak a smart ment: okosals\u00f3nadr\u00e1g, okosp\u00e1rna, okos\u00fcveg, okoszuhany, okosf\u00fcrd\u0151kacsa, okosfogkefe, okoste\u00e1scs\u00e9sze. A technol\u00f3gia lassan minden l\u00e9p\u00e9s\u00fcnkr\u0151l tud, \u00e9s ez kezd f\u00e1raszt\u00f3v\u00e1 v\u00e1lni.<\/p>\n<p><strong>A vil\u00e1gnak t\u00e9nyleg sz\u00fcks\u00e9ge van okoshajkef\u00e9re?<\/strong><\/p>\n<p>Manaps\u00e1g nem l\u00e9tezik olyan v\u00e1llalat, mely ne haszn\u00e1ln\u00e1 ki, hogy a XXI. sz\u00e1zadban l\u00e9tezik egy nagyon divatos sz\u00f3: a \u201esmart\u201d. M\u00e9g azok a c\u00e9gek is k\u00e9sz\u00edtenek okosak\u00e1rmit, melyeknek semmi k\u00f6z\u00fck nincs a technol\u00f3gi\u00e1hoz. J\u00f3 p\u00e9lda erre a L&#8217;Oreal.<\/p>\n<p>A francia v\u00e1llalat a Withings-szel \u00f6sszefogva alkotta meg a vil\u00e1g els\u0151 intelligens hajkef\u00e9j\u00e9t. Hogy mit\u0151l okos a kefe? Att\u00f3l, hogy f\u00e9s\u00fclk\u00f6d\u00e9s k\u00f6zben adatokat gy\u0171jt. Manaps\u00e1g minden \u201esmart\u201d akar lenni, minden \u00f6ssze akar kapcsol\u00f3dni mindennel. A k\u00e9sz\u00edt\u0151k szerint az intelligens hajkefe csup\u00e1n csak ezen rendszer r\u00e9sze.<\/p>\n<p>A val\u00f3s\u00e1g egyszerre kegyetlen \u00e9s re\u00e1lis: hirtelen dr\u00e1ga (az intelligens hajkefe 200 doll\u00e1rt \u00e9r) \u00e9s abszurd t\u00e1rgyakkal tal\u00e1lkozunk, ugyanakkor el\u0151nyt is jelenthet az, hogy a technol\u00f3gia minden l\u00e9p\u00e9s\u00fcnkr\u0151l tud.<\/p>\n<p><strong>Adatv\u00e9delem a reflektorf\u00e9nyben<\/strong><\/p>\n<p>Ezen intelligens eszk\u00f6z\u00f6k vesz\u00e9lyei egy\u00e9rtelm\u0171ek, ez is volt a k\u00f6zponti t\u00e9m\u00e1ja egy biztons\u00e1gi szak\u00e9rt\u0151 besz\u00e9d\u00e9nek (Retail Surveillance) a Chaos Communication Congress-en.<\/p>\n<p>A szakember arr\u00f3l besz\u00e9lt el\u0151ad\u00e1s\u00e1ban, hogy a szem\u00e9lyes \u00e9s az online v\u00e1s\u00e1rl\u00e1s manaps\u00e1g sz\u00e1mos vesz\u00e9lyt jelent a fogyaszt\u00f3kra n\u00e9zve: hogy hol j\u00e1runk, \u00e1rulkodik \u00edzl\u00e9s\u00fcnkr\u0151l. A technol\u00f3gia mindent tud r\u00f3lunk. Okostelefonunkat bem\u00e9rhetik, \u00e9s m\u00e9g akkor is, ha nem online v\u00e1s\u00e1rolunk, kider\u00fclhet, mit vesz\u00fcnk \u00e9pp.<\/p>\n","protected":false},"excerpt":{"rendered":"<p>&nbsp; Nincs egy kicsit eleged abb\u00f3l, hogy manaps\u00e1g m\u00e1r annyi minden \u201esmart\u201d? A 2017-es CES-t, azaz a Consumer Electronics Show-t Las Vegasban rendezt\u00e9k meg \u00e9s egyesek bizony meglep\u0151 \u00fajdons\u00e1gokkal rukkoltak el\u0151. Mindenhol csak a smart ment: okosals\u00f3nadr\u00e1g, okosp\u00e1rna, okos\u00fcveg, okoszuhany, okosf\u00fcrd\u0151kacsa, okosfogkefe, okoste\u00e1scs\u00e9sze. A technol\u00f3gia lassan minden l\u00e9p\u00e9s\u00fcnkr\u0151l tud, \u00e9s ez kezd f\u00e1raszt\u00f3v\u00e1 v\u00e1lni. A &hellip;<\/p>\n","protected":false},"author":1,"featured_media":1677,"comment_status":"closed","ping_status":"open","sticky":false,"template":"","format":"standard","meta":{"_jetpack_memberships_contains_paid_content":false,"footnotes":""},"categories":[42],"tags":[61,44,47,46],"class_list":["post-1676","post","type-post","status-publish","format-standard","has-post-thumbnail","","category-cikkek","tag-2in1","tag-notebook-laptop","tag-okostelefon-mobiltelefon","tag-tablet"],"jetpack_featured_media_url":"https:\/\/www.notebook.hu\/blog\/wp-content\/uploads\/2017\/02\/02_1.jpg","jetpack_shortlink":"https:\/\/wp.me\/p9xSLL-r2","jetpack_sharing_enabled":true,"_links":{"self":[{"href":"https:\/\/www.notebook.hu\/blog\/wp-json\/wp\/v2\/posts\/1676","targetHints":{"allow":["GET"]}}],"collection":[{"href":"https:\/\/www.notebook.hu\/blog\/wp-json\/wp\/v2\/posts"}],"about":[{"href":"https:\/\/www.notebook.hu\/blog\/wp-json\/wp\/v2\/types\/post"}],"author":[{"embeddable":true,"href":"https:\/\/www.notebook.hu\/blog\/wp-json\/wp\/v2\/users\/1"}],"replies":[{"embeddable":true,"href":"https:\/\/www.notebook.hu\/blog\/wp-json\/wp\/v2\/comments?post=1676"}],"version-history":[{"count":1,"href":"https:\/\/www.notebook.hu\/blog\/wp-json\/wp\/v2\/posts\/1676\/revisions"}],"predecessor-version":[{"id":1678,"href":"https:\/\/www.notebook.hu\/blog\/wp-json\/wp\/v2\/posts\/1676\/revisions\/1678"}],"wp:featuredmedia":[{"embeddable":true,"href":"https:\/\/www.notebook.hu\/blog\/wp-json\/wp\/v2\/media\/1677"}],"wp:attachment":[{"href":"https:\/\/www.notebook.hu\/blog\/wp-json\/wp\/v2\/media?parent=1676"}],"wp:term":[{"taxonomy":"category","embeddable":true,"href":"https:\/\/www.notebook.hu\/blog\/wp-json\/wp\/v2\/categories?post=1676"},{"taxonomy":"post_tag","embeddable":true,"href":"https:\/\/www.notebook.hu\/blog\/wp-json\/wp\/v2\/tags?post=1676"}],"curies":[{"name":"wp","href":"https:\/\/api.w.org\/{rel}","templated":true}]}}