{"id":1673,"date":"2017-02-03T10:01:34","date_gmt":"2017-02-03T09:01:34","guid":{"rendered":"http:\/\/www.notebook.hu\/blog\/?p=1673"},"modified":"2017-02-06T10:03:28","modified_gmt":"2017-02-06T09:03:28","slug":"a-iphone-10-eve-telefon-gomb-nelkul-lehetetlen","status":"publish","type":"post","link":"https:\/\/www.notebook.hu\/blog\/a-iphone-10-eve-telefon-gomb-nelkul-lehetetlen\/","title":{"rendered":"A iPhone 10 \u00e9ve &#8211; \u201eTelefon gomb n\u00e9lk\u00fcl? Lehetetlen.\u201d"},"content":{"rendered":"<p>&nbsp;<\/p>\n<p><strong>Az Apple t\u00f6bb mint egymilli\u00f3 telefont adott el az\u00f3ta, hogy els\u0151 okostelefonj\u00e1t piacra dobta 2007. janu\u00e1r 9-\u00e9n. \u201eBillenty\u0171k n\u00e9lk\u00fcl? 500 doll\u00e1r\u00e9rt? A vil\u00e1g legdr\u00e1g\u00e1bb telefonja lesz!\u201d \u00cdgy viccel\u0151d\u00f6tt a Microsoft akkori els\u0151 embere, Steve Ballmer az els\u0151 iPhone piacra dob\u00e1sakor.<\/strong><\/p>\n<p>Ballmer es\u00e9lyt sem adott az \u00fajdons\u00e1gnak, \u00e9s ha belegondolunk, ez \u00e9rthet\u0151 is. Akkoriban olyan okostelefonok k\u00e9sz\u00fcltek, melyek legal\u00e1bb egy gombbal sz\u00e1moltak. Ez a gomb j\u00e1tszotta a f\u0151szerepet.<\/p>\n<p>Az Apple olyan l\u00e9p\u00e9st tett, amit egyik gy\u00e1rt\u00f3 sem mert megk\u00eds\u00e9relni. Elt\u0171ntek a gombok? Olyan ez, mintha h\u00e1romsz\u00f6g alak\u00fa korm\u00e1nyt kezdene gy\u00e1rtani b\u00e1rmely aut\u00f3gy\u00e1rt\u00f3 v\u00e1llalat.<\/p>\n<p>Steve Jobs k\u00e9pes volt a j\u00f6v\u0151be l\u00e1tni \u00e9s megalkotta a k\u00e9sz\u00fcl\u00e9ket, melyen a gomb helyett a k\u00e9perny\u0151 j\u00e1tssza a f\u0151szerepet \u00e9s mely a felhaszn\u00e1l\u00f3ja ujj\u00e1nak \u00e9rint\u00e9s\u00e9re reag\u00e1l.<\/p>\n<p>Igazs\u00e1g szerint Ballmer viccel\u0151d\u00e9se j\u00f3l le\u00edrja a piac akkori \u00e1ltal\u00e1nos v\u00e9lem\u00e9ny\u00e9t Jobs alkot\u00e1s\u00e1r\u00f3l, azonban az Apple tarolt.<\/p>\n<p>A iPhone st\u00e1tuszszimb\u00f3lum\u00e1 v\u00e1lt \u00e9s 10 \u00e9v alatt t\u00f6bb mint egymilli\u00e1rd darab kelt el bel\u0151le. Nem egyszer\u0171en azt tekinthetj\u00fck Jobs v\u00e1llalat\u00e1nak legnagyobb siker\u00e9nek, hogy olyan mobilt alkotott, mely hatalmas n\u00e9pszer\u0171s\u00e9gre tett szert. A c\u00e9g \u00faj utat mutatott. 10 \u00e9ve m\u00e9g nevettek azon, hogy a k\u00e9sz\u00fcl\u00e9k csupa k\u00e9perny\u0151, manaps\u00e1g viszont sokan \u00fagy v\u00e9lik, hogy min\u00e9l nagyobb a kijelz\u0151, ann\u00e1l jobb.<\/p>\n<p>Az Apple a felel\u0151s az\u00e9rt is, hogy a digit\u00e1lis kamer\u00e1k sz\u00e9p lassan elt\u0171ntek. Mi sz\u00fcks\u00e9g r\u00e1juk? A iPhone kamer\u00e1ja kiv\u00e1l\u00f3 min\u0151s\u00e9g\u0171 k\u00e9peket k\u00e9sz\u00edt, r\u00e1ad\u00e1sul mindig ott lapul a felhaszn\u00e1l\u00f3ja zseb\u00e9ben (ha nem a kez\u00e9ben).<\/p>\n<p>Az elad\u00e1sok \u00fcteme is megh\u00f6kkent\u0151: percenk\u00e9nt kb. 400 iPhone-t adnak el.<\/p>\n<p>\u00c9s mi j\u00f6het m\u00e9g? Az Apple k\u00e9pes lesz m\u00e9g enn\u00e9l is nagyobbat alkotni? Vajon kihaszn\u00e1lja a v\u00e1llalat a 10. sz\u00fclinapj\u00e1t? Csak v\u00e1rjunk t\u00fcrelmesen!<\/p>\n","protected":false},"excerpt":{"rendered":"<p>&nbsp; Az Apple t\u00f6bb mint egymilli\u00f3 telefont adott el az\u00f3ta, hogy els\u0151 okostelefonj\u00e1t piacra dobta 2007. janu\u00e1r 9-\u00e9n. \u201eBillenty\u0171k n\u00e9lk\u00fcl? 500 doll\u00e1r\u00e9rt? A vil\u00e1g legdr\u00e1g\u00e1bb telefonja lesz!\u201d \u00cdgy viccel\u0151d\u00f6tt a Microsoft akkori els\u0151 embere, Steve Ballmer az els\u0151 iPhone piacra dob\u00e1sakor. Ballmer es\u00e9lyt sem adott az \u00fajdons\u00e1gnak, \u00e9s ha belegondolunk, ez \u00e9rthet\u0151 is. Akkoriban olyan &hellip;<\/p>\n","protected":false},"author":1,"featured_media":1674,"comment_status":"closed","ping_status":"open","sticky":false,"template":"","format":"standard","meta":{"_jetpack_memberships_contains_paid_content":false,"footnotes":""},"categories":[42],"tags":[47],"class_list":["post-1673","post","type-post","status-publish","format-standard","has-post-thumbnail","","category-cikkek","tag-okostelefon-mobiltelefon"],"jetpack_featured_media_url":"https:\/\/www.notebook.hu\/blog\/wp-content\/uploads\/2017\/02\/01_2.jpg","jetpack_shortlink":"https:\/\/wp.me\/p9xSLL-qZ","jetpack_sharing_enabled":true,"_links":{"self":[{"href":"https:\/\/www.notebook.hu\/blog\/wp-json\/wp\/v2\/posts\/1673","targetHints":{"allow":["GET"]}}],"collection":[{"href":"https:\/\/www.notebook.hu\/blog\/wp-json\/wp\/v2\/posts"}],"about":[{"href":"https:\/\/www.notebook.hu\/blog\/wp-json\/wp\/v2\/types\/post"}],"author":[{"embeddable":true,"href":"https:\/\/www.notebook.hu\/blog\/wp-json\/wp\/v2\/users\/1"}],"replies":[{"embeddable":true,"href":"https:\/\/www.notebook.hu\/blog\/wp-json\/wp\/v2\/comments?post=1673"}],"version-history":[{"count":1,"href":"https:\/\/www.notebook.hu\/blog\/wp-json\/wp\/v2\/posts\/1673\/revisions"}],"predecessor-version":[{"id":1675,"href":"https:\/\/www.notebook.hu\/blog\/wp-json\/wp\/v2\/posts\/1673\/revisions\/1675"}],"wp:featuredmedia":[{"embeddable":true,"href":"https:\/\/www.notebook.hu\/blog\/wp-json\/wp\/v2\/media\/1674"}],"wp:attachment":[{"href":"https:\/\/www.notebook.hu\/blog\/wp-json\/wp\/v2\/media?parent=1673"}],"wp:term":[{"taxonomy":"category","embeddable":true,"href":"https:\/\/www.notebook.hu\/blog\/wp-json\/wp\/v2\/categories?post=1673"},{"taxonomy":"post_tag","embeddable":true,"href":"https:\/\/www.notebook.hu\/blog\/wp-json\/wp\/v2\/tags?post=1673"}],"curies":[{"name":"wp","href":"https:\/\/api.w.org\/{rel}","templated":true}]}}