{"id":1662,"date":"2017-01-23T08:57:01","date_gmt":"2017-01-23T07:57:01","guid":{"rendered":"http:\/\/www.notebook.hu\/blog\/?p=1662"},"modified":"2017-01-23T08:57:01","modified_gmt":"2017-01-23T07:57:01","slug":"megerkeztek-a-wearable-k-intelligens-viselet-a-xxi-szazadban","status":"publish","type":"post","link":"https:\/\/www.notebook.hu\/blog\/megerkeztek-a-wearable-k-intelligens-viselet-a-xxi-szazadban\/","title":{"rendered":"Meg\u00e9rkeztek a \u201ewearable\u201d-k  &#8211;  Intelligens viselet a XXI. sz\u00e1zadban"},"content":{"rendered":"<p>&nbsp;<\/p>\n<p><strong>Mit is jelent a \u201ewearable\u201d angol sz\u00f3? A sz\u00f3 magyar ford\u00edt\u00e1sa \u00edgy sz\u00f3lna: \u201eviselhet\u0151\u201d, viszont a k\u00e9s\u0151bbiekben aligha \u00e9p\u00fcl be a k\u00f6ztudatba ezen a n\u00e9ven. A ford\u00edt\u00f3knak alapos fejt\u00f6r\u00e9st okozhat majd a sz\u00f3 magyarra ford\u00edt\u00e1sa.<\/strong><\/p>\n<p>De ahhoz, hogy le tudj\u00e1k ford\u00edtani, tudniuk kell, mir\u0151l is van sz\u00f3. Olyan hordozhat\u00f3, h\u00e9tk\u00f6znapi t\u00e1rgyr\u00f3l van sz\u00f3, mely be\u00e9p\u00edtett mikroprocesszort tartalmaz. Ezek a t\u00e1rgyak k\u00e9pesek e-mailt k\u00fcldeni, f\u00e9nyk\u00e9pet, esetleg vide\u00f3t k\u00e9sz\u00edteni, \u00e9szben tartani, h\u00e1ny l\u00e9p\u00e9st, esetleg kilom\u00e9tert tett\u00e9l meg egy nap&#8230;<\/p>\n<p>A \u201ewearable\u201d-k (b\u00e1r m\u00e9g nem mindenki rendelkezik vel\u00fck) m\u00e1r l\u00e9teznek \u00e9s a tov\u00e1bbiakban ezeket szeretn\u00e9nk neked bemutatni.<\/p>\n<ol>\n<li><strong>Smartwatch, az okos\u00f3ra<\/strong><\/li>\n<\/ol>\n<p>K\u00e9ts\u00e9gk\u00edv\u00fcl, kateg\u00f3ri\u00e1j\u00e1n bel\u00fcl az okos\u00f3ra \u00f6rvend a legnagyobb n\u00e9pszer\u0171s\u00e9gnek. A csukl\u00f3n viselt \u00f3ra m\u00e1r nem csak alapfunkci\u00f3kkal kedveskedik a felhaszn\u00e1l\u00f3nak. A k\u00e9sz\u00fcl\u00e9ket gond n\u00e9lk\u00fcl \u00f6sszek\u00f6theted okostelefonoddal \u00e9s an\u00e9lk\u00fcl olvashatod el az \u00fczeneteidet, hogy azt el\u0151h\u00fazn\u00e1d zsebedb\u0151l.<\/p>\n<p>Tulajdons\u00e1gai k\u00f6z\u00fcl kiemelkedik az, hogy a smartwatch nyomon k\u00f6veti \u00e9letm\u00f3dodat, azaz tiszt\u00e1ban van azzal, hogy naponta h\u00e1ny kilom\u00e9tert teszel meg \u00e9s a sz\u00edvritmusodat is jegyzi. Az eszk\u00f6z szint\u00e9n k\u00e9pes let\u00f6lteni f\u00e1jlokat.<\/p>\n<p>N\u00e9zz csak k\u00f6r\u00fcl k\u00f6rnyezetedben \u00e9s l\u00e1thatod, hogy nem egy ismer\u0151s\u00f6d hord okos\u00f3r\u00e1t.<\/p>\n<ol start=\"2\">\n<li><strong>Okosszem\u00fcveg<\/strong><\/li>\n<\/ol>\n<p>Az okosszem\u00fcvegeket k\u00f6nnyed\u00e9n ir\u00e1ny\u00edthatod hangoddal. Seg\u00edts\u00e9g\u00e9vel f\u00e9nyk\u00e9pezhetsz, vide\u00f3zhatsz, megn\u00e9zheted e-mailjeidet, videobesz\u00e9lget\u00e9st folytathatsz, de ak\u00e1r \u00e9ttermek men\u00fcj\u00e9t is leford\u00edtja neked anyanyelvedre. Ezek a szem\u00fcvegek egy k\u00fcl\u00f6n kis k\u00e9perny\u0151n mutatj\u00e1k sz\u00e1modra az \u00e9rt\u00e9kes inform\u00e1ci\u00f3kat.<\/p>\n<ol start=\"3\">\n<li><strong>Okosgy\u0171r\u0171k \u00e9s okoskark\u00f6t\u0151k<\/strong><\/li>\n<\/ol>\n<p>Egyes gy\u0171r\u0171kkel \u00e9s kark\u00f6t\u0151kkel ma m\u00e1r k\u00e9pes vagy fizetni, de egyes nagyv\u00e1rosokban seg\u00edts\u00e9g\u00e9vel m\u00e1r a k\u00f6z\u00f6ss\u00e9gi k\u00f6zleked\u00e9si eszk\u00f6z\u00f6k\u00f6n is tudod \u00e9rv\u00e9nyes\u00edteni jegyedet.<\/p>\n<p>Ezek az eszk\u00f6z\u00f6k felismerik ujjlenyomatodat, \u00e9s nyomon k\u00f6vetik azt is, hogy h\u00e1ny kilom\u00e9tert, l\u00e9p\u00e9st tett\u00e9l meg egy nap, esetleg a h\u00e9ten, h\u00f3napban&#8230;<\/p>\n<p>Az \u00f3r\u00e1kat els\u0151sorban a sportol\u00f3k sz\u00e1m\u00e1ra aj\u00e1nljuk, hiszen azt is jegyzik, hogy mennyi kal\u00f3ri\u00e1t \u00e9gett\u00e9l el.<\/p>\n","protected":false},"excerpt":{"rendered":"<p>&nbsp; Mit is jelent a \u201ewearable\u201d angol sz\u00f3? A sz\u00f3 magyar ford\u00edt\u00e1sa \u00edgy sz\u00f3lna: \u201eviselhet\u0151\u201d, viszont a k\u00e9s\u0151bbiekben aligha \u00e9p\u00fcl be a k\u00f6ztudatba ezen a n\u00e9ven. A ford\u00edt\u00f3knak alapos fejt\u00f6r\u00e9st okozhat majd a sz\u00f3 magyarra ford\u00edt\u00e1sa. De ahhoz, hogy le tudj\u00e1k ford\u00edtani, tudniuk kell, mir\u0151l is van sz\u00f3. Olyan hordozhat\u00f3, h\u00e9tk\u00f6znapi t\u00e1rgyr\u00f3l van sz\u00f3, mely &hellip;<\/p>\n","protected":false},"author":1,"featured_media":1663,"comment_status":"closed","ping_status":"open","sticky":false,"template":"","format":"standard","meta":{"_jetpack_memberships_contains_paid_content":false,"footnotes":""},"categories":[42],"tags":[74],"class_list":["post-1662","post","type-post","status-publish","format-standard","has-post-thumbnail","","category-cikkek","tag-okoseszkozok"],"jetpack_featured_media_url":"https:\/\/www.notebook.hu\/blog\/wp-content\/uploads\/2017\/01\/52_1.jpg","jetpack_shortlink":"https:\/\/wp.me\/p9xSLL-qO","jetpack_sharing_enabled":true,"_links":{"self":[{"href":"https:\/\/www.notebook.hu\/blog\/wp-json\/wp\/v2\/posts\/1662","targetHints":{"allow":["GET"]}}],"collection":[{"href":"https:\/\/www.notebook.hu\/blog\/wp-json\/wp\/v2\/posts"}],"about":[{"href":"https:\/\/www.notebook.hu\/blog\/wp-json\/wp\/v2\/types\/post"}],"author":[{"embeddable":true,"href":"https:\/\/www.notebook.hu\/blog\/wp-json\/wp\/v2\/users\/1"}],"replies":[{"embeddable":true,"href":"https:\/\/www.notebook.hu\/blog\/wp-json\/wp\/v2\/comments?post=1662"}],"version-history":[{"count":2,"href":"https:\/\/www.notebook.hu\/blog\/wp-json\/wp\/v2\/posts\/1662\/revisions"}],"predecessor-version":[{"id":1665,"href":"https:\/\/www.notebook.hu\/blog\/wp-json\/wp\/v2\/posts\/1662\/revisions\/1665"}],"wp:featuredmedia":[{"embeddable":true,"href":"https:\/\/www.notebook.hu\/blog\/wp-json\/wp\/v2\/media\/1663"}],"wp:attachment":[{"href":"https:\/\/www.notebook.hu\/blog\/wp-json\/wp\/v2\/media?parent=1662"}],"wp:term":[{"taxonomy":"category","embeddable":true,"href":"https:\/\/www.notebook.hu\/blog\/wp-json\/wp\/v2\/categories?post=1662"},{"taxonomy":"post_tag","embeddable":true,"href":"https:\/\/www.notebook.hu\/blog\/wp-json\/wp\/v2\/tags?post=1662"}],"curies":[{"name":"wp","href":"https:\/\/api.w.org\/{rel}","templated":true}]}}