{"id":1655,"date":"2017-01-16T10:00:48","date_gmt":"2017-01-16T09:00:48","guid":{"rendered":"http:\/\/www.notebook.hu\/blog\/?p=1655"},"modified":"2017-01-16T10:00:48","modified_gmt":"2017-01-16T09:00:48","slug":"a-klaviatura-es-az-abece-ezert-nincsenek-beturendben-a-billentyuzet-gombjai","status":"publish","type":"post","link":"https:\/\/www.notebook.hu\/blog\/a-klaviatura-es-az-abece-ezert-nincsenek-beturendben-a-billentyuzet-gombjai\/","title":{"rendered":"A klaviat\u00fara \u00e9s az \u00e1b\u00e9c\u00e9 &#8211; Ez\u00e9rt nincsenek bet\u0171rendben a billenty\u0171zet gombjai"},"content":{"rendered":"<p>&nbsp;<\/p>\n<p><strong>Bizony\u00e1ra Te is eml\u00e9kszel m\u00e9g arra, amikor keresg\u00e9lned kellett a klaviat\u00far\u00e1n a bet\u0171ket. Hol van az \u201eA\u201d? Hol van a \u201eZ\u201d? Mi\u00e9rt nincs ez az iz\u00e9 bet\u0171rendben\u2026 minden sokkal k\u00f6nnyebb lenne. <\/strong><\/p>\n<p>Az iskol\u00e1ban az \u201eA\u201d bet\u0171vel kezdt\u00fck&#8230; azt\u00e1n j\u00f6tt az \u201e\u00c1\u201d, a \u201eB\u201d, a \u201eC\u201d, a \u201eD\u201d sz\u00e9p sorban, m\u00edg el\u00e9rt\u00fcnk a \u201eZS\u201d-ig. Minden teljesen vil\u00e1gos volt, majd tal\u00e1lkoztunk a sz\u00e1m\u00edt\u00f3g\u00e9p billenty\u0171zet\u00e9vel. Mi t\u00f6rt\u00e9nt? Mi\u00e9rt bor\u00edtja fel a rendet a technol\u00f3gia?<\/p>\n<p>El\u0151sz\u00f6r is, meg kell jegyezn\u00fcnk, hogy a bet\u0171k nem mindig abban a sorrendben helyezkedtek el a billenty\u0171zeten, mint manaps\u00e1g. Az els\u0151 \u00edr\u00f3g\u00e9pek a XIX. sz\u00e1zadban jelentek meg, \u00e9s ezeken igenis, tisztelt\u00e9k az \u00e1b\u00e9c\u00e9 bet\u0171rendj\u00e9t. Id\u0151vel r\u00e1j\u00f6ttek, hogy ez nem a legjobb \u00f6tlet, hiszen az egym\u00e1s mellett helyet kap\u00f3 kalap\u00e1csok zavarj\u00e1k egym\u00e1st, ha egym\u00e1s ut\u00e1n \u00fctik le \u0151ket.<\/p>\n<p>Egy tanulm\u00e1ny alapj\u00e1n megalkott\u00e1k a QWERTY billenty\u0171zetkioszt\u00e1st. Ezzel elszepar\u00e1lt\u00e1k egym\u00e1st\u00f3l az egym\u00e1s ut\u00e1n haszn\u00e1latos bet\u0171p\u00e1rokat.<\/p>\n<p>A sz\u00e1m\u00edt\u00f3g\u00e9pek megjelen\u00e9sekor \u00fajragondolt\u00e1k mindezt (hiszen a kalap\u00e1csok m\u00e1r nem akadhattak \u00f6ssze) \u00e9s felvetett\u00e9k az \u00f6tletet, hogy \u00fajra \u00e1b\u00e9c\u00e9 sorrendbe rendezik a billenty\u0171ket.\u00a0 A lehet\u0151s\u00e9get v\u00e9g\u00fcl elvetett\u00e9k, mert a kor\u00e1bban \u00edr\u00f3g\u00e9pet haszn\u00e1l\u00f3k sz\u00e1m\u00edt\u00f3g\u00e9pet kezdtek haszn\u00e1lni, \u00e9s \u00edgy nem kellett \u00fajra megtanulniuk a bet\u0171sorrendet.<\/p>\n<p>A QWERTY billenty\u0171zet a leggyakrabban haszn\u00e1lt sztenderd lett annak ellen\u00e9re, hogy nem kedvezett a gyors\u00edr\u00f3knak, hiszen olykor nagy t\u00e1vols\u00e1gra \u00e1llnak egym\u00e1st\u00f3l az egym\u00e1s ut\u00e1n haszn\u00e1lt bet\u0171k.<\/p>\n<p>Ennek orvosl\u00e1s\u00e1ra jelent meg a Dvorak billenty\u0171zet, melyen a mag\u00e1nhangz\u00f3k baloldalon k\u00f6z\u00e9pen, m\u00edg a m\u00e1ssalhangz\u00f3k jobboldalon helyezkedtek el. \u00cdgy a g\u00e9pel\u00e9s sokkal kev\u00e9sb\u00e9 volt megterhel\u0151, azonban meg kell jegyezni, hogy csak angol nyelven.<\/p>\n<p>B\u00e1r a QWERTY billenty\u0171zet a legn\u00e9pszer\u0171bb a latin karaktereket haszn\u00e1l\u00f3 nemzetek k\u00f6r\u00e9ben, l\u00e9teznek v\u00e1ltozatai. N\u00e9metorsz\u00e1gban \u00e9s n\u00e1lunk, Magyarorsz\u00e1gon p\u00e9ld\u00e1ul felcser\u00e9lik a &#8222;Z&#8221; \u00e9s az &#8222;Y&#8221; karaktereket (QWERTZ), Belgiumban \u00e9s Franciaorsz\u00e1gban pedig az AZERTY v\u00e1ltozatot haszn\u00e1lj\u00e1k.<\/p>\n<p>Sz\u00fcks\u00e9ged van egy \u00faj g\u00e9pre? Szerezd be n\u00e1lunk a QWERTZ billenty\u0171zetes modelled!<\/p>\n","protected":false},"excerpt":{"rendered":"<p>&nbsp; Bizony\u00e1ra Te is eml\u00e9kszel m\u00e9g arra, amikor keresg\u00e9lned kellett a klaviat\u00far\u00e1n a bet\u0171ket. Hol van az \u201eA\u201d? Hol van a \u201eZ\u201d? Mi\u00e9rt nincs ez az iz\u00e9 bet\u0171rendben\u2026 minden sokkal k\u00f6nnyebb lenne. Az iskol\u00e1ban az \u201eA\u201d bet\u0171vel kezdt\u00fck&#8230; azt\u00e1n j\u00f6tt az \u201e\u00c1\u201d, a \u201eB\u201d, a \u201eC\u201d, a \u201eD\u201d sz\u00e9p sorban, m\u00edg el\u00e9rt\u00fcnk a \u201eZS\u201d-ig. Minden &hellip;<\/p>\n","protected":false},"author":1,"featured_media":1656,"comment_status":"closed","ping_status":"open","sticky":false,"template":"","format":"standard","meta":{"_jetpack_memberships_contains_paid_content":false,"footnotes":""},"categories":[42],"tags":[44],"class_list":["post-1655","post","type-post","status-publish","format-standard","has-post-thumbnail","","category-cikkek","tag-notebook-laptop"],"jetpack_featured_media_url":"https:\/\/www.notebook.hu\/blog\/wp-content\/uploads\/2017\/01\/51_1.jpg","jetpack_shortlink":"https:\/\/wp.me\/p9xSLL-qH","jetpack_sharing_enabled":true,"_links":{"self":[{"href":"https:\/\/www.notebook.hu\/blog\/wp-json\/wp\/v2\/posts\/1655","targetHints":{"allow":["GET"]}}],"collection":[{"href":"https:\/\/www.notebook.hu\/blog\/wp-json\/wp\/v2\/posts"}],"about":[{"href":"https:\/\/www.notebook.hu\/blog\/wp-json\/wp\/v2\/types\/post"}],"author":[{"embeddable":true,"href":"https:\/\/www.notebook.hu\/blog\/wp-json\/wp\/v2\/users\/1"}],"replies":[{"embeddable":true,"href":"https:\/\/www.notebook.hu\/blog\/wp-json\/wp\/v2\/comments?post=1655"}],"version-history":[{"count":1,"href":"https:\/\/www.notebook.hu\/blog\/wp-json\/wp\/v2\/posts\/1655\/revisions"}],"predecessor-version":[{"id":1657,"href":"https:\/\/www.notebook.hu\/blog\/wp-json\/wp\/v2\/posts\/1655\/revisions\/1657"}],"wp:featuredmedia":[{"embeddable":true,"href":"https:\/\/www.notebook.hu\/blog\/wp-json\/wp\/v2\/media\/1656"}],"wp:attachment":[{"href":"https:\/\/www.notebook.hu\/blog\/wp-json\/wp\/v2\/media?parent=1655"}],"wp:term":[{"taxonomy":"category","embeddable":true,"href":"https:\/\/www.notebook.hu\/blog\/wp-json\/wp\/v2\/categories?post=1655"},{"taxonomy":"post_tag","embeddable":true,"href":"https:\/\/www.notebook.hu\/blog\/wp-json\/wp\/v2\/tags?post=1655"}],"curies":[{"name":"wp","href":"https:\/\/api.w.org\/{rel}","templated":true}]}}