{"id":1648,"date":"2017-01-12T09:16:34","date_gmt":"2017-01-12T08:16:34","guid":{"rendered":"http:\/\/www.notebook.hu\/blog\/?p=1648"},"modified":"2017-01-09T09:18:36","modified_gmt":"2017-01-09T08:18:36","slug":"trukkok-a-felvetelhez-ii-stabilitas-zoom-fenyek-es-ido","status":"publish","type":"post","link":"https:\/\/www.notebook.hu\/blog\/trukkok-a-felvetelhez-ii-stabilitas-zoom-fenyek-es-ido\/","title":{"rendered":"Tr\u00fckk\u00f6k a felv\u00e9telhez II.  Stabilit\u00e1s, zoom, f\u00e9nyek \u00e9s id\u0151"},"content":{"rendered":"<p>&nbsp;<\/p>\n<p><strong>Az el\u0151z\u0151 bejegyz\u00e9s\u00fcnkben m\u00e1r le\u00edrtuk, hogy a videofelv\u00e9tel k\u00e9sz\u00edt\u00e9se sor\u00e1n a legjobb, ha v\u00edzszintes helyzetben tartod a telefonod, de azt az alapvet\u0151nek gondolhat\u00f3 tudnival\u00f3t is megeml\u00edtett\u00fck, hogy elegend\u0151 t\u00e1rhelyre \u00e9s magas t\u00f6lt\u00f6tts\u00e9gi szintre van sz\u00fcks\u00e9ged.<\/strong><\/p>\n<p>Ezeken k\u00edv\u00fcl hogyan \u00e9rheted m\u00e9g el, hogy a mozg\u00f3k\u00e9p min\u0151s\u00e9ge min\u00e9l jobb legyen? M\u00e1ris folytatjuk a felsorol\u00e1st.<\/p>\n<p><strong>Gondoskodj arr\u00f3l, hogy a k\u00e9sz\u00fcl\u00e9ked stabil helyzetben legyen!<\/strong><\/p>\n<p>Az okostelefonok rendk\u00edv\u00fcl \u00e9rz\u00e9kenyek, ennek eredm\u00e9nyek\u00e9pp pedig ak\u00e1rmilyen apr\u00f3 helyzetv\u00e1ltoztat\u00e1st \u00e9szrevesz\u00fcnk a felv\u00e9telen. Bizony\u00e1ra Te is l\u00e1tt\u00e1l m\u00e1r olyan vide\u00f3t, melynek k\u00e9sz\u00edt\u00e9sekor remegett a &#8222;cameraman&#8221; keze. Te is megtapasztaltad, hogy n\u00e9z\u0151k\u00e9nt ez mennyire f\u00e1raszt\u00f3 a szemnek.<\/p>\n<p>A tan\u00e1csunk az, hogy a mozg\u00f3k\u00e9p r\u00f6gz\u00edt\u00e9sekor mindk\u00e9t kezeddel tartsd a telefont \u00e9s ha lehet, keress egy olyan helyet, ahol megt\u00e1maszthatod a k\u00f6ny\u00f6k\u00f6d.<\/p>\n<p>Nem t\u00fal j\u00f3 \u00f6tlet s\u00e9t\u00e1lva vide\u00f3zni. A legjobb, ha egy helyben maradsz, terpeszbe \u00e1llsz, \u00e9s a k\u00f6ny\u00f6k\u00f6d megt\u00e1masztod.<\/p>\n<p><strong>Felejtsd el a zoomot!<\/strong><\/p>\n<p>Hogy mi\u00e9rt nem tan\u00e1csoljuk a zoom haszn\u00e1lat\u00e1t? Mert rontja a felv\u00e9tel min\u0151s\u00e9g\u00e9t. Ha van lehet\u0151s\u00e9ged arra, hogy k\u00f6zelebb l\u00e9pj ahhoz, amit \u00e9pp felveszel, tedd meg. K\u00f6zel\u00edteni ut\u00f3lag is lehet, de j\u00f3 felv\u00e9tel k\u00e9sz\u00edt\u00e9s\u00e9re csak egyszer van lehet\u0151s\u00e9ged.<\/p>\n<p><strong>Milyenek a f\u00e9nyek?<\/strong><\/p>\n<p>Ha bent vide\u00f3zol, fontos, hogy gondoskodj a megfelel\u0151 vil\u00e1g\u00edt\u00e1sr\u00f3l. Ak\u00e1r l\u00e1mp\u00e1r\u00f3l, ak\u00e1r egy m\u00e1sik telefon vakuj\u00e1r\u00f3l van sz\u00f3, j\u00f3 az \u00f6tlet. Vil\u00e1g\u00edts!<\/p>\n<p><strong>Hagyj id\u0151t a gomb lenyom\u00e1sa el\u0151tt \u00e9s ut\u00e1n!<\/strong><\/p>\n<p>Mir\u0151l van sz\u00f3? Hogy szerkeszt\u0151programok seg\u00edts\u00e9g\u00e9vel k\u00f6nnyed\u00e9n be\u00e1ll\u00edthatod, hogy hol kezd\u0151dj\u00f6n \u00e9s hol \u00e9rjen v\u00e9get a vide\u00f3d. Nem baj, ha az eredeti vide\u00f3 kicsit hosszabb, mint a szerkesztett. \u00cdgy van mib\u0151l v\u00e1logatni.<\/p>\n","protected":false},"excerpt":{"rendered":"<p>&nbsp; Az el\u0151z\u0151 bejegyz\u00e9s\u00fcnkben m\u00e1r le\u00edrtuk, hogy a videofelv\u00e9tel k\u00e9sz\u00edt\u00e9se sor\u00e1n a legjobb, ha v\u00edzszintes helyzetben tartod a telefonod, de azt az alapvet\u0151nek gondolhat\u00f3 tudnival\u00f3t is megeml\u00edtett\u00fck, hogy elegend\u0151 t\u00e1rhelyre \u00e9s magas t\u00f6lt\u00f6tts\u00e9gi szintre van sz\u00fcks\u00e9ged. Ezeken k\u00edv\u00fcl hogyan \u00e9rheted m\u00e9g el, hogy a mozg\u00f3k\u00e9p min\u0151s\u00e9ge min\u00e9l jobb legyen? M\u00e1ris folytatjuk a felsorol\u00e1st. Gondoskodj arr\u00f3l, &hellip;<\/p>\n","protected":false},"author":1,"featured_media":1649,"comment_status":"closed","ping_status":"open","sticky":false,"template":"","format":"standard","meta":{"_jetpack_memberships_contains_paid_content":false,"footnotes":""},"categories":[42],"tags":[47],"class_list":["post-1648","post","type-post","status-publish","format-standard","has-post-thumbnail","","category-cikkek","tag-okostelefon-mobiltelefon"],"jetpack_featured_media_url":"https:\/\/www.notebook.hu\/blog\/wp-content\/uploads\/2017\/01\/50_2.jpg","jetpack_shortlink":"https:\/\/wp.me\/p9xSLL-qA","jetpack_sharing_enabled":true,"_links":{"self":[{"href":"https:\/\/www.notebook.hu\/blog\/wp-json\/wp\/v2\/posts\/1648","targetHints":{"allow":["GET"]}}],"collection":[{"href":"https:\/\/www.notebook.hu\/blog\/wp-json\/wp\/v2\/posts"}],"about":[{"href":"https:\/\/www.notebook.hu\/blog\/wp-json\/wp\/v2\/types\/post"}],"author":[{"embeddable":true,"href":"https:\/\/www.notebook.hu\/blog\/wp-json\/wp\/v2\/users\/1"}],"replies":[{"embeddable":true,"href":"https:\/\/www.notebook.hu\/blog\/wp-json\/wp\/v2\/comments?post=1648"}],"version-history":[{"count":1,"href":"https:\/\/www.notebook.hu\/blog\/wp-json\/wp\/v2\/posts\/1648\/revisions"}],"predecessor-version":[{"id":1650,"href":"https:\/\/www.notebook.hu\/blog\/wp-json\/wp\/v2\/posts\/1648\/revisions\/1650"}],"wp:featuredmedia":[{"embeddable":true,"href":"https:\/\/www.notebook.hu\/blog\/wp-json\/wp\/v2\/media\/1649"}],"wp:attachment":[{"href":"https:\/\/www.notebook.hu\/blog\/wp-json\/wp\/v2\/media?parent=1648"}],"wp:term":[{"taxonomy":"category","embeddable":true,"href":"https:\/\/www.notebook.hu\/blog\/wp-json\/wp\/v2\/categories?post=1648"},{"taxonomy":"post_tag","embeddable":true,"href":"https:\/\/www.notebook.hu\/blog\/wp-json\/wp\/v2\/tags?post=1648"}],"curies":[{"name":"wp","href":"https:\/\/api.w.org\/{rel}","templated":true}]}}