{"id":1601,"date":"2016-12-16T09:56:37","date_gmt":"2016-12-16T08:56:37","guid":{"rendered":"http:\/\/www.notebook.hu\/blog\/?p=1601"},"modified":"2016-12-23T10:11:42","modified_gmt":"2016-12-23T09:11:42","slug":"tudtad","status":"publish","type":"post","link":"https:\/\/www.notebook.hu\/blog\/tudtad\/","title":{"rendered":"Tudtad?"},"content":{"rendered":"<p>&nbsp;<\/p>\n<p><strong><em>\u00c9rdekess\u00e9gek az internetr\u0151l<\/em><\/strong><\/p>\n<p><strong>Senki sem k\u00f6t bele abba a kijelent\u00e9sbe, hogy manaps\u00e1g szinte mindannyian internet felhaszn\u00e1l\u00f3k vagyunk. B\u00e1rmilyen k\u00e9ts\u00e9g\u00fcnk mer\u00fclne fel, seg\u00edts\u00e9g\u00fcl h\u00edvhatjuk, szint\u00e9n seg\u00edts\u00e9get ny\u00fajt munk\u00e1nk sor\u00e1n \u00e9s a netnek k\u00f6sz\u00f6nhet\u0151en kapcsolatot tarthatunk bar\u00e1tainkkal, ismer\u0151seinkkel.<\/strong><\/p>\n<p>Egy sz\u00f3nak is sz\u00e1z a v\u00e9ge: az internet jelent\u0151sen megk\u00f6nny\u00edti a mindennapi \u00e9let\u00fcnket \u00e9s \u00e9ppen ez\u00e9rt sz\u00e1mos \u00e9rdekess\u00e9get is ismer\u00fcnk vele kapcsolatban. Jelen \u00edr\u00e1sunkban ezekr\u0151l lesz sz\u00f3.<\/p>\n<ol>\n<li>\u00c9rdekess\u00e9g p\u00e9ld\u00e1ul, hogy az internetes keres\u00e9sek 45%-a a szexszel kapcsolatosak.<\/li>\n<li>Egyesek (f\u0151leg a fiatalabb gener\u00e1ci\u00f3k sz\u00e1m\u00e1ra) az is meglep\u0151 lehet, hogy a Google nem l\u00e9tezett mindig (csup\u00e1n 1998-ban jelent meg). De milyen keres\u0151k voltak a legn\u00e9pszer\u0171bbek? A legels\u0151 1990-ben jelent meg Archie n\u00e9ven. Egy \u00e9vvel k\u00e9s\u0151bb jelent meg a Wais, 1993-ban v\u00e1lt ismertt\u00e9 a Lycos, 1994-ben pedig a Yahoo \u00e9s az Altavista.<\/li>\n<li>A vil\u00e1g legels\u0151 weblapja 1991-ben k\u00e9sz\u00fclt el \u00e9s a http:\/\/info.cern.ch\/ URL-c\u00edmen volt el\u00e9rhet\u0151. Tal\u00e1n Te is r\u00e1kattintasz k\u00edv\u00e1ncsis\u00e1gb\u00f3l \u00e9s l\u00e1thatod, hogy mennyire egyszer\u0171 fel\u00e9p\u00edt\u00e9s\u0171 is volt a 25 \u00e9ve k\u00e9sz\u00edtett lap.<\/li>\n<li>Az els\u0151 internetes domain a symbolics.com volt 1985 m\u00e1rcius\u00e1ban.<\/li>\n<li>Az els\u0151 webkamer\u00e1s \u00e9l\u0151 ad\u00e1sra 1993-ban, Cambridge-ben, az egyetemen ker\u00fclt sor. Az is \u00e9rdekes, hogy az egyetemen mi\u00e9rt volt sz\u00fcks\u00e9g az \u00e9l\u0151 felv\u00e9telre: szerett\u00e9k volna megtudni, hogy ki az a titokzatos szem\u00e9ly, aki sosem t\u00f6lti fel a k\u00e1v\u00e9g\u00e9pet.<\/li>\n<\/ol>\n<p>Ha belegondolsz, milyen volt a vil\u00e1g 25, 15, 10, vagy ak\u00e1r 5 \u00e9vvel ezel\u0151tt, jelent\u0151s v\u00e1ltoz\u00e1sokat \u00e9szlelhetsz. Ha az internetr\u0151l, a technol\u00f3gi\u00e1r\u00f3l van sz\u00f3, a k\u00fcl\u00f6nbs\u00e9gek m\u00e9g nagyobbnak l\u00e1tszanak.<\/p>\n<p>L\u00e1tod, milyen egyszer\u0171ek voltak a vil\u00e1g els\u0151 weblapjai. Ma mi a helyzet? Chatelhetsz, k\u00e9peket t\u00f6lthetsz fel \u00e9s le, filmet n\u00e9zhetsz a neten kereszt\u00fcl.<\/p>\n","protected":false},"excerpt":{"rendered":"<p>&nbsp; \u00c9rdekess\u00e9gek az internetr\u0151l Senki sem k\u00f6t bele abba a kijelent\u00e9sbe, hogy manaps\u00e1g szinte mindannyian internet felhaszn\u00e1l\u00f3k vagyunk. B\u00e1rmilyen k\u00e9ts\u00e9g\u00fcnk mer\u00fclne fel, seg\u00edts\u00e9g\u00fcl h\u00edvhatjuk, szint\u00e9n seg\u00edts\u00e9get ny\u00fajt munk\u00e1nk sor\u00e1n \u00e9s a netnek k\u00f6sz\u00f6nhet\u0151en kapcsolatot tarthatunk bar\u00e1tainkkal, ismer\u0151seinkkel. Egy sz\u00f3nak is sz\u00e1z a v\u00e9ge: az internet jelent\u0151sen megk\u00f6nny\u00edti a mindennapi \u00e9let\u00fcnket \u00e9s \u00e9ppen ez\u00e9rt sz\u00e1mos \u00e9rdekess\u00e9get &hellip;<\/p>\n","protected":false},"author":1,"featured_media":1595,"comment_status":"closed","ping_status":"open","sticky":false,"template":"","format":"standard","meta":{"_jetpack_memberships_contains_paid_content":false,"footnotes":""},"categories":[42],"tags":[44,47,46],"class_list":["post-1601","post","type-post","status-publish","format-standard","has-post-thumbnail","","category-cikkek","tag-notebook-laptop","tag-okostelefon-mobiltelefon","tag-tablet"],"jetpack_featured_media_url":"https:\/\/www.notebook.hu\/blog\/wp-content\/uploads\/2016\/12\/46_2.jpg","jetpack_shortlink":"https:\/\/wp.me\/s9xSLL-tudtad","jetpack_sharing_enabled":true,"_links":{"self":[{"href":"https:\/\/www.notebook.hu\/blog\/wp-json\/wp\/v2\/posts\/1601","targetHints":{"allow":["GET"]}}],"collection":[{"href":"https:\/\/www.notebook.hu\/blog\/wp-json\/wp\/v2\/posts"}],"about":[{"href":"https:\/\/www.notebook.hu\/blog\/wp-json\/wp\/v2\/types\/post"}],"author":[{"embeddable":true,"href":"https:\/\/www.notebook.hu\/blog\/wp-json\/wp\/v2\/users\/1"}],"replies":[{"embeddable":true,"href":"https:\/\/www.notebook.hu\/blog\/wp-json\/wp\/v2\/comments?post=1601"}],"version-history":[{"count":2,"href":"https:\/\/www.notebook.hu\/blog\/wp-json\/wp\/v2\/posts\/1601\/revisions"}],"predecessor-version":[{"id":1603,"href":"https:\/\/www.notebook.hu\/blog\/wp-json\/wp\/v2\/posts\/1601\/revisions\/1603"}],"wp:featuredmedia":[{"embeddable":true,"href":"https:\/\/www.notebook.hu\/blog\/wp-json\/wp\/v2\/media\/1595"}],"wp:attachment":[{"href":"https:\/\/www.notebook.hu\/blog\/wp-json\/wp\/v2\/media?parent=1601"}],"wp:term":[{"taxonomy":"category","embeddable":true,"href":"https:\/\/www.notebook.hu\/blog\/wp-json\/wp\/v2\/categories?post=1601"},{"taxonomy":"post_tag","embeddable":true,"href":"https:\/\/www.notebook.hu\/blog\/wp-json\/wp\/v2\/tags?post=1601"}],"curies":[{"name":"wp","href":"https:\/\/api.w.org\/{rel}","templated":true}]}}