{"id":1567,"date":"2016-11-21T18:15:16","date_gmt":"2016-11-21T17:15:16","guid":{"rendered":"http:\/\/www.notebook.hu\/blog\/?p=1567"},"modified":"2016-11-21T18:15:23","modified_gmt":"2016-11-21T17:15:23","slug":"black-friday-2016","status":"publish","type":"post","link":"https:\/\/www.notebook.hu\/blog\/black-friday-2016\/","title":{"rendered":"&#x1f525; Black Friday 2016 &#8211; T\u00f6bb mint 500 f\u00e9le notebook, okostelefon, tablet INGYENES kisz\u00e1ll\u00edt\u00e1ssal, ak\u00e1r 50% kedvezm\u00e9nnyel!&#x1f525;"},"content":{"rendered":"<p><strong>Black Friday 2016. november 25. \u2013 A nap, amikor a legjobb \u00e1ron v\u00e1s\u00e1rolhatsz!<\/strong><\/p>\n<p><strong> A sokkol\u00f3 kedvezm\u00e9nyek r\u00e9szletei\u00e9rt kattints oldalunkra, ahol naponta \u00fajabb aj\u00e1nlatokat \u00e1rulunk el! <\/strong><\/p>\n<p><strong>Err\u0151l nem szabad lemaradnod!<\/strong><\/p>\n<p><iframe loading=\"lazy\" width=\"200\" height=\"113\" src=\"https:\/\/www.youtube.com\/embed\/xNt53fvfqGQ?feature=oembed\" frameborder=\"0\" allowfullscreen><\/iframe><\/p>\n<p>&nbsp;<\/p>\n<p>Tudtad, hogy a \u201efekete p\u00e9ntek\u201d fogalma Amerik\u00e1b\u00f3l ered? A tengerent\u00falon ez a h\u00e1laad\u00e1st k\u00f6vet\u0151 p\u00e9ntek elnevez\u00e9se, \u00e9s egyben a hagyom\u00e1nyos <strong><a href=\"https:\/\/hu.wikipedia.org\/wiki\/Kar%C3%A1csony\">kar\u00e1csonyi<\/a><\/strong> bev\u00e1s\u00e1rl\u00e1si szezon kezdete. A kifejez\u00e9s 1960-as \u00e9vekben jelent meg el\u0151sz\u00f6r \u00e9s a s\u0171r\u0171 forgalomra utal, m\u00e1ra pedig a vil\u00e1g sz\u00e1mos orsz\u00e1g\u00e1ban haszn\u00e1lj\u00e1k m\u00e1r. Hogy l\u00e1sd, Amerik\u00e1ban mennyire k\u00e9sz\u00fclnek a fekete p\u00e9ntekre: sokan szabads\u00e1got vesznek ki erre a napra munkahely\u00fck\u00f6n, a keresked\u0151k pedig kor\u00e1bban nyitnak \u2013 vannak olyan \u00e1ruh\u00e1zl\u00e1ncok, amelyek ilyenkor 0-24 \u00f3r\u00e1ban nyitva tartanak. Ilyenkor lehet olyan vide\u00f3kat is l\u00e1tni, hogy az elk\u00e9peszt\u0151 t\u00f6meg nyit\u00e1skor letarolja a boltot. A fekete p\u00e9ntek az \u00e9v egyik legforgalmasabb napja a vev\u0151k sz\u00e1m\u00e1t tekintve.<\/p>\n<p><em>Black Friday a notebook.hu-n!<\/em><\/p>\n<p>Mi sem maradunk ki a Black Friday akci\u00f3b\u00f3l! November 25-\u00e9n t\u00f6bb mint 500 f\u00e9le notebook, tablet \u00e9s okostelefon v\u00e1r ak\u00e1r 50%-os kedvezm\u00e9nnyel \u00e9s ingyen kisz\u00e1ll\u00edt\u00e1ssal!<\/p>\n<p>Kis \u00edzel\u00edt\u0151 aj\u00e1nlatunkb\u00f3l:<\/p>\n<ul>\n<li>Microsoft Lumia 550\u00a0okostelefon: 19.900 Ft (39.900 Ft helyett),<\/li>\n<li>Lenovo Adam A7-10 tablet: 19.900 Ft (29.900 Ft helyett),<\/li>\n<li>Lenovo IdeaPad 110\u00a0notebook: 119.900 Ft (159.900 Ft helyett),<\/li>\n<li>HP 250 G4\u00a0notebook: 64.900 Ft (99.900 Ft helyett),<\/li>\n<li>Lenovo A6010 okostelefon: 36.900 Ft (54.900 Ft helyett),<\/li>\n<\/ul>\n<p>Minden r\u00e9szletet megtudsz id\u0151ben innen: <strong><a href=\"https:\/\/www.notebook.hu\/black-friday\">https:\/\/www.notebook.hu\/black-friday<\/a><\/strong><\/p>\n<p>Figyeld folyamatosan, mert november 25-ig folyamatosan r\u00e1ntjuk le\u00a0a leplet egy-egy akci\u00f3s term\u00e9kr\u0151l, n\u00e9zd meg \u0151ket!<\/p>\n","protected":false},"excerpt":{"rendered":"<p>Black Friday 2016. november 25. \u2013 A nap, amikor a legjobb \u00e1ron v\u00e1s\u00e1rolhatsz! A sokkol\u00f3 kedvezm\u00e9nyek r\u00e9szletei\u00e9rt kattints oldalunkra, ahol naponta \u00fajabb aj\u00e1nlatokat \u00e1rulunk el! Err\u0151l nem szabad lemaradnod! &nbsp; Tudtad, hogy a \u201efekete p\u00e9ntek\u201d fogalma Amerik\u00e1b\u00f3l ered? A tengerent\u00falon ez a h\u00e1laad\u00e1st k\u00f6vet\u0151 p\u00e9ntek elnevez\u00e9se, \u00e9s egyben a hagyom\u00e1nyos kar\u00e1csonyi bev\u00e1s\u00e1rl\u00e1si szezon kezdete. A &hellip;<\/p>\n","protected":false},"author":1,"featured_media":1573,"comment_status":"closed","ping_status":"open","sticky":false,"template":"","format":"standard","meta":{"_jetpack_memberships_contains_paid_content":false,"footnotes":""},"categories":[41],"tags":[45,44,47,46],"class_list":["post-1567","post","type-post","status-publish","format-standard","has-post-thumbnail","","category-hirek","tag-2-az-1-ben-2in1","tag-notebook-laptop","tag-okostelefon-mobiltelefon","tag-tablet"],"jetpack_featured_media_url":"https:\/\/www.notebook.hu\/blog\/wp-content\/uploads\/2016\/11\/20161117_black_friday_v2.jpg","jetpack_shortlink":"https:\/\/wp.me\/p9xSLL-ph","jetpack_sharing_enabled":true,"_links":{"self":[{"href":"https:\/\/www.notebook.hu\/blog\/wp-json\/wp\/v2\/posts\/1567","targetHints":{"allow":["GET"]}}],"collection":[{"href":"https:\/\/www.notebook.hu\/blog\/wp-json\/wp\/v2\/posts"}],"about":[{"href":"https:\/\/www.notebook.hu\/blog\/wp-json\/wp\/v2\/types\/post"}],"author":[{"embeddable":true,"href":"https:\/\/www.notebook.hu\/blog\/wp-json\/wp\/v2\/users\/1"}],"replies":[{"embeddable":true,"href":"https:\/\/www.notebook.hu\/blog\/wp-json\/wp\/v2\/comments?post=1567"}],"version-history":[{"count":4,"href":"https:\/\/www.notebook.hu\/blog\/wp-json\/wp\/v2\/posts\/1567\/revisions"}],"predecessor-version":[{"id":1578,"href":"https:\/\/www.notebook.hu\/blog\/wp-json\/wp\/v2\/posts\/1567\/revisions\/1578"}],"wp:featuredmedia":[{"embeddable":true,"href":"https:\/\/www.notebook.hu\/blog\/wp-json\/wp\/v2\/media\/1573"}],"wp:attachment":[{"href":"https:\/\/www.notebook.hu\/blog\/wp-json\/wp\/v2\/media?parent=1567"}],"wp:term":[{"taxonomy":"category","embeddable":true,"href":"https:\/\/www.notebook.hu\/blog\/wp-json\/wp\/v2\/categories?post=1567"},{"taxonomy":"post_tag","embeddable":true,"href":"https:\/\/www.notebook.hu\/blog\/wp-json\/wp\/v2\/tags?post=1567"}],"curies":[{"name":"wp","href":"https:\/\/api.w.org\/{rel}","templated":true}]}}