{"id":1556,"date":"2016-11-17T09:30:42","date_gmt":"2016-11-17T08:30:42","guid":{"rendered":"http:\/\/www.notebook.hu\/blog\/?p=1556"},"modified":"2022-03-29T00:06:48","modified_gmt":"2022-03-28T22:06:48","slug":"iphone-8-es-a-pletykak-csak-terjednek-ii-milyen-lesz-az-uj-apple-modell","status":"publish","type":"post","link":"https:\/\/www.notebook.hu\/blog\/iphone-8-es-a-pletykak-csak-terjednek-ii-milyen-lesz-az-uj-apple-modell\/","title":{"rendered":"iPhone 8: \u00e9s a pletyk\u00e1k csak terjednek &#8211; II. Milyen lesz az \u00faj Apple modell?"},"content":{"rendered":"<p style=\"text-align: justify;\"><strong>Amint meghalljuk az Apple sz\u00f3t a \u201edr\u00e1ga\u201d, \u201eeleg\u00e1ns\u201d \u00e9s \u201emin\u0151s\u00e9gi\u201d szavak jutnak esz\u00fcnkbe. Alig j\u00f6tt ki az \u00faj iPhone 7, a m\u00e1rka szerelmesei m\u00e1r azt tal\u00e1lgatj\u00e1k, milyen lesz majd a k\u00f6vetkez\u0151 modell. El\u0151z\u0151 bejegyz\u00e9s\u00fcnkben m\u00e1r sz\u00f3 esett n\u00e9h\u00e1ny pletyk\u00e1r\u00f3l, azonban a sornak m\u00e9g nincs v\u00e9ge.<\/strong><\/p>\n<p style=\"text-align: justify;\">\u00c9vekkel ezel\u0151tt, nem is olyan r\u00e9gen m\u00e9g csak sz\u00ednes kijelz\u0151s telefonok sem l\u00e9teztek. \u00dajs\u00e1gokb\u00f3l v\u00e1lasztottuk ki, hogy milyen log\u00f3 legyen a kijelz\u0151nk\u00f6n, mely egy SMS bek\u00fcld\u00e9se ut\u00e1n \u00e9rkezett meg.<\/p>\n<p style=\"text-align: justify;\">Mennyire sokat v\u00e1ltozott a vil\u00e1g! Ma m\u00e1r kamer\u00e1t, f\u00e9nyk\u00e9pez\u0151g\u00e9pet sem vesz\u00fcnk, hiszen ott a telefon. De enn\u00e9l is meglep\u0151bbek mindazon \u00faj\u00edt\u00e1sok, melyeket az Apple eszk\u00f6z\u00f6l egy-egy term\u00e9ke eset\u00e9ben.<\/p>\n<p style=\"text-align: justify;\"><strong>\u00daj t\u00f6lt\u00e9si technol\u00f3gia<\/strong><\/p>\n<p style=\"text-align: justify;\">A Bloomberg h\u00edrei szerint az Apple k\u00f6vetkez\u0151 modellj\u00e9t vezet\u00e9k n\u00e9lk\u00fcl is t\u00f6lthetik majd a tulajdonosaik. Ez nagyban megk\u00f6nny\u00edti majd a felhaszn\u00e1l\u00f3k dolg\u00e1t. Nem kell k\u00e1bellel \u00fcgyeskedni, nem botlunk el benne. Ehelyett k\u00e9nyelmesen, egy vezet\u00e9k n\u00e9lk\u00fcli kapcsolatnak k\u00f6sz\u00f6nhet\u0151en t\u00f6lthetj\u00fck k\u00e9sz\u00fcl\u00e9k\u00fcnket.<\/p>\n<p style=\"text-align: justify;\"><strong>Az el\u0151lapi \u201eHome\u201d gomb elt\u00fcntet\u00e9se<\/strong><\/p>\n<p style=\"text-align: justify;\">Ebben az \u00e9vben az iPhone 7-tel l\u00e1ttuk, hogy az Apple jelent\u0151s jav\u00edt\u00e1sokat \u00e9s \u00faj\u00edt\u00e1sokat vezetett be. Ez az el\u0151lapi gombra is vonatkozik, mely az \u00faj modelln\u00e9l teljesen m\u00e1shogy m\u0171k\u00f6dik, mint ahogy azt eddig megszokhattuk.<\/p>\n<p style=\"text-align: justify;\">Ha j\u00f3l meggondoljuk, ez a v\u00e1ltoztat\u00e1s egy l\u00e9p\u00e9s a gomb teljes elt\u00f6rl\u00e9se fel\u00e9.<\/p>\n<p style=\"text-align: justify;\"><strong>Liquidmetal<\/strong><\/p>\n<p style=\"text-align: justify;\">A Daily Mail \u00e1ll\u00edt\u00e1sa szerint az Apple 10. \u00e9vfordul\u00f3j\u00e1ra a Samsung Edge-hez hasonl\u00f3 Liquidmetal technol\u00f3gi\u00e1t alkalmaz majd.<\/p>\n<p>iPhone-t v\u00e1s\u00e1roln\u00e1l, de nem szeretn\u00e9d egyben kifizetni? Akkor sz\u00e1modra az <a href=\"https:\/\/www.notebook.hu\/blog\/iphone-reszletre\/\">iPhone r\u00e9szletre<\/a> cikk\u00fcnkben \u00edrtunk egy megold\u00e1st, amivel ak\u00e1r 0 Ft \u00f6ner\u0151vel hazaviheted kedvenc Apple telefonodat.<\/p>\n<p>Legfrissebb iPhone h\u00edrek:<\/p>\n<blockquote class=\"wp-embedded-content\" data-secret=\"3pazbvl5S2\"><p><a href=\"https:\/\/www.notebook.hu\/blog\/az-iphone-13-muholdas-kapcsolatra-is-kepes\/\">Az iPhone 13 m\u0171holdas kapcsolatra is k\u00e9pes!?<\/a><\/p><\/blockquote>\n<p><iframe loading=\"lazy\" class=\"wp-embedded-content\" sandbox=\"allow-scripts\" security=\"restricted\" style=\"position: absolute; clip: rect(1px, 1px, 1px, 1px);\" title=\"&#8220;Az iPhone 13 m\u0171holdas kapcsolatra is k\u00e9pes!?&#8221; &#8212; Notebook.hu Blog\" src=\"https:\/\/www.notebook.hu\/blog\/az-iphone-13-muholdas-kapcsolatra-is-kepes\/embed\/#?secret=jFNFpHdtsS#?secret=3pazbvl5S2\" data-secret=\"3pazbvl5S2\" width=\"600\" height=\"338\" frameborder=\"0\" marginwidth=\"0\" marginheight=\"0\" scrolling=\"no\"><\/iframe><\/p>\n","protected":false},"excerpt":{"rendered":"<p>Amint meghalljuk az Apple sz\u00f3t a \u201edr\u00e1ga\u201d, \u201eeleg\u00e1ns\u201d \u00e9s \u201emin\u0151s\u00e9gi\u201d szavak jutnak esz\u00fcnkbe. Alig j\u00f6tt ki az \u00faj iPhone 7, a m\u00e1rka szerelmesei m\u00e1r azt tal\u00e1lgatj\u00e1k, milyen lesz majd a k\u00f6vetkez\u0151 modell. El\u0151z\u0151 bejegyz\u00e9s\u00fcnkben m\u00e1r sz\u00f3 esett n\u00e9h\u00e1ny pletyk\u00e1r\u00f3l, azonban a sornak m\u00e9g nincs v\u00e9ge. \u00c9vekkel ezel\u0151tt, nem is olyan r\u00e9gen m\u00e9g csak sz\u00ednes kijelz\u0151s &hellip;<\/p>\n","protected":false},"author":1,"featured_media":1557,"comment_status":"closed","ping_status":"open","sticky":false,"template":"","format":"standard","meta":{"_jetpack_memberships_contains_paid_content":false,"footnotes":""},"categories":[42],"tags":[47],"class_list":["post-1556","post","type-post","status-publish","format-standard","has-post-thumbnail","","category-cikkek","tag-okostelefon-mobiltelefon"],"jetpack_featured_media_url":"https:\/\/www.notebook.hu\/blog\/wp-content\/uploads\/2016\/11\/38141623_l.jpg","jetpack_shortlink":"https:\/\/wp.me\/p9xSLL-p6","jetpack_sharing_enabled":true,"_links":{"self":[{"href":"https:\/\/www.notebook.hu\/blog\/wp-json\/wp\/v2\/posts\/1556","targetHints":{"allow":["GET"]}}],"collection":[{"href":"https:\/\/www.notebook.hu\/blog\/wp-json\/wp\/v2\/posts"}],"about":[{"href":"https:\/\/www.notebook.hu\/blog\/wp-json\/wp\/v2\/types\/post"}],"author":[{"embeddable":true,"href":"https:\/\/www.notebook.hu\/blog\/wp-json\/wp\/v2\/users\/1"}],"replies":[{"embeddable":true,"href":"https:\/\/www.notebook.hu\/blog\/wp-json\/wp\/v2\/comments?post=1556"}],"version-history":[{"count":3,"href":"https:\/\/www.notebook.hu\/blog\/wp-json\/wp\/v2\/posts\/1556\/revisions"}],"predecessor-version":[{"id":10134,"href":"https:\/\/www.notebook.hu\/blog\/wp-json\/wp\/v2\/posts\/1556\/revisions\/10134"}],"wp:featuredmedia":[{"embeddable":true,"href":"https:\/\/www.notebook.hu\/blog\/wp-json\/wp\/v2\/media\/1557"}],"wp:attachment":[{"href":"https:\/\/www.notebook.hu\/blog\/wp-json\/wp\/v2\/media?parent=1556"}],"wp:term":[{"taxonomy":"category","embeddable":true,"href":"https:\/\/www.notebook.hu\/blog\/wp-json\/wp\/v2\/categories?post=1556"},{"taxonomy":"post_tag","embeddable":true,"href":"https:\/\/www.notebook.hu\/blog\/wp-json\/wp\/v2\/tags?post=1556"}],"curies":[{"name":"wp","href":"https:\/\/api.w.org\/{rel}","templated":true}]}}