{"id":1553,"date":"2016-11-14T09:16:42","date_gmt":"2016-11-14T08:16:42","guid":{"rendered":"http:\/\/www.notebook.hu\/blog\/?p=1553"},"modified":"2016-11-14T09:16:42","modified_gmt":"2016-11-14T08:16:42","slug":"iphone-8-es-a-pletykak-csak-terjednek-i-milyen-lesz-az-uj-apple-modell","status":"publish","type":"post","link":"https:\/\/www.notebook.hu\/blog\/iphone-8-es-a-pletykak-csak-terjednek-i-milyen-lesz-az-uj-apple-modell\/","title":{"rendered":"iPhone 8: \u00e9s a pletyk\u00e1k csak terjednek &#8211; I. Milyen lesz az \u00faj Apple modell?"},"content":{"rendered":"<p style=\"text-align: justify;\"><strong>Alig telt el egy k\u00e9t h\u00f3nap az iPhone 7 \u00e9s iPhone 7 Plus piacra dob\u00e1sa \u00f3ta, de m\u00e1r elindultak a pletyk\u00e1k arr\u00f3l, hogy milyen lesz a k\u00f6vetkez\u0151 modell, azaz az iPhone 8. L\u00e1ssunk csak n\u00e9h\u00e1ny sz\u00f3besz\u00e9det k\u00f6zelebbr\u0151l!<\/strong><\/p>\n<p style=\"text-align: justify;\">Az \u00faj iPhone-ok elad\u00e1sai ugyan nem \u00e9rik el azt a mennyis\u00e9get, amit annak idej\u00e9n az iPhone 6S \u00e9s az iPhone 6S Plus produk\u00e1lt, de k\u00e9ts\u00e9g sem f\u00e9r ahhoz, hogy az \u00faj modellre is szenved\u00e9llyel tekintenek a rajong\u00f3k, akiknek reakci\u00f3ja term\u00e9szetes: m\u00e1r azon gondolkodnak, hogy ezek ut\u00e1n mivel rukkol el\u0151 az Apple, hogy milyen lesz majd az iPhone 8.<\/p>\n<p style=\"text-align: justify;\"><strong>iPhone 8 vagy iPhone 7S?<\/strong><\/p>\n<p style=\"text-align: justify;\">Az a h\u00edr j\u00e1rja, hogy az Apple kicsit figyelmen k\u00edv\u00fcl hagyja majd azt a szab\u00e1lyt, melyet az eddigi modellek elnevez\u00e9se sor\u00e1n k\u00f6vetett \u00e9s a k\u00f6vetkez\u0151 okostelefon neve m\u00f6g\u00e9 nem ker\u00fcl &#8222;S&#8221; bet\u0171, ehelyett az \u00faj k\u00e9sz\u00fcl\u00e9k az iPhone 8 \u00e9s iPhone 8S nevet kapja.<\/p>\n<p style=\"text-align: justify;\"><strong>Meg\u00fajul\u00f3 k\u00fcls\u0151<\/strong><\/p>\n<p style=\"text-align: justify;\">Eddig megszokhattuk, hogy az iPhone S k\u00e9sz\u00fcl\u00e9kek nem sz\u00e1moltak jelent\u0151s v\u00e1ltoz\u00e1ssal el\u0151dj\u00fckh\u00f6z k\u00e9pest. \u00dagy t\u0171nik, ezzel a szab\u00e1llyal is szak\u00edt az Apple. Forradalmi v\u00e1ltoz\u00e1sok k\u00f6vetkeznek.<\/p>\n<p style=\"text-align: justify;\"><strong>V\u00e1ltoz\u00e1s az anyagokban<\/strong><\/p>\n<p style=\"text-align: justify;\">A KGI Securities, mely a technol\u00f3gia vil\u00e1g\u00e1ban rendk\u00edv\u00fcl n\u00e9pszer\u0171, azt \u00e1ll\u00edtja, hogy az iPhone 8 h\u00e1tlapj\u00e1n egy \u00fcvegr\u00e9teg is helyet kap majd. Az \u00faj, 2.5D-s \u00fcvegr\u00e9teg sokkal strapab\u00edr\u00f3bb, mint a 3D verzi\u00f3.<\/p>\n<p style=\"text-align: justify;\"><strong>Ac\u00e9l az alum\u00ednium helyett?<\/strong><\/p>\n<p style=\"text-align: justify;\">Egyes h\u00edresztel\u00e9sek szerint az Apple alum\u00ednium helyett ac\u00e9lt haszn\u00e1l majd k\u00e9sz\u00fcl\u00e9kei gy\u00e1rt\u00e1s\u00e1hoz.<\/p>\n<p style=\"text-align: justify;\"><strong>M\u00e9retbeli k\u00fcl\u00f6nbs\u00e9g<\/strong><\/p>\n<p style=\"text-align: justify;\">Az \u00faj modell alap v\u00e1ltozata megtartan\u00e1 a 4,7 h\u00fcvelykes k\u00e9perny\u0151m\u00e9retet, a v\u00e1ltoz\u00e1s azonban a Plusban meg fog mutatkozni. Az \u00faj k\u00e9sz\u00fcl\u00e9k phablet (tablet \u00e9s okostelefon kever\u00e9ke) form\u00e1j\u00e1ban \u00e9rkezne \u00e9s az 5,5 h\u00fcvelykes m\u00e9retet az 5,8 h\u00fcvelykes k\u00e9perny\u0151 v\u00e1ltan\u00e1 fel.<\/p>\n","protected":false},"excerpt":{"rendered":"<p>Alig telt el egy k\u00e9t h\u00f3nap az iPhone 7 \u00e9s iPhone 7 Plus piacra dob\u00e1sa \u00f3ta, de m\u00e1r elindultak a pletyk\u00e1k arr\u00f3l, hogy milyen lesz a k\u00f6vetkez\u0151 modell, azaz az iPhone 8. L\u00e1ssunk csak n\u00e9h\u00e1ny sz\u00f3besz\u00e9det k\u00f6zelebbr\u0151l! Az \u00faj iPhone-ok elad\u00e1sai ugyan nem \u00e9rik el azt a mennyis\u00e9get, amit annak idej\u00e9n az iPhone 6S \u00e9s &hellip;<\/p>\n","protected":false},"author":1,"featured_media":1554,"comment_status":"closed","ping_status":"open","sticky":false,"template":"","format":"standard","meta":{"_jetpack_memberships_contains_paid_content":false,"footnotes":""},"categories":[42],"tags":[47],"class_list":["post-1553","post","type-post","status-publish","format-standard","has-post-thumbnail","","category-cikkek","tag-okostelefon-mobiltelefon"],"jetpack_featured_media_url":"https:\/\/www.notebook.hu\/blog\/wp-content\/uploads\/2016\/11\/49316505_l.jpg","jetpack_shortlink":"https:\/\/wp.me\/p9xSLL-p3","jetpack_sharing_enabled":true,"_links":{"self":[{"href":"https:\/\/www.notebook.hu\/blog\/wp-json\/wp\/v2\/posts\/1553","targetHints":{"allow":["GET"]}}],"collection":[{"href":"https:\/\/www.notebook.hu\/blog\/wp-json\/wp\/v2\/posts"}],"about":[{"href":"https:\/\/www.notebook.hu\/blog\/wp-json\/wp\/v2\/types\/post"}],"author":[{"embeddable":true,"href":"https:\/\/www.notebook.hu\/blog\/wp-json\/wp\/v2\/users\/1"}],"replies":[{"embeddable":true,"href":"https:\/\/www.notebook.hu\/blog\/wp-json\/wp\/v2\/comments?post=1553"}],"version-history":[{"count":1,"href":"https:\/\/www.notebook.hu\/blog\/wp-json\/wp\/v2\/posts\/1553\/revisions"}],"predecessor-version":[{"id":1555,"href":"https:\/\/www.notebook.hu\/blog\/wp-json\/wp\/v2\/posts\/1553\/revisions\/1555"}],"wp:featuredmedia":[{"embeddable":true,"href":"https:\/\/www.notebook.hu\/blog\/wp-json\/wp\/v2\/media\/1554"}],"wp:attachment":[{"href":"https:\/\/www.notebook.hu\/blog\/wp-json\/wp\/v2\/media?parent=1553"}],"wp:term":[{"taxonomy":"category","embeddable":true,"href":"https:\/\/www.notebook.hu\/blog\/wp-json\/wp\/v2\/categories?post=1553"},{"taxonomy":"post_tag","embeddable":true,"href":"https:\/\/www.notebook.hu\/blog\/wp-json\/wp\/v2\/tags?post=1553"}],"curies":[{"name":"wp","href":"https:\/\/api.w.org\/{rel}","templated":true}]}}