{"id":1548,"date":"2016-11-10T09:59:25","date_gmt":"2016-11-10T08:59:25","guid":{"rendered":"http:\/\/www.notebook.hu\/blog\/?p=1548"},"modified":"2016-11-08T10:01:55","modified_gmt":"2016-11-08T09:01:55","slug":"az-apple-veszit-hatalmabol-csak-semmi-panik-egyaltalan-nem","status":"publish","type":"post","link":"https:\/\/www.notebook.hu\/blog\/az-apple-veszit-hatalmabol-csak-semmi-panik-egyaltalan-nem\/","title":{"rendered":"Az Apple vesz\u00edt hatalm\u00e1b\u00f3l? Csak semmi p\u00e1nik, egy\u00e1ltal\u00e1n nem!"},"content":{"rendered":"<p style=\"text-align: justify;\"><strong>Mi mindenben \u00faj\u00edt az Apple? Az iOS 10 oper\u00e1ci\u00f3s rendszer meg\u00fajul. Milyen \u00fajdons\u00e1gokkal sz\u00e1molhatnak a felhaszn\u00e1l\u00f3k? P\u00e9ld\u00e1ul 100 \u00faj emotikon jelenik meg, de \u00fajratervez\u00e9s \u00e9s \u00faj funkci\u00f3k is szerepelnek az &#8222;\u00e9tlapon&#8221;.<\/strong><\/p>\n<p style=\"text-align: justify;\">Hogy valamif\u00e9le konkr\u00e9tummal is szolg\u00e1ljunk, a pisztoly emotikon v\u00edzipisztolly\u00e1 alakult. H\u00e1t ilyen sz\u00e9ls\u0151s\u00e9gekhez \u00e9rkezt\u00fcnk.<\/p>\n<p style=\"text-align: justify;\">Az Egyes\u00fclt \u00c1llamok az ellentmond\u00e1sok orsz\u00e1g\u00e1nak is mondhat\u00f3: egyr\u00e9szt enged\u00e9lyezik a fegyverek birtokl\u00e1s\u00e1t \u00e9s elad\u00e1s\u00e1t, ugyanakkor felh\u00e1borodnak az &#8222;\u00e1rtatlan&#8221; \u00e9s &#8222;\u00e1rtalmatlan&#8221; hangulatjelen (mely a val\u00f3di pisztolyt takarja). Hogy egy konkr\u00e9t p\u00e9ld\u00e1t is eml\u00edts\u00fcnk, felh\u00e1borod\u00e1st keltett az orsz\u00e1gban egy 12 \u00e9ves kisl\u00e1ny \u00e1ltal k\u00fcld\u00f6tt eredeti pisztolyos hangulatjel egy Instagram \u00fczenetben.<\/p>\n<p style=\"text-align: justify;\">Az \u00fcgy nem mell\u00e9kesen akkora port kavart, hogy megjelent egy weboldal, mely felsz\u00f3l\u00edtja az Apple-t az emotikon elt\u00e1vol\u00edt\u00e1s\u00e1ra az oper\u00e1ci\u00f3s rendszerb\u0151l.<\/p>\n<p style=\"text-align: justify;\">Ahogy kor\u00e1bban eml\u00edtett\u00fck, az \u00fajdons\u00e1gok emotikonok form\u00e1j\u00e1ban is megmutatkoznak \u00e9s az iOS 10 k\u00fcl\u00f6nf\u00e9le munkak\u00f6r\u00f6kben \u00e1br\u00e1zolja a n\u0151ket, megjelennek egyed\u00fcl\u00e1ll\u00f3 sz\u00fcl\u0151k is, de a sziv\u00e1rv\u00e1ny sz\u00edn\u0171 z\u00e1szl\u00f3, valamint az olimpi\u00e1t kihaszn\u00e1lva sportol\u00f3 h\u00f6lgyek is megmutatkoznak: sz\u00f6rf\u00f6znek, s\u00falyt emelnek, ker\u00e9kp\u00e1roznak \u00e9s futnak.<\/p>\n<p style=\"text-align: justify;\">A technikai \u00faj\u00edt\u00e1sokr\u00f3l nap mint nap hallunk. Manaps\u00e1g, ha sz\u00fcks\u00e9g\u00fcnk van ak\u00e1rmilyen inform\u00e1ci\u00f3ra, sz\u00e1mos lehet\u0151s\u00e9g\u00fcnk van. Nem kell elmenn\u00fcnk a k\u00f6nyvt\u00e1rba, nem kell lexikonokat \u00e9s enciklop\u00e9di\u00e1kat b\u00fajnunk. Egyszer\u0171en csak felmegy\u00fcnk a netre.<\/p>\n<p style=\"text-align: justify;\">Erre is t\u00f6bbf\u00e9le lehet\u0151s\u00e9g\u00fcnk van. Eml\u00e9kszel m\u00e9g a bet\u00e1rcs\u00e1z\u00f3s netre? A mai fiataloknak fogalmuk sincs, mir\u0151l van sz\u00f3. \u0150k m\u00e1r a WiFi vil\u00e1g\u00e1ban n\u0151ttek fel.<\/p>\n<p style=\"text-align: justify;\">Ha b\u00e1rmit tudni szeretn\u00e9l, ak\u00e1rmikor ut\u00e1nan\u00e9zhetsz b\u00e1rminek. Csup\u00e1n csak el\u0151 kell kapnod okostelefonodat, vagy tabletedet.<\/p>\n<p style=\"text-align: justify;\">Tarts l\u00e9p\u00e9st a XXI. sz\u00e1zaddal \u00e9s k\u00f6vesd blogunkat, hogy jobban megismerd a technol\u00f3gia vil\u00e1g\u00e1t!<\/p>\n","protected":false},"excerpt":{"rendered":"<p>Mi mindenben \u00faj\u00edt az Apple? Az iOS 10 oper\u00e1ci\u00f3s rendszer meg\u00fajul. Milyen \u00fajdons\u00e1gokkal sz\u00e1molhatnak a felhaszn\u00e1l\u00f3k? P\u00e9ld\u00e1ul 100 \u00faj emotikon jelenik meg, de \u00fajratervez\u00e9s \u00e9s \u00faj funkci\u00f3k is szerepelnek az &#8222;\u00e9tlapon&#8221;. Hogy valamif\u00e9le konkr\u00e9tummal is szolg\u00e1ljunk, a pisztoly emotikon v\u00edzipisztolly\u00e1 alakult. H\u00e1t ilyen sz\u00e9ls\u0151s\u00e9gekhez \u00e9rkezt\u00fcnk. Az Egyes\u00fclt \u00c1llamok az ellentmond\u00e1sok orsz\u00e1g\u00e1nak is mondhat\u00f3: egyr\u00e9szt enged\u00e9lyezik &hellip;<\/p>\n","protected":false},"author":1,"featured_media":1549,"comment_status":"closed","ping_status":"open","sticky":false,"template":"","format":"standard","meta":{"_jetpack_memberships_contains_paid_content":false,"footnotes":""},"categories":[42],"tags":[56,44,47],"class_list":["post-1548","post","type-post","status-publish","format-standard","has-post-thumbnail","","category-cikkek","tag-apple","tag-notebook-laptop","tag-okostelefon-mobiltelefon"],"jetpack_featured_media_url":"https:\/\/www.notebook.hu\/blog\/wp-content\/uploads\/2016\/11\/38598501_l.jpg","jetpack_shortlink":"https:\/\/wp.me\/p9xSLL-oY","jetpack_sharing_enabled":true,"_links":{"self":[{"href":"https:\/\/www.notebook.hu\/blog\/wp-json\/wp\/v2\/posts\/1548","targetHints":{"allow":["GET"]}}],"collection":[{"href":"https:\/\/www.notebook.hu\/blog\/wp-json\/wp\/v2\/posts"}],"about":[{"href":"https:\/\/www.notebook.hu\/blog\/wp-json\/wp\/v2\/types\/post"}],"author":[{"embeddable":true,"href":"https:\/\/www.notebook.hu\/blog\/wp-json\/wp\/v2\/users\/1"}],"replies":[{"embeddable":true,"href":"https:\/\/www.notebook.hu\/blog\/wp-json\/wp\/v2\/comments?post=1548"}],"version-history":[{"count":1,"href":"https:\/\/www.notebook.hu\/blog\/wp-json\/wp\/v2\/posts\/1548\/revisions"}],"predecessor-version":[{"id":1550,"href":"https:\/\/www.notebook.hu\/blog\/wp-json\/wp\/v2\/posts\/1548\/revisions\/1550"}],"wp:featuredmedia":[{"embeddable":true,"href":"https:\/\/www.notebook.hu\/blog\/wp-json\/wp\/v2\/media\/1549"}],"wp:attachment":[{"href":"https:\/\/www.notebook.hu\/blog\/wp-json\/wp\/v2\/media?parent=1548"}],"wp:term":[{"taxonomy":"category","embeddable":true,"href":"https:\/\/www.notebook.hu\/blog\/wp-json\/wp\/v2\/categories?post=1548"},{"taxonomy":"post_tag","embeddable":true,"href":"https:\/\/www.notebook.hu\/blog\/wp-json\/wp\/v2\/tags?post=1548"}],"curies":[{"name":"wp","href":"https:\/\/api.w.org\/{rel}","templated":true}]}}