{"id":1545,"date":"2016-11-08T09:59:09","date_gmt":"2016-11-08T08:59:09","guid":{"rendered":"http:\/\/www.notebook.hu\/blog\/?p=1545"},"modified":"2016-11-08T09:59:09","modified_gmt":"2016-11-08T08:59:09","slug":"a-samsung-leallitja-a-note-7-gyartasat-veszelyforras-itt-a-vege","status":"publish","type":"post","link":"https:\/\/www.notebook.hu\/blog\/a-samsung-leallitja-a-note-7-gyartasat-veszelyforras-itt-a-vege\/","title":{"rendered":"A Samsung le\u00e1ll\u00edtja a Note 7 gy\u00e1rt\u00e1s\u00e1t &#8211; Vesz\u00e9lyforr\u00e1s, itt a v\u00e9ge"},"content":{"rendered":"<p style=\"text-align: justify;\"><strong>2016 okt\u00f3ber\u00e9ben a Samsung bejelentette, hogy az egyik okostelefonj\u00e1t, a Note 7 gy\u00e1rt\u00e1s\u00e1t le\u00e1ll\u00edtja. A gy\u00e1rt\u00f3 egyik modellje miatt evaku\u00e1lni kellett egy utassz\u00e1ll\u00edt\u00f3 rep\u00fcl\u0151t.<\/strong><\/p>\n<p style=\"text-align: justify;\">A tudom\u00e1ny \u00e9s a technol\u00f3gia folyamatosan halad, csak tudjunk vele l\u00e9p\u00e9st tartani. Manaps\u00e1g szinte mindenkinek van okostelefonja, laptopja \u00e9s napi szinten haszn\u00e1lja is ezeket az eszk\u00f6z\u00f6ket.<\/p>\n<p style=\"text-align: justify;\">Hetente hallunk h\u00edreket \u00faj\u00edt\u00e1sokr\u00f3l, \u00faj modellekr\u0151l, jav\u00edt\u00e1sokr\u00f3l. A telefonok egyre jobb k\u00e9pet k\u00e9sz\u00edtenek, a felhaszn\u00e1l\u00f3i \u00e9lm\u00e9ny pedig egyre n\u0151. Vannak azonban (b\u00e1r eleny\u00e9sz\u0151 sz\u00e1mmal) probl\u00e9m\u00e1s esetek is, amikor p\u00e9ld\u00e1ul egy-egy modellt vissza kell h\u00edvni, esetleg le kell \u00e1ll\u00edtani a gy\u00e1rt\u00e1s\u00e1t. \u00cdgy t\u00f6rt\u00e9nt ez legut\u00f3bb a Samsung Galaxy Note 7-tel is.<\/p>\n<p style=\"text-align: justify;\">Augusztus v\u00e9g\u00e9n a Samsung visszah\u00edvta az \u00f6sszes addig eladott Note 7-es k\u00e9sz\u00fcl\u00e9ket. Friss\u00edtette az oper\u00e1ci\u00f3s rendszer\u00e9t, \u00edgy k\u00edv\u00e1nta megakad\u00e1lyozni, hogy az eszk\u00f6z\u00f6k felrobbanjanak (mert ez t\u00f6rt\u00e9nt addig egyes k\u00e9sz\u00fcl\u00e9kekkel). Mindezek ellen\u00e9re \u00fagy t\u0171nik, a probl\u00e9m\u00e1t nem siker\u00fclt megoldania.<\/p>\n<p style=\"text-align: justify;\">Az \u00fcgy r\u00e1ad\u00e1sul meglehet\u0151sen aggaszt\u00f3, ugyanis nem csak azok a k\u00e9sz\u00fcl\u00e9kek robbanhatnak fel, amelyek \u00e9ppen t\u00f6lt\u0151dnek, hanem azok is, amelyek nincsenek a t\u00f6lt\u0151re csatlakoztatva.<\/p>\n<p style=\"text-align: justify;\">A Note 7 akksija nem b\u00edrja a gyors t\u00f6lt\u00e9st? T\u00falmelegszik a csatlakoz\u00f3? Van olyan alkatr\u00e9sze, mely r\u00f6vidz\u00e1rlatot okoz? Igazs\u00e1g szerint mindannyian t\u00f6bb inform\u00e1ci\u00f3ra v\u00e1gyunk, azonban tekintve, hogy a Samsungnak sem siker\u00fclt megold\u00e1st tal\u00e1lni a probl\u00e9m\u00e1ra, \u00fagy t\u0171nik, a r\u00e9szleteket rejt\u00e9ly \u00f6vezi.<\/p>\n<p style=\"text-align: justify;\">A Samsung hivatalos oldal\u00e1n publik\u00e1lt egy k\u00f6zlem\u00e9nyt, melyben arra k\u00e9rte az \u00f6sszes Note 7 felhaszn\u00e1l\u00f3t, hogy kapcsolja ki a k\u00e9sz\u00fcl\u00e9ket \u00e9s ne haszn\u00e1lja legal\u00e1bb addig, am\u00edg nem tiszt\u00e1zta a balesetek okait \u00e9s nem siker\u00fcl orvosolnia a probl\u00e9m\u00e1t.<\/p>\n<p style=\"text-align: justify;\">K\u00e9s\u0151bb pedig m\u00e1r hivatalos nyilatkozatban ny\u00fajtottak t\u00e1j\u00e9koztat\u00e1st. Azt \u00edrt\u00e1k, hogy a felhaszn\u00e1l\u00f3k biztons\u00e1ga \u00e9rdek\u00e9ben le\u00e1ll\u00edtott\u00e1k a Samsung Galaxy Note 7 forgalmaz\u00e1s\u00e1t \u00e9s a telefonok becser\u00e9l\u00e9s\u00e9t, valamint a gy\u00e1rt\u00e1st is v\u00e9glegesen le\u00e1ll\u00edtott\u00e1k.<\/p>\n","protected":false},"excerpt":{"rendered":"<p>2016 okt\u00f3ber\u00e9ben a Samsung bejelentette, hogy az egyik okostelefonj\u00e1t, a Note 7 gy\u00e1rt\u00e1s\u00e1t le\u00e1ll\u00edtja. A gy\u00e1rt\u00f3 egyik modellje miatt evaku\u00e1lni kellett egy utassz\u00e1ll\u00edt\u00f3 rep\u00fcl\u0151t. A tudom\u00e1ny \u00e9s a technol\u00f3gia folyamatosan halad, csak tudjunk vele l\u00e9p\u00e9st tartani. Manaps\u00e1g szinte mindenkinek van okostelefonja, laptopja \u00e9s napi szinten haszn\u00e1lja is ezeket az eszk\u00f6z\u00f6ket. Hetente hallunk h\u00edreket \u00faj\u00edt\u00e1sokr\u00f3l, \u00faj &hellip;<\/p>\n","protected":false},"author":1,"featured_media":1546,"comment_status":"closed","ping_status":"open","sticky":false,"template":"","format":"standard","meta":{"_jetpack_memberships_contains_paid_content":false,"footnotes":""},"categories":[42],"tags":[47],"class_list":["post-1545","post","type-post","status-publish","format-standard","has-post-thumbnail","","category-cikkek","tag-okostelefon-mobiltelefon"],"jetpack_featured_media_url":"https:\/\/www.notebook.hu\/blog\/wp-content\/uploads\/2016\/11\/49378102_l.jpg","jetpack_shortlink":"https:\/\/wp.me\/p9xSLL-oV","jetpack_sharing_enabled":true,"_links":{"self":[{"href":"https:\/\/www.notebook.hu\/blog\/wp-json\/wp\/v2\/posts\/1545","targetHints":{"allow":["GET"]}}],"collection":[{"href":"https:\/\/www.notebook.hu\/blog\/wp-json\/wp\/v2\/posts"}],"about":[{"href":"https:\/\/www.notebook.hu\/blog\/wp-json\/wp\/v2\/types\/post"}],"author":[{"embeddable":true,"href":"https:\/\/www.notebook.hu\/blog\/wp-json\/wp\/v2\/users\/1"}],"replies":[{"embeddable":true,"href":"https:\/\/www.notebook.hu\/blog\/wp-json\/wp\/v2\/comments?post=1545"}],"version-history":[{"count":1,"href":"https:\/\/www.notebook.hu\/blog\/wp-json\/wp\/v2\/posts\/1545\/revisions"}],"predecessor-version":[{"id":1547,"href":"https:\/\/www.notebook.hu\/blog\/wp-json\/wp\/v2\/posts\/1545\/revisions\/1547"}],"wp:featuredmedia":[{"embeddable":true,"href":"https:\/\/www.notebook.hu\/blog\/wp-json\/wp\/v2\/media\/1546"}],"wp:attachment":[{"href":"https:\/\/www.notebook.hu\/blog\/wp-json\/wp\/v2\/media?parent=1545"}],"wp:term":[{"taxonomy":"category","embeddable":true,"href":"https:\/\/www.notebook.hu\/blog\/wp-json\/wp\/v2\/categories?post=1545"},{"taxonomy":"post_tag","embeddable":true,"href":"https:\/\/www.notebook.hu\/blog\/wp-json\/wp\/v2\/tags?post=1545"}],"curies":[{"name":"wp","href":"https:\/\/api.w.org\/{rel}","templated":true}]}}