{"id":1529,"date":"2016-10-24T08:52:04","date_gmt":"2016-10-24T06:52:04","guid":{"rendered":"http:\/\/www.notebook.hu\/blog\/?p=1529"},"modified":"2016-10-24T08:52:04","modified_gmt":"2016-10-24T06:52:04","slug":"a-toredezettsegmentesitesrol-az-orvossag-a-folyamatok-felgyorsitasa-erdekeben","status":"publish","type":"post","link":"https:\/\/www.notebook.hu\/blog\/a-toredezettsegmentesitesrol-az-orvossag-a-folyamatok-felgyorsitasa-erdekeben\/","title":{"rendered":"A t\u00f6redezetts\u00e9gmentes\u00edt\u00e9sr\u0151l. Az orvoss\u00e1g a folyamatok felgyors\u00edt\u00e1sa \u00e9rdek\u00e9ben."},"content":{"rendered":"<p style=\"text-align: justify;\"><strong>A sz\u00e1m\u00edt\u00f3g\u00e9pek, laptopok, olykor szeretnek minket megviccelni, \u00e9s ha valaki nem \u00e9rti a po\u00e9nt, vagyis azt, hogy mi hogyan m\u0171k\u00f6dik, bizony egy\u00e1ltal\u00e1n nem mosolyodik el. Az eff\u00e9le probl\u00e9m\u00e1k orvosl\u00e1s\u00e1ra d\u00f6nt\u00f6tt\u00fcnk \u00fagy, hogy bejegyz\u00e9seinkben hasznos tan\u00e1csokkal, tippekkel l\u00e1tunk el.<\/strong><\/p>\n<p style=\"text-align: justify;\">Mi van akkor, ha lelassul a g\u00e9ped? Mi lehet a h\u00e1tt\u00e9rben? Tal\u00e1n a merevlemez t\u00f6redezetts\u00e9ge? A t\u00f6redezetts\u00e9g mentes\u00edt\u00e9ssel a merevlemez f\u00e1jljai tiszt\u00e1bbak \u00e9s kompaktabbak lesznek, ez\u00e1ltal felgyorsul a g\u00e9ped.<\/p>\n<p style=\"text-align: justify;\">A g\u00e9p m\u0171k\u00f6d\u00e9s\u00e9hez sz\u00fcks\u00e9ges f\u00e1jlok kevesebb helyet foglalnak majd el a merevlemezen, \u00edgy m\u0171k\u00f6d\u00e9s\u00fckh\u00f6z kevesebb mem\u00f3ri\u00e1t is ig\u00e9nyelnek. Az eredm\u00e9ny nem marad el: k\u00f6nnyebb hozz\u00e1f\u00e9r\u00e9s a f\u00e1jlokhoz \u00e9s gyorsabb reakci\u00f3 a g\u00e9p r\u00e9sz\u00e9r\u0151l.<\/p>\n<p style=\"text-align: justify;\">Mindenki arra v\u00e1gyik, hogy g\u00e9pe min\u00e9l gyorsabban \u00e9s hat\u00e9konyabban m\u0171k\u00f6dj\u00f6n. Ne kelljen m\u00e1r perceket v\u00e1rni ahhoz, hogy megnyisson egy programot! Ha van lehet\u0151s\u00e9ged orvosolni a probl\u00e9m\u00e1t, mi\u00e9rt ne tenn\u00e9d?<\/p>\n<p style=\"text-align: justify;\"><strong>Miel\u0151tt t\u00f6redezetts\u00e9gmentes\u00edten\u00e9d a merevlemezt<\/strong><\/p>\n<p style=\"text-align: justify;\">Tartsd szem el\u0151tt, hogy a folyamat legal\u00e1bb egy \u00f3r\u00e1t vesz ig\u00e9nybe. Ez tudod, mit jelent, ugye? Hogy g\u00e9pedet ez id\u0151 alatt n\u00e9lk\u00fcl\u00f6zn\u00f6d kell. Ez olykor neh\u00e9zs\u00e9get okoz. Ha p\u00e9ld\u00e1ul munk\u00e1dhoz elengedhetetlen, hogy g\u00e9pk\u00f6zelben l\u00e9gy, esetleg m\u00e1snapra s\u00fcrg\u0151sen le kell adnod egy essz\u00e9t.<\/p>\n<p style=\"text-align: justify;\">B\u00e1r mag\u00e1t\u00f3l \u00e9rtet\u0151dik, ell\u00e1tunk egy tippel: t\u00f6redezetts\u00e9gmentes\u00edts \u00e9jszaka, amikor alszol. Vannak k\u00fcl\u00f6nf\u00e9le programok, melyekkel id\u0151z\u00edtheted, hogy mikor kapcsoljon ki a g\u00e9ped automatikusan. T\u00f6lts le egyet \u00e9s menj aludni nyugodtan.<\/p>\n<p style=\"text-align: justify;\">Azt se t\u00e9veszd szem el\u0151l, hogy vannak bizonyos energiamegtakar\u00edt\u00e1si lehet\u0151s\u00e9gek (\u00edgy p\u00e9ld\u00e1ul a k\u00e9perny\u0151k\u00edm\u00e9l\u0151 bekapcsol\u00e1sa), melyek sor\u00e1n le\u00e1llhat a folyamat \u00e9s mindent el\u00f6lr\u0151l kezdhetsz. Gy\u0151z\u0151dj meg arr\u00f3l, hogy semmi sem zavarja meg a t\u00f6redezetts\u00e9g mentes\u00edt\u00e9st!<\/p>\n<p style=\"text-align: justify;\">Sorozatunk tov\u00e1bbi r\u00e9szei:<\/p>\n<p style=\"text-align: justify;\"><strong><span style=\"color: #000080;\"><a style=\"color: #000080;\" href=\"https:\/\/www.notebook.hu\/blog\/a-toredezettsegmentesitesrol-mi-ez-es-hogyan-mukodik\/\">A t\u00f6redezetts\u00e9gmentes\u00edt\u00e9sr\u0151l. Mi ez \u00e9s hogyan m\u0171k\u00f6dik?<\/a><\/span><\/strong><\/p>\n","protected":false},"excerpt":{"rendered":"<p>A sz\u00e1m\u00edt\u00f3g\u00e9pek, laptopok, olykor szeretnek minket megviccelni, \u00e9s ha valaki nem \u00e9rti a po\u00e9nt, vagyis azt, hogy mi hogyan m\u0171k\u00f6dik, bizony egy\u00e1ltal\u00e1n nem mosolyodik el. Az eff\u00e9le probl\u00e9m\u00e1k orvosl\u00e1s\u00e1ra d\u00f6nt\u00f6tt\u00fcnk \u00fagy, hogy bejegyz\u00e9seinkben hasznos tan\u00e1csokkal, tippekkel l\u00e1tunk el. Mi van akkor, ha lelassul a g\u00e9ped? Mi lehet a h\u00e1tt\u00e9rben? Tal\u00e1n a merevlemez t\u00f6redezetts\u00e9ge? A t\u00f6redezetts\u00e9g &hellip;<\/p>\n","protected":false},"author":1,"featured_media":1530,"comment_status":"closed","ping_status":"open","sticky":false,"template":"","format":"standard","meta":{"_jetpack_memberships_contains_paid_content":false,"footnotes":""},"categories":[42],"tags":[44],"class_list":["post-1529","post","type-post","status-publish","format-standard","has-post-thumbnail","","category-cikkek","tag-notebook-laptop"],"jetpack_featured_media_url":"https:\/\/www.notebook.hu\/blog\/wp-content\/uploads\/2016\/10\/42207697_l.jpg","jetpack_shortlink":"https:\/\/wp.me\/p9xSLL-oF","jetpack_sharing_enabled":true,"_links":{"self":[{"href":"https:\/\/www.notebook.hu\/blog\/wp-json\/wp\/v2\/posts\/1529","targetHints":{"allow":["GET"]}}],"collection":[{"href":"https:\/\/www.notebook.hu\/blog\/wp-json\/wp\/v2\/posts"}],"about":[{"href":"https:\/\/www.notebook.hu\/blog\/wp-json\/wp\/v2\/types\/post"}],"author":[{"embeddable":true,"href":"https:\/\/www.notebook.hu\/blog\/wp-json\/wp\/v2\/users\/1"}],"replies":[{"embeddable":true,"href":"https:\/\/www.notebook.hu\/blog\/wp-json\/wp\/v2\/comments?post=1529"}],"version-history":[{"count":3,"href":"https:\/\/www.notebook.hu\/blog\/wp-json\/wp\/v2\/posts\/1529\/revisions"}],"predecessor-version":[{"id":1533,"href":"https:\/\/www.notebook.hu\/blog\/wp-json\/wp\/v2\/posts\/1529\/revisions\/1533"}],"wp:featuredmedia":[{"embeddable":true,"href":"https:\/\/www.notebook.hu\/blog\/wp-json\/wp\/v2\/media\/1530"}],"wp:attachment":[{"href":"https:\/\/www.notebook.hu\/blog\/wp-json\/wp\/v2\/media?parent=1529"}],"wp:term":[{"taxonomy":"category","embeddable":true,"href":"https:\/\/www.notebook.hu\/blog\/wp-json\/wp\/v2\/categories?post=1529"},{"taxonomy":"post_tag","embeddable":true,"href":"https:\/\/www.notebook.hu\/blog\/wp-json\/wp\/v2\/tags?post=1529"}],"curies":[{"name":"wp","href":"https:\/\/api.w.org\/{rel}","templated":true}]}}