{"id":1491,"date":"2016-09-22T09:59:42","date_gmt":"2016-09-22T07:59:42","guid":{"rendered":"http:\/\/www.notebook.hu\/blog\/?p=1491"},"modified":"2016-09-19T10:04:59","modified_gmt":"2016-09-19T08:04:59","slug":"a-virusok-es-a-linux-ii","status":"publish","type":"post","link":"https:\/\/www.notebook.hu\/blog\/a-virusok-es-a-linux-ii\/","title":{"rendered":"A v\u00edrusok \u00e9s a Linux II."},"content":{"rendered":"<p style=\"text-align: justify;\"><span style=\"font-size: 10.0pt; font-family: 'Verdana',sans-serif;\">A v\u00edrusok nagyon sok felhaszn\u00e1l\u00f3 dolg\u00e1t nehez\u00edtik meg. Folyton \u00fajabb \u00e9s \u00fajabb k\u00e1rtev\u0151k bukkannak fel. Elvesz\u00edtheted nyaral\u00e1sod k\u00e9peit, az eddigi munk\u00e1idat, adataidat, mindent, amit a g\u00e9peden t\u00e1rolsz \u00e9s nem mentetted el pendrive-ra vagy egy\u00e9b adatt\u00e1rol\u00f3ra.<\/span><\/p>\n<p style=\"text-align: justify;\"><span style=\"font-size: 10.0pt; font-family: 'Verdana',sans-serif;\">A zsarol\u00f3v\u00edrusokr\u00f3l egyre t\u00f6bbet hallunk \u00e9s egyre kellemetlenebb h\u00edreket. Az eff\u00e9le k\u00e1rtev\u0151k elt\u0171ntetnek bizonyos mapp\u00e1kat, f\u00e1jlokat g\u00e9pedr\u0151l \u00e9s egy \u00fczenetben t\u00e1j\u00e9koztatnak arr\u00f3l, hogy milyen sz\u00e1mlasz\u00e1mra, mekkora \u00f6sszeget k\u00fcldj, hogy visszakapd, ami a ti\u00e9d.<\/span><\/p>\n<p style=\"text-align: justify;\"><span style=\"font-size: 10.0pt; font-family: 'Verdana',sans-serif;\">Az a helyzet, hogy nagyon sok esetben hi\u00e1ba utal az ember, a f\u00e1jlok jelent\u0151s r\u00e9sz\u00e9t m\u00e9g \u00edgy sem kaphatja vissza.<\/span><\/p>\n<p style=\"text-align: justify;\"><span style=\"font-size: 10.0pt; font-family: 'Verdana',sans-serif;\">\u00c1tver\u00e9s az eg\u00e9sz, ez a v\u00edrusok vil\u00e1ga \u00e9s a legjobb, ha t\u00e1vol tartod magad t\u0151le.<\/span><\/p>\n<p style=\"text-align: justify;\"><span style=\"font-size: 10.0pt; font-family: 'Verdana',sans-serif;\">Az el\u0151z\u0151 bejegyz\u00e9s\u00fcnkben m\u00e1r volt sz\u00f3 a v\u00edrusok \u00e9s a Linux kapcsolat\u00e1r\u00f3l. Tudjuk, hogy Windows oper\u00e1ci\u00f3s rendszerre sokkal t\u00f6bb k\u00e1rtev\u0151t k\u00e9sz\u00edtenek, hiszen a felhaszn\u00e1l\u00f3i k\u00f6r sz\u00e9lesebb. Ez megk\u00f6nny\u00edti a Linuxot haszn\u00e1l\u00f3k dolg\u00e1t, hiszen nincs sz\u00fcks\u00e9g\u00fck sem antiv\u00edrusra, sem t\u0171zfalra.<\/span><\/p>\n<p style=\"text-align: justify;\"><span style=\"font-size: 10.0pt; font-family: 'Verdana',sans-serif;\">Fontos azonban kiemelni, hogy azon Linux felhaszn\u00e1l\u00f3k, akik egy\u00e9b oper\u00e1ci\u00f3s rendszert is haszn\u00e1lnak, esetleg m\u00e1s, Windows rendszerrel sz\u00e1mol\u00f3 g\u00e9pre k\u00fcldenek adatokat, \u201eudvariass\u00e1gb\u00f3l\u201d j\u00f3, ha telep\u00edtenek egy v\u00edrusirt\u00f3t. Ennek az oka, hogy a Linux g\u00e9p lehet Windowsra k\u00e9sz\u00edtett k\u00e1rtev\u0151vel fert\u0151z\u00f6tt. Ez persze a Linux sz\u00e1m\u00e1ra nem okoz kellemetlens\u00e9get, a Windows sz\u00e1m\u00e1ra viszont ann\u00e1l ink\u00e1bb.<\/span><\/p>\n<p style=\"text-align: justify;\"><span style=\"font-size: 10.0pt; font-family: 'Verdana',sans-serif;\">K\u00e9pzeld csak el, hogy legjobb bar\u00e1tod Windows felhaszn\u00e1l\u00f3 \u00e9s Te Linux rendszeredr\u0151l k\u00fcld\u00f6d el neki a sz\u00fclinapi buli k\u00e9peit. Kellemetlen, ha \u00e9ppen Te fert\u0151z\u00f6d meg a haver g\u00e9p\u00e9t.<\/span><\/p>\n<p style=\"text-align: justify;\"><span style=\"font-size: 10.0pt; font-family: 'Verdana',sans-serif;\">Persze ez a Te d\u00f6nt\u00e9sed, egyesek \u00fagy gondolj\u00e1k, hogy a fogad\u00f3 g\u00e9p tulajdonos\u00e1nak kell megtenni minden t\u0151le telhet\u0151t, hogy g\u00e9p\u00e9t ne fert\u0151zze meg semmif\u00e9le v\u00edrus.<\/span><\/p>\n<p style=\"text-align: justify;\"><span style=\"font-size: 10.0pt; font-family: 'Verdana',sans-serif;\">Linuxot haszn\u00e1lsz? K\u00f6nnyen lehet, hogy a g\u00e9ped tele van Windowsra k\u00e9sz\u00fclt v\u00edrussal. De nem kell megijedned. Ugye, nem vett\u00e9l \u00e9szre semmi furcs\u00e1t? Ezek a k\u00e1rtev\u0151k a Te oper\u00e1ci\u00f3s rendszeredre n\u00e9zve \u00e1rtalmatlanok.<\/span><\/p>\n<p style=\"text-align: justify;\"><span style=\"font-size: 10.0pt; font-family: 'Verdana',sans-serif;\">Az egyetlen kellemetlens\u00e9g az lehet, hogy a v\u00edrusok helyet foglalnak a merevlemezeden, de az is t\u00e9ny, hogy rendk\u00edv\u00fcl keveset, jelenl\u00e9t\u00fck alig \u00e9szrevehet\u0151.<\/span><\/p>\n<p style=\"text-align: justify;\">Sorozatunk tov\u00e1bbi r\u00e9szei:<\/p>\n<p style=\"text-align: justify;\"><span style=\"color: #000080;\"><strong><a style=\"color: #000080;\" href=\"https:\/\/www.notebook.hu\/blog\/miert-valaszd-a-linuxot\/\">Mi\u00e9rt v\u00e1laszd a Linuxot?<\/a><\/strong><\/span><\/p>\n<p style=\"text-align: justify;\"><strong><span style=\"color: #000080;\"><a style=\"color: #000080;\" href=\"https:\/\/www.notebook.hu\/blog\/a-virusok-es-a-linux\/\">A v\u00edrusok \u00e9s a Linux<\/a><\/span><\/strong><\/p>\n","protected":false},"excerpt":{"rendered":"<p>A v\u00edrusok nagyon sok felhaszn\u00e1l\u00f3 dolg\u00e1t nehez\u00edtik meg. Folyton \u00fajabb \u00e9s \u00fajabb k\u00e1rtev\u0151k bukkannak fel. Elvesz\u00edtheted nyaral\u00e1sod k\u00e9peit, az eddigi munk\u00e1idat, adataidat, mindent, amit a g\u00e9peden t\u00e1rolsz \u00e9s nem mentetted el pendrive-ra vagy egy\u00e9b adatt\u00e1rol\u00f3ra. A zsarol\u00f3v\u00edrusokr\u00f3l egyre t\u00f6bbet hallunk \u00e9s egyre kellemetlenebb h\u00edreket. Az eff\u00e9le k\u00e1rtev\u0151k elt\u0171ntetnek bizonyos mapp\u00e1kat, f\u00e1jlokat g\u00e9pedr\u0151l \u00e9s egy \u00fczenetben &hellip;<\/p>\n","protected":false},"author":1,"featured_media":1492,"comment_status":"closed","ping_status":"open","sticky":false,"template":"","format":"standard","meta":{"_jetpack_memberships_contains_paid_content":false,"footnotes":""},"categories":[42],"tags":[44],"class_list":["post-1491","post","type-post","status-publish","format-standard","has-post-thumbnail","","category-cikkek","tag-notebook-laptop"],"jetpack_featured_media_url":"https:\/\/www.notebook.hu\/blog\/wp-content\/uploads\/2016\/09\/31485986_l.jpg","jetpack_shortlink":"https:\/\/wp.me\/p9xSLL-o3","jetpack_sharing_enabled":true,"_links":{"self":[{"href":"https:\/\/www.notebook.hu\/blog\/wp-json\/wp\/v2\/posts\/1491","targetHints":{"allow":["GET"]}}],"collection":[{"href":"https:\/\/www.notebook.hu\/blog\/wp-json\/wp\/v2\/posts"}],"about":[{"href":"https:\/\/www.notebook.hu\/blog\/wp-json\/wp\/v2\/types\/post"}],"author":[{"embeddable":true,"href":"https:\/\/www.notebook.hu\/blog\/wp-json\/wp\/v2\/users\/1"}],"replies":[{"embeddable":true,"href":"https:\/\/www.notebook.hu\/blog\/wp-json\/wp\/v2\/comments?post=1491"}],"version-history":[{"count":3,"href":"https:\/\/www.notebook.hu\/blog\/wp-json\/wp\/v2\/posts\/1491\/revisions"}],"predecessor-version":[{"id":1495,"href":"https:\/\/www.notebook.hu\/blog\/wp-json\/wp\/v2\/posts\/1491\/revisions\/1495"}],"wp:featuredmedia":[{"embeddable":true,"href":"https:\/\/www.notebook.hu\/blog\/wp-json\/wp\/v2\/media\/1492"}],"wp:attachment":[{"href":"https:\/\/www.notebook.hu\/blog\/wp-json\/wp\/v2\/media?parent=1491"}],"wp:term":[{"taxonomy":"category","embeddable":true,"href":"https:\/\/www.notebook.hu\/blog\/wp-json\/wp\/v2\/categories?post=1491"},{"taxonomy":"post_tag","embeddable":true,"href":"https:\/\/www.notebook.hu\/blog\/wp-json\/wp\/v2\/tags?post=1491"}],"curies":[{"name":"wp","href":"https:\/\/api.w.org\/{rel}","templated":true}]}}