{"id":1481,"date":"2016-12-12T09:03:21","date_gmt":"2016-12-12T08:03:21","guid":{"rendered":"http:\/\/www.notebook.hu\/blog\/?p=1481"},"modified":"2017-10-25T15:27:29","modified_gmt":"2017-10-25T13:27:29","slug":"kell-hogy-erdekeljen-a-processzor-homerseklete","status":"publish","type":"post","link":"https:\/\/www.notebook.hu\/blog\/kell-hogy-erdekeljen-a-processzor-homerseklete\/","title":{"rendered":"Kell, hogy \u00e9rdekeljen a processzor h\u0151m\u00e9rs\u00e9klete?"},"content":{"rendered":"<p>A processzor h\u0151m\u00e9rs\u00e9klete miatt egyesek agg\u00f3dnak, m\u00e1sok egy\u00e1ltal\u00e1n nem. De j\u00f3l teszik azok, akik nem? Sz\u00e1mos t\u00e9vhit kering a t\u00e9m\u00e1ban \u00e9s ez\u00e9rt d\u00f6nt\u00f6tt\u00fcnk \u00fagy, hogy mindent tiszt\u00e1zunk jelen bejegyz\u00e9s\u00fcnkben.<\/p>\n<p>Aki egy kicsit \u00e9rt az informatik\u00e1hoz \u00e9s a g\u00e9pekhez, az nem amiatt f\u00e9l a processzor t\u00falmeleged\u00e9s\u00e9t\u0151l, mert att\u00f3l tart, g\u00e9pe majd kigyullad. Az aggodalom h\u00e1tter\u00e9ben az \u00e1ll, hogy az asztali g\u00e9p vagy laptop nem lesz k\u00e9pes olyan j\u00f3 teljes\u00edtm\u00e9nyre, mint amilyenre k\u00e9pes lenne, ha a processzor h\u0151m\u00e9rs\u00e9klete picivel alacsonyabb lenne.<\/p>\n<p>A sz\u00e1m\u00edt\u00f3g\u00e9peknek is megvannak a hat\u00e1raik. Ezzel azt akarjuk mondani, hogy bizonyos h\u0151m\u00e9rs\u00e9klet tartom\u00e1nyban \u00fagy dolgoznak, ahogy elv\u00e1rjuk t\u0151l\u00fck, de ha t\u00falmelegszenek, bosszankodhatunk, hiszen lassulnak.<\/p>\n<p>Amikor a processzor t\u00falmelegszik, a g\u00e9p\u00fcnk nem fog le\u00e9gni \u00e9s semmi ehhez hasonl\u00f3 nem fog t\u00f6rt\u00e9nni. Az eff\u00e9le kellemetlens\u00e9gek eset\u00e9n az elektromoss\u00e1gban kell keresni a hib\u00e1t \u00e9s ekkor a processzor kb. 40 \u00e9s 90 fokos h\u0151m\u00e9rs\u00e9klet\u0171.<\/p>\n<p>A sz\u00e1m\u00edt\u00f3g\u00e9pek \u00e9s laptopok okos masin\u00e1k, nem engedik meg, hogy a processzor felmeleged\u00e9s\u00e9vel ekkora galib\u00e1t okozzon. Ennek megel\u0151z\u00e9s\u00e9\u00e9rt el\u0151sz\u00f6r a g\u00e9p lelassul, majd automatikusan kikapcsol.<\/p>\n<p>Ha t\u00fal sok programot futtatsz, az el\u00e9gg\u00e9 megdolgoztatja a processzort. Ilyenkor a g\u00e9p teh\u00e1t lassul, majd kikapcsol. Olyan ez, mintha a g\u00e9ped besz\u00e9lne hozz\u00e1d \u00e9s azt mondan\u00e1:<\/p>\n<p>\u201eRendben, olyasvalamit k\u00e9rsz t\u0151lem, ami nekem nem megy, de er\u0151lk\u00f6d\u00f6m \u00e9s \u00e9ppen ez\u00e9rt egyre csak melegszem. Mivel nem akarok le\u00e9gni (a kifejez\u00e9s sz\u00f3 szerinti \u00e9rtelm\u00e9ben), ez\u00e9rt ink\u00e1bb lassulok, de ha folytatod, ki fogok kapcsolni magamt\u00f3l.\u201d<\/p>\n<p>A lassul\u00e1st teh\u00e1t egy korl\u00e1tnak kell tekinten\u00fcnk, mely b\u00e1r bosszant\u00f3, csak nek\u00fcnk seg\u00edt. Ha a g\u00e9p nem lassulna le, hanem csak melegedne \u00e9s melegedne, akkor ki is gyulladna \u00e9s ez semmik\u00e9pp sem mondhat\u00f3 happy endnek.<\/p>\n","protected":false},"excerpt":{"rendered":"<p>A processzor h\u0151m\u00e9rs\u00e9klete miatt egyesek agg\u00f3dnak, m\u00e1sok egy\u00e1ltal\u00e1n nem. De j\u00f3l teszik azok, akik nem? Sz\u00e1mos t\u00e9vhit kering a t\u00e9m\u00e1ban \u00e9s ez\u00e9rt d\u00f6nt\u00f6tt\u00fcnk \u00fagy, hogy mindent tiszt\u00e1zunk jelen bejegyz\u00e9s\u00fcnkben. Aki egy kicsit \u00e9rt az informatik\u00e1hoz \u00e9s a g\u00e9pekhez, az nem amiatt f\u00e9l a processzor t\u00falmeleged\u00e9s\u00e9t\u0151l, mert att\u00f3l tart, g\u00e9pe majd kigyullad. Az aggodalom h\u00e1tter\u00e9ben az &hellip;<\/p>\n","protected":false},"author":1,"featured_media":1482,"comment_status":"closed","ping_status":"closed","sticky":false,"template":"","format":"standard","meta":{"_jetpack_memberships_contains_paid_content":false,"footnotes":""},"categories":[1],"tags":[44],"class_list":["post-1481","post","type-post","status-publish","format-standard","has-post-thumbnail","","category-egyeb","tag-notebook-laptop"],"jetpack_featured_media_url":"https:\/\/www.notebook.hu\/blog\/wp-content\/uploads\/2016\/09\/19122178_l.jpg","jetpack_shortlink":"https:\/\/wp.me\/p9xSLL-nT","jetpack_sharing_enabled":true,"_links":{"self":[{"href":"https:\/\/www.notebook.hu\/blog\/wp-json\/wp\/v2\/posts\/1481","targetHints":{"allow":["GET"]}}],"collection":[{"href":"https:\/\/www.notebook.hu\/blog\/wp-json\/wp\/v2\/posts"}],"about":[{"href":"https:\/\/www.notebook.hu\/blog\/wp-json\/wp\/v2\/types\/post"}],"author":[{"embeddable":true,"href":"https:\/\/www.notebook.hu\/blog\/wp-json\/wp\/v2\/users\/1"}],"replies":[{"embeddable":true,"href":"https:\/\/www.notebook.hu\/blog\/wp-json\/wp\/v2\/comments?post=1481"}],"version-history":[{"count":5,"href":"https:\/\/www.notebook.hu\/blog\/wp-json\/wp\/v2\/posts\/1481\/revisions"}],"predecessor-version":[{"id":2142,"href":"https:\/\/www.notebook.hu\/blog\/wp-json\/wp\/v2\/posts\/1481\/revisions\/2142"}],"wp:featuredmedia":[{"embeddable":true,"href":"https:\/\/www.notebook.hu\/blog\/wp-json\/wp\/v2\/media\/1482"}],"wp:attachment":[{"href":"https:\/\/www.notebook.hu\/blog\/wp-json\/wp\/v2\/media?parent=1481"}],"wp:term":[{"taxonomy":"category","embeddable":true,"href":"https:\/\/www.notebook.hu\/blog\/wp-json\/wp\/v2\/categories?post=1481"},{"taxonomy":"post_tag","embeddable":true,"href":"https:\/\/www.notebook.hu\/blog\/wp-json\/wp\/v2\/tags?post=1481"}],"curies":[{"name":"wp","href":"https:\/\/api.w.org\/{rel}","templated":true}]}}