{"id":1478,"date":"2016-09-08T09:23:44","date_gmt":"2016-09-08T07:23:44","guid":{"rendered":"http:\/\/www.notebook.hu\/blog\/?p=1478"},"modified":"2016-09-05T14:28:14","modified_gmt":"2016-09-05T12:28:14","slug":"jatek-es-ssd","status":"publish","type":"post","link":"https:\/\/www.notebook.hu\/blog\/jatek-es-ssd\/","title":{"rendered":"J\u00e1t\u00e9k \u00e9s SSD"},"content":{"rendered":"<p><em><\/em><\/p>\n<p><strong><span style=\"font-size: 10.0pt; font-family: 'Verdana',sans-serif;\">Ha j\u00e1t\u00e9kra haszn\u00e1ln\u00e1d a g\u00e9ped\u2026<\/span><\/strong><\/p>\n<p><span style=\"font-size: 10.0pt; font-family: 'Verdana',sans-serif;\">Ne feledkezz meg a GPU-r\u00f3l, azaz a graphics processing unitr\u00f3l, mely a grafikai processzort takarja. Ha a j\u00e1t\u00e9kok szerelmese vagy nem lesz el\u00e9g mindaz a teljes\u00edtm\u00e9ny, melyre a kor\u00e1bbi bejegyz\u00e9sekben le\u00edrt sz\u00e1m\u00edt\u00f3g\u00e9pek k\u00e9pesek. Sz\u00fcks\u00e9ged lesz egy j\u00f3 min\u0151s\u00e9g\u0171 videok\u00e1rty\u00e1ra.<\/span><\/p>\n<p><span style=\"font-size: 10.0pt; font-family: 'Verdana',sans-serif;\">Ha tan\u00e1csra lenne sz\u00fcks\u00e9ged, mit v\u00e1lassz, aj\u00e1nljuk figyelmedbe a GeForce, az nVidia, a Radeon k\u00e1rty\u00e1kat.<\/span><\/p>\n<p><strong><span style=\"font-size: 10.0pt; font-family: 'Verdana',sans-serif;\">Az SSD \u00f3ri\u00e1si el\u0151ny.<\/span><\/strong><\/p>\n<p><span style=\"font-size: 10.0pt; font-family: 'Verdana',sans-serif;\">Az SSD mem\u00f3ria f\u00e9lvezet\u0151s mem\u00f3ri\u00e1t haszn\u00e1l\u00f3 adatt\u00e1rol\u00f3 eszk\u00f6z. A HDD-hez (merevlemez) k\u00e9pest j\u00f3val gyorsabbak \u00e9s megb\u00edzhat\u00f3bbak. H\u00e1tr\u00e1nyk\u00e9nt azonban megeml\u00edthetj\u00fck, hogy j\u00f3val dr\u00e1g\u00e1bbak is \u00e9s \u00e1ltal\u00e1ban kevesebb adat t\u00e1rol\u00e1s\u00e1ra k\u00e9pesek.<\/span><\/p>\n<p><span style=\"font-size: 10.0pt; font-family: 'Verdana',sans-serif;\">Mivel egyel\u0151re egy\u00e1ltal\u00e1n nem t\u0171nik \u00fagy, hogy az SSD vesz\u00e9lyeztetn\u00e9 a HDD poz\u00edci\u00f3j\u00e1t, egyes gy\u00e1rt\u00f3k \u00fagy d\u00f6nt\u00f6ttek, mindkett\u0151t be\u00e9p\u00edtik g\u00e9peikbe. M\u00edg az ak\u00e1r 500 GB-os SSD az oper\u00e1ci\u00f3s rendszer bet\u00f6lt\u00e9s\u00e9\u00e9rt felel, addig a hagyom\u00e1nyos merevlemez feladata az egy\u00e9b inform\u00e1ci\u00f3 t\u00e1rol\u00e1s\u00e1ra korl\u00e1toz\u00f3dik.<\/span><\/p>\n<p><span style=\"font-size: 10.0pt; font-family: 'Verdana',sans-serif;\">Ha az ember p\u00e9nzt\u00e1rc\u00e1ja megengedi, a legjobb, ha olyan g\u00e9pet v\u00e1s\u00e1rol, melyben SSD-t is tal\u00e1l a merevlemez mellett. Az el\u0151ny\u00f6ket els\u0151sorban a teljes\u00edtm\u00e9ny javul\u00e1s\u00e1ban \u00e9szlelj\u00fck.<\/span><\/p>\n<p><span style=\"font-size: 10.0pt; font-family: 'Verdana',sans-serif;\">A laptop alapvet\u0151en egy olyan kis dobozt takar, melybe az asztali g\u00e9p alkot\u00f3elemeinek is el kell f\u00e9rnie (ha nem t\u00f6bbnek). A gy\u00e1rt\u00f3t\u00f3l sz\u00e1mos tulajdons\u00e1g f\u00fcgg, p\u00e9ld\u00e1ul, hogy a laptop mennyire melegszik fel, mennyire \u00e1ll ellen a s\u00e9r\u00fcl\u00e9seknek, \u00fct\u00e9seknek, mennyire zajos m\u0171k\u00f6d\u00e9se \u00e9s persze az sem utols\u00f3 szempont, hogy jav\u00edttat\u00e1sa mennyire k\u00f6lts\u00e9ges \u00e9s mennyi id\u0151t vesz ig\u00e9nybe.<\/span><\/p>\n<p><span style=\"font-size: 10.0pt; font-family: 'Verdana',sans-serif;\">Fontos, hogy a gy\u00e1rt\u00f3 nagy tapasztalattal rendelkezzen \u00e9s bizalmat szavazzanak neki a v\u00e1s\u00e1rl\u00f3k. \u00d6sszess\u00e9g\u00e9ben elmondhatjuk, hogy az Asus \u00e9s a Dell g\u00e9pei nagyon megb\u00edzhat\u00f3ak, ha a Sony-r\u00f3l vagy a HP-r\u0151l besz\u00e9l\u00fcnk, akkor ink\u00e1bb csak a legjobb \u00e9s legdr\u00e1g\u00e1bb modelleknek szavazzunk bizalmat.<\/span><\/p>\n","protected":false},"excerpt":{"rendered":"<p>Ha j\u00e1t\u00e9kra haszn\u00e1ln\u00e1d a g\u00e9ped\u2026 Ne feledkezz meg a GPU-r\u00f3l, azaz a graphics processing unitr\u00f3l, mely a grafikai processzort takarja. Ha a j\u00e1t\u00e9kok szerelmese vagy nem lesz el\u00e9g mindaz a teljes\u00edtm\u00e9ny, melyre a kor\u00e1bbi bejegyz\u00e9sekben le\u00edrt sz\u00e1m\u00edt\u00f3g\u00e9pek k\u00e9pesek. Sz\u00fcks\u00e9ged lesz egy j\u00f3 min\u0151s\u00e9g\u0171 videok\u00e1rty\u00e1ra. Ha tan\u00e1csra lenne sz\u00fcks\u00e9ged, mit v\u00e1lassz, aj\u00e1nljuk figyelmedbe a GeForce, az &hellip;<\/p>\n","protected":false},"author":1,"featured_media":1479,"comment_status":"closed","ping_status":"open","sticky":false,"template":"","format":"standard","meta":{"_jetpack_memberships_contains_paid_content":false,"footnotes":""},"categories":[42],"tags":[44],"class_list":["post-1478","post","type-post","status-publish","format-standard","has-post-thumbnail","","category-cikkek","tag-notebook-laptop"],"jetpack_featured_media_url":"https:\/\/www.notebook.hu\/blog\/wp-content\/uploads\/2016\/09\/36482534_l.jpg","jetpack_shortlink":"https:\/\/wp.me\/p9xSLL-nQ","jetpack_sharing_enabled":true,"_links":{"self":[{"href":"https:\/\/www.notebook.hu\/blog\/wp-json\/wp\/v2\/posts\/1478","targetHints":{"allow":["GET"]}}],"collection":[{"href":"https:\/\/www.notebook.hu\/blog\/wp-json\/wp\/v2\/posts"}],"about":[{"href":"https:\/\/www.notebook.hu\/blog\/wp-json\/wp\/v2\/types\/post"}],"author":[{"embeddable":true,"href":"https:\/\/www.notebook.hu\/blog\/wp-json\/wp\/v2\/users\/1"}],"replies":[{"embeddable":true,"href":"https:\/\/www.notebook.hu\/blog\/wp-json\/wp\/v2\/comments?post=1478"}],"version-history":[{"count":1,"href":"https:\/\/www.notebook.hu\/blog\/wp-json\/wp\/v2\/posts\/1478\/revisions"}],"predecessor-version":[{"id":1480,"href":"https:\/\/www.notebook.hu\/blog\/wp-json\/wp\/v2\/posts\/1478\/revisions\/1480"}],"wp:featuredmedia":[{"embeddable":true,"href":"https:\/\/www.notebook.hu\/blog\/wp-json\/wp\/v2\/media\/1479"}],"wp:attachment":[{"href":"https:\/\/www.notebook.hu\/blog\/wp-json\/wp\/v2\/media?parent=1478"}],"wp:term":[{"taxonomy":"category","embeddable":true,"href":"https:\/\/www.notebook.hu\/blog\/wp-json\/wp\/v2\/categories?post=1478"},{"taxonomy":"post_tag","embeddable":true,"href":"https:\/\/www.notebook.hu\/blog\/wp-json\/wp\/v2\/tags?post=1478"}],"curies":[{"name":"wp","href":"https:\/\/api.w.org\/{rel}","templated":true}]}}