{"id":1474,"date":"2016-12-05T14:18:54","date_gmt":"2016-12-05T13:18:54","guid":{"rendered":"http:\/\/www.notebook.hu\/blog\/?p=1474"},"modified":"2017-10-26T17:16:36","modified_gmt":"2017-10-26T15:16:36","slug":"windows-mekkora-mi","status":"publish","type":"post","link":"https:\/\/www.notebook.hu\/blog\/windows-mekkora-mi\/","title":{"rendered":"Windows? Mekkora? Mi?"},"content":{"rendered":"<p>&nbsp;<\/p>\n<p><strong><span style=\"font-size: 10.0pt; font-family: 'Verdana',sans-serif;\">A Windows nem k\u00f6telez\u0151<\/span><\/strong><\/p>\n<p><span style=\"font-size: 10.0pt; font-family: 'Verdana',sans-serif;\">Az a t\u00e9ny, hogy szinte minden \u00fczlet Windows oper\u00e1ci\u00f3s rendszerrel k\u00edn\u00e1lja g\u00e9peit, nem jelenti azt, hogy csak Windows telep\u00edthetsz \u00e9s azt lenne k\u00f6telez\u0151 haszn\u00e1lnod. R\u00e1ad\u00e1sul ha a g\u00e9pet oper\u00e1ci\u00f3s rendszerrel adj\u00e1k, az \u00e1ra is dr\u00e1gul.<\/span><\/p>\n<p><span style=\"font-size: 10.0pt; font-family: 'Verdana',sans-serif;\">Sz\u00f3val, ha \u00fagy d\u00f6nten\u00e9l, hogy Windows helyett m\u00e1st haszn\u00e1ln\u00e1l, akkor tudnod kell, hogy vannak gy\u00e1rt\u00f3k, melyek Linux-szal vagy oper\u00e1ci\u00f3s rendszer n\u00e9lk\u00fcl k\u00edn\u00e1lj\u00e1k g\u00e9peiket.<\/span><\/p>\n<p><strong><span style=\"font-size: 10.0pt; font-family: 'Verdana',sans-serif;\">A m\u00e9ret a l\u00e9nyeg<\/span><\/strong><\/p>\n<p><span style=\"font-size: 10.0pt; font-family: 'Verdana',sans-serif;\">A k\u00e9perny\u0151 m\u00e9rete nem csup\u00e1n a hordozhat\u00f3s\u00e1g egyszer\u0171s\u00e9g\u00e9t vagy neh\u00e9zs\u00e9g\u00e9t hat\u00e1rozza meg, de a g\u00e9p jellemz\u0151it is.<\/span><\/p>\n<p><span style=\"font-size: 10.0pt; font-family: 'Verdana',sans-serif;\">Hogy mire gondolunk?<\/span><\/p>\n<p><span style=\"font-size: 10.0pt; font-family: 'Verdana',sans-serif;\">Arra, hogy a 14 h\u00fcvelykes \u00e9s azokn\u00e1l kisebb k\u00e9perny\u0151j\u0171 g\u00e9pek \u00e1ltal\u00e1ban i3-as processzorral felszereltek. A 15 h\u00fcvelykes szabv\u00e1nynak mondhat\u00f3, a legversenyk\u00e9pesebbek innen ker\u00fclnek ki. \u00c1ltal\u00e1ban i5-\u00f6s processzort tal\u00e1lunk benn\u00fcnk, de egyes esetekben az i3-on vagy az i7-en sem lep\u0151d\u00fcnk meg.<\/span><\/p>\n<p><span style=\"font-size: 10.0pt; font-family: 'Verdana',sans-serif;\">A nagyobb k\u00e9perny\u0151j\u0171 g\u00e9pekkel a felhaszn\u00e1l\u00f3k \u00e1ltal\u00e1ban az asztali g\u00e9p\u00fcket szeretn\u00e9k helyettes\u00edteni, \u00edgy nem meglep\u0151, hogy gyakran a legjobb processzorokat tal\u00e1ljuk benn\u00fck. Folytatva a gondolatmenetet, i3-at tal\u00e1lni egy 17 h\u00fcvelykes \u00e9s i7-et egy 11 h\u00fcvelykes g\u00e9pben el\u00e9g szokatlan \u00e9s ezen g\u00e9pek tulajdonosaira jogosan n\u00e9z\u00fcnk furcs\u00e1n.<\/span><\/p>\n<p><span style=\"font-size: 10.0pt; font-family: 'Verdana',sans-serif;\">Az extr\u00e1k meghat\u00e1rozz\u00e1k a k\u00fcl\u00f6nbs\u00e9geket.<\/span><\/p>\n<p><strong><span style=\"font-size: 10.0pt; font-family: 'Verdana',sans-serif;\">Laptop, asztali g\u00e9p vagy ultrabook?<\/span><\/strong><\/p>\n<p><span style=\"font-size: 10.0pt; font-family: 'Verdana',sans-serif;\">Gyakran elj\u00e1tsszunk a gondolattal, hogy laptopra lenne sz\u00fcks\u00e9g\u00fcnk, de azzal nem sz\u00e1molunk, hogy ad\u00f3dnak olyan alkalmak, amikor otthonunkb\u00f3l azokat magunkkal kell vinn\u00fcnk.<\/span><\/p>\n<p><span style=\"font-size: 10.0pt; font-family: 'Verdana',sans-serif;\">Mindig azt kell szem\u00fcgyre venni \u00e9s \u00e1tgondolni, hogy mi hogyan \u00e9s mire fogjuk haszn\u00e1lni a g\u00e9pet. Az asztali g\u00e9pek olcs\u00f3bbak, jobb k\u00e9pess\u00e9ggel sz\u00e1molnak, mint a laptopok, r\u00e1ad\u00e1sul karbantart\u00e1suk \u00e9s jav\u00edttat\u00e1suk is j\u00f3val olcs\u00f3bb. Ezzel azonban nem sokra megy\u00fcnk, ha t\u00e1rgyal\u00e1sokra is magunkkal k\u00e9ne vinni egy g\u00e9pet.<\/span><\/p>\n","protected":false},"excerpt":{"rendered":"<p>&nbsp; A Windows nem k\u00f6telez\u0151 Az a t\u00e9ny, hogy szinte minden \u00fczlet Windows oper\u00e1ci\u00f3s rendszerrel k\u00edn\u00e1lja g\u00e9peit, nem jelenti azt, hogy csak Windows telep\u00edthetsz \u00e9s azt lenne k\u00f6telez\u0151 haszn\u00e1lnod. R\u00e1ad\u00e1sul ha a g\u00e9pet oper\u00e1ci\u00f3s rendszerrel adj\u00e1k, az \u00e1ra is dr\u00e1gul. Sz\u00f3val, ha \u00fagy d\u00f6nten\u00e9l, hogy Windows helyett m\u00e1st haszn\u00e1ln\u00e1l, akkor tudnod kell, hogy vannak gy\u00e1rt\u00f3k, &hellip;<\/p>\n","protected":false},"author":1,"featured_media":1475,"comment_status":"closed","ping_status":"closed","sticky":false,"template":"","format":"standard","meta":{"_jetpack_memberships_contains_paid_content":false,"footnotes":""},"categories":[1],"tags":[44],"class_list":["post-1474","post","type-post","status-publish","format-standard","has-post-thumbnail","","category-egyeb","tag-notebook-laptop"],"jetpack_featured_media_url":"https:\/\/www.notebook.hu\/blog\/wp-content\/uploads\/2016\/09\/43227068_l.jpg","jetpack_shortlink":"https:\/\/wp.me\/p9xSLL-nM","jetpack_sharing_enabled":true,"_links":{"self":[{"href":"https:\/\/www.notebook.hu\/blog\/wp-json\/wp\/v2\/posts\/1474","targetHints":{"allow":["GET"]}}],"collection":[{"href":"https:\/\/www.notebook.hu\/blog\/wp-json\/wp\/v2\/posts"}],"about":[{"href":"https:\/\/www.notebook.hu\/blog\/wp-json\/wp\/v2\/types\/post"}],"author":[{"embeddable":true,"href":"https:\/\/www.notebook.hu\/blog\/wp-json\/wp\/v2\/users\/1"}],"replies":[{"embeddable":true,"href":"https:\/\/www.notebook.hu\/blog\/wp-json\/wp\/v2\/comments?post=1474"}],"version-history":[{"count":5,"href":"https:\/\/www.notebook.hu\/blog\/wp-json\/wp\/v2\/posts\/1474\/revisions"}],"predecessor-version":[{"id":2155,"href":"https:\/\/www.notebook.hu\/blog\/wp-json\/wp\/v2\/posts\/1474\/revisions\/2155"}],"wp:featuredmedia":[{"embeddable":true,"href":"https:\/\/www.notebook.hu\/blog\/wp-json\/wp\/v2\/media\/1475"}],"wp:attachment":[{"href":"https:\/\/www.notebook.hu\/blog\/wp-json\/wp\/v2\/media?parent=1474"}],"wp:term":[{"taxonomy":"category","embeddable":true,"href":"https:\/\/www.notebook.hu\/blog\/wp-json\/wp\/v2\/categories?post=1474"},{"taxonomy":"post_tag","embeddable":true,"href":"https:\/\/www.notebook.hu\/blog\/wp-json\/wp\/v2\/tags?post=1474"}],"curies":[{"name":"wp","href":"https:\/\/api.w.org\/{rel}","templated":true}]}}