{"id":1471,"date":"2016-12-01T11:10:57","date_gmt":"2016-12-01T10:10:57","guid":{"rendered":"http:\/\/www.notebook.hu\/blog\/?p=1471"},"modified":"2017-10-25T15:28:36","modified_gmt":"2017-10-25T13:28:36","slug":"erintokepernyo-es-a-szemfulesseg","status":"publish","type":"post","link":"https:\/\/www.notebook.hu\/blog\/erintokepernyo-es-a-szemfulesseg\/","title":{"rendered":"\u00c9rint\u0151k\u00e9perny\u0151 \u00e9s a szemf\u00fcless\u00e9g"},"content":{"rendered":"<p style=\"text-align: justify;\">Ebben a bejegyz\u00e9s\u00fcnkben tov\u00e1bbra is a laptopv\u00e1s\u00e1rl\u00e1s a t\u00e9ma. Sokan csak r\u00e1b\u00f6knek egyre, j\u00f3 lesz, a g\u00e9p az g\u00e9p. Igen, csak azt t\u00e9vesztik szem el\u0151l, hogy g\u00e9p \u00e9s g\u00e9p k\u00f6z\u00f6tt is van k\u00fcl\u00f6nbs\u00e9g. Egyes esetekben kicsinek semmik\u00e9pp sem mondhat\u00f3.<\/p>\n<p style=\"text-align: justify;\">L\u00e9gy szemf\u00fcles \u00e9s tal\u00e1ld meg azt, amire sz\u00fcks\u00e9ged van. Olcs\u00f3 h\u00fasnak h\u00edg a leve: ne ess csapd\u00e1ba!<\/p>\n<p style=\"text-align: justify;\"><strong>Fontos, hogy a laptopod \u00e9rint\u0151k\u00e9perny\u0151s legyen?<\/strong><br \/>\nP\u00e1r \u00e9ve az a m\u00f3di, hogy minden elektromos k\u00e9sz\u00fcl\u00e9k \u00e9rint\u0151k\u00e9perny\u0151s, vagy ha nem is mindegyik, de el\u0151nynek sz\u00e1m\u00edt, ha a tervez\u0151k ezzel is ell\u00e1tt\u00e1k az adott modellt. Ez a tabletek \u00e9s az okostelefonok eset\u00e9ben \u00e9rthet\u0151, de a laptopok\u00e9ban m\u00e1r kev\u00e9sb\u00e9.<\/p>\n<p style=\"text-align: justify;\">Mi\u00e9rt lenne sz\u00fcks\u00e9gem \u00e9rint\u0151k\u00e9perny\u0151re, ha k\u00e9t olyan beviteli eszk\u00f6z is rendelkez\u00e9semre \u00e1ll, melyet t\u00f6k\u00e9letesen tudok ir\u00e1ny\u00edtani? Itt term\u00e9szetesen a touchpadra \u00e9s a billenty\u0171zetre kell gondolni. Ha a laptop \u00e9rint\u0151k\u00e9perny\u0151s, az csak annyit jelent, hogy az adott modell dr\u00e1g\u00e1bb \u00e9s a k\u00e9perny\u0151d folyton tele lesz ujjlenyomatokkal.<br \/>\nEz persze nem azt jelenti, hogy a gy\u00e1rt\u00f3k ezt valaha is bel\u00e1tn\u00e1k. Olyasvalamit gy\u00e1rtanak t\u00f6retlen\u00fcl, amire a fogyaszt\u00f3nak val\u00f3j\u00e1ban nincs is sz\u00fcks\u00e9ge.<\/p>\n<p style=\"text-align: justify;\"><strong>Olcs\u00f3 laptop, rossz tapasztalat.<\/strong><br \/>\nHa \u00e1tlapozol k\u00fcl\u00f6nf\u00e9le magazinokat, p\u00e9ld\u00e1ul \u201ek\u00fcl\u00f6nleges kar\u00e1csonyi aj\u00e1nd\u00e9k\u201d c\u00edmsz\u00f3val, l\u00e1thatod, hogy kedvez\u0151 \u00e1ron juthatsz laptophoz. Kezdj gyanakodni! Az eff\u00e9le lapok gyakran tele vannak tr\u00fckk\u00f6kkel.<\/p>\n<p style=\"text-align: justify;\">Egy klasszikus csapda, hogy a processzorok gener\u00e1ci\u00f3ival \u00e9s modelljeivel j\u00e1tszanak. Az aj\u00e1nlat szerint i7 van a g\u00e9pben \u00e9s ehhez k\u00e9pest \u00e1ra felt\u0171n\u0151en olcs\u00f3. Ez hogyan \u00e9ri meg az \u00fczletnek? \u00dagy, hogy itt nem a leg\u00fajabb gener\u00e1ci\u00f3s i7-r\u0151l besz\u00e9lhet\u00fcnk.<br \/>\nDe a legrosszabb: gyakran olyan laptopokat k\u00edn\u00e1lnak (mindenf\u00e9le el\u0151zetes figyelmeztet\u00e9s n\u00e9lk\u00fcl), melyeknek m\u00e9g a Windows probl\u00e9mamentes futtat\u00e1sa is neh\u00e9zs\u00e9get okoz. Enn\u00e9l tal\u00e1n nincs is kellemetlenebb\u2026<\/p>\n","protected":false},"excerpt":{"rendered":"<p>Ebben a bejegyz\u00e9s\u00fcnkben tov\u00e1bbra is a laptopv\u00e1s\u00e1rl\u00e1s a t\u00e9ma. Sokan csak r\u00e1b\u00f6knek egyre, j\u00f3 lesz, a g\u00e9p az g\u00e9p. Igen, csak azt t\u00e9vesztik szem el\u0151l, hogy g\u00e9p \u00e9s g\u00e9p k\u00f6z\u00f6tt is van k\u00fcl\u00f6nbs\u00e9g. Egyes esetekben kicsinek semmik\u00e9pp sem mondhat\u00f3. L\u00e9gy szemf\u00fcles \u00e9s tal\u00e1ld meg azt, amire sz\u00fcks\u00e9ged van. Olcs\u00f3 h\u00fasnak h\u00edg a leve: ne ess &hellip;<\/p>\n","protected":false},"author":1,"featured_media":1472,"comment_status":"closed","ping_status":"closed","sticky":false,"template":"","format":"standard","meta":{"_jetpack_memberships_contains_paid_content":false,"footnotes":""},"categories":[1],"tags":[44],"class_list":["post-1471","post","type-post","status-publish","format-standard","has-post-thumbnail","","category-egyeb","tag-notebook-laptop"],"jetpack_featured_media_url":"https:\/\/www.notebook.hu\/blog\/wp-content\/uploads\/2016\/09\/53607966_l.jpg","jetpack_shortlink":"https:\/\/wp.me\/p9xSLL-nJ","jetpack_sharing_enabled":true,"_links":{"self":[{"href":"https:\/\/www.notebook.hu\/blog\/wp-json\/wp\/v2\/posts\/1471","targetHints":{"allow":["GET"]}}],"collection":[{"href":"https:\/\/www.notebook.hu\/blog\/wp-json\/wp\/v2\/posts"}],"about":[{"href":"https:\/\/www.notebook.hu\/blog\/wp-json\/wp\/v2\/types\/post"}],"author":[{"embeddable":true,"href":"https:\/\/www.notebook.hu\/blog\/wp-json\/wp\/v2\/users\/1"}],"replies":[{"embeddable":true,"href":"https:\/\/www.notebook.hu\/blog\/wp-json\/wp\/v2\/comments?post=1471"}],"version-history":[{"count":3,"href":"https:\/\/www.notebook.hu\/blog\/wp-json\/wp\/v2\/posts\/1471\/revisions"}],"predecessor-version":[{"id":2145,"href":"https:\/\/www.notebook.hu\/blog\/wp-json\/wp\/v2\/posts\/1471\/revisions\/2145"}],"wp:featuredmedia":[{"embeddable":true,"href":"https:\/\/www.notebook.hu\/blog\/wp-json\/wp\/v2\/media\/1472"}],"wp:attachment":[{"href":"https:\/\/www.notebook.hu\/blog\/wp-json\/wp\/v2\/media?parent=1471"}],"wp:term":[{"taxonomy":"category","embeddable":true,"href":"https:\/\/www.notebook.hu\/blog\/wp-json\/wp\/v2\/categories?post=1471"},{"taxonomy":"post_tag","embeddable":true,"href":"https:\/\/www.notebook.hu\/blog\/wp-json\/wp\/v2\/tags?post=1471"}],"curies":[{"name":"wp","href":"https:\/\/api.w.org\/{rel}","templated":true}]}}