{"id":1466,"date":"2016-08-30T09:45:33","date_gmt":"2016-08-30T07:45:33","guid":{"rendered":"http:\/\/www.notebook.hu\/blog\/?p=1466"},"modified":"2016-09-01T13:50:42","modified_gmt":"2016-09-01T11:50:42","slug":"a-ram-rol","status":"publish","type":"post","link":"https:\/\/www.notebook.hu\/blog\/a-ram-rol\/","title":{"rendered":"A RAM-r\u00f3l"},"content":{"rendered":"<p style=\"text-align: justify;\">Az el\u0151z\u0151 bejegyz\u00e9sben a processzorokr\u00f3l volt sz\u00f3 \u00e9s megeml\u00edtett\u00fck azt is, hogy a RAM-ra is oda kell figyelni v\u00e1s\u00e1rl\u00e1s el\u0151tt. El\u0151sz\u00f6r m\u00e9g egy fontos inform\u00e1ci\u00f3val szolg\u00e1lunk a processzorokat illet\u0151en, majd \u00e1tt\u00e9r\u00fcnk a RAM t\u00e9m\u00e1j\u00e1ra.<\/p>\n<p style=\"text-align: justify;\">A processzorokn\u00e1l kell \u00fcgyelni m\u00e9g valamire: a mikroarchitekt\u00far\u00e1ra. Ez \u00edgy els\u0151re tal\u00e1n nem sokat mond, de mi seg\u00edt\u00fcnk. Ez gyakorlatilag a sz\u00e1m\u00edt\u00f3g\u00e9p szervezete, kapcsol\u00e1si s\u00e9m\u00e1ja.<br \/>\nAz Intel Core h\u00e1rom mikroarchitekt\u00far\u00e1j\u00e1t emelj\u00fck ki: Sandy Bridge, Ivy Bridge \u00e9s Haswell. Term\u00e9szetesen min\u00e9l \u00fajabb valami, ann\u00e1l jobb\u00e1 tett\u00e9k azt a tervez\u0151k, \u00edgy h\u00e1t ha sz\u00e1modra nagyon fontos a teljes\u00edtm\u00e9ny, akkor az Ivy Bridge-t \u00e9s a Haswell-t aj\u00e1nljuk.<\/p>\n<p style=\"text-align: justify;\"><strong>RAM<\/strong><br \/>\nA RAM (Random Access Memory) magyar neve k\u00f6zvetlen hozz\u00e1f\u00e9r\u00e9s\u0171 mem\u00f3ria. Addig t\u00e1rolja az inform\u00e1ci\u00f3t, am\u00edg a g\u00e9p fesz\u00fclts\u00e9g alatt van, azaz a kikapcsol\u00e1ssal az inform\u00e1ci\u00f3k is elvesznek.<br \/>\nA RAM folyamatosan adatot cser\u00e9l a processzorral, ez\u00e9rt is fontos, hogy g\u00e9p\u00fcnk processzora nagy teljes\u00edtm\u00e9ny\u0171 legyen, gyorsan dolgozzon.<br \/>\nIde\u00e1lis esetben a programok m\u0171k\u00f6d\u00e9s\u00e9r\u0151l a RAM \u00e9s a processzor gondoskodik, de ha a RAM nem k\u00e9pes egyed\u00fcl ell\u00e1tni a feladatot, seg\u00edts\u00e9g\u00fcl h\u00edvja a merevlemezt, mely j\u00f3val lassabb m\u0171k\u00f6d\u00e9sre k\u00e9pes. Ez \u00e1ll a h\u00e1tt\u00e9rben akkor, amikor \u00f3r\u00e1kat kell v\u00e1rnod, m\u00edg valami bet\u00f6lt.<br \/>\nSz\u00f3val miel\u0151tt laptopot v\u00e1s\u00e1rolsz, n\u00e9zd meg, mennyi RAM-mal sz\u00e1mol v\u00e1lasztottad. Ez az\u00e9rt is fontos, mert b\u0151v\u00edt\u00e9se j\u00f3val k\u00f6lts\u00e9gesebb, mint egy asztali g\u00e9p\u00e9. A laptopokat \u00e1ltal\u00e1ban 4, 8 vagy 16 GB RAM-mal k\u00edn\u00e1lj\u00e1k. Mi azt aj\u00e1nljuk, hogy legal\u00e1bb 8 GB legyen benne.<br \/>\nHogy mi\u00e9rt? Mert a felhaszn\u00e1l\u00f3i \u00e9lm\u00e9ny jelent\u0151sen v\u00e1ltozik, f\u0151leg, ha olyan programokat haszn\u00e1lsz, mint a Photoshop vagy \u00e9ppen a Chrome. Ezek val\u00f3di mem\u00f3riafal\u00f3k.<\/p>\n<p style=\"text-align: justify;\">Ne felejtsd el j\u00f3 tan\u00e1csainkat \u00e9s alaposan vedd szem\u00fcgyre a k\u00edn\u00e1lt g\u00e9pek tulajdons\u00e1gait, f\u0151leg a processzort \u00e9s a RAM-ot! Ne \u00e9rjen meglepet\u00e9s! Eml\u00e9kezz, hogy teljes\u00edtm\u00e9nyed g\u00e9ped teljes\u00edtm\u00e9ny\u00e9t\u0151l is f\u00fcgg.<\/p>\n<p style=\"text-align: justify;\"><strong>Sorozatunk tov\u00e1bbi r\u00e9szei:<\/strong><\/p>\n<p style=\"text-align: justify;\"><a href=\"https:\/\/www.notebook.hu\/blog\/processzor-a-laptopod-motorja\/\"><strong><span style=\"color: #000080;\">Processzor: a laptopod motorja<\/span><\/strong><\/a><\/p>\n","protected":false},"excerpt":{"rendered":"<p>Az el\u0151z\u0151 bejegyz\u00e9sben a processzorokr\u00f3l volt sz\u00f3 \u00e9s megeml\u00edtett\u00fck azt is, hogy a RAM-ra is oda kell figyelni v\u00e1s\u00e1rl\u00e1s el\u0151tt. El\u0151sz\u00f6r m\u00e9g egy fontos inform\u00e1ci\u00f3val szolg\u00e1lunk a processzorokat illet\u0151en, majd \u00e1tt\u00e9r\u00fcnk a RAM t\u00e9m\u00e1j\u00e1ra. A processzorokn\u00e1l kell \u00fcgyelni m\u00e9g valamire: a mikroarchitekt\u00far\u00e1ra. Ez \u00edgy els\u0151re tal\u00e1n nem sokat mond, de mi seg\u00edt\u00fcnk. Ez gyakorlatilag a &hellip;<\/p>\n","protected":false},"author":1,"featured_media":1467,"comment_status":"closed","ping_status":"open","sticky":false,"template":"","format":"standard","meta":{"_jetpack_memberships_contains_paid_content":false,"footnotes":""},"categories":[42],"tags":[44],"class_list":["post-1466","post","type-post","status-publish","format-standard","has-post-thumbnail","","category-cikkek","tag-notebook-laptop"],"jetpack_featured_media_url":"https:\/\/www.notebook.hu\/blog\/wp-content\/uploads\/2016\/09\/1575336_l.jpg","jetpack_shortlink":"https:\/\/wp.me\/p9xSLL-nE","jetpack_sharing_enabled":true,"_links":{"self":[{"href":"https:\/\/www.notebook.hu\/blog\/wp-json\/wp\/v2\/posts\/1466","targetHints":{"allow":["GET"]}}],"collection":[{"href":"https:\/\/www.notebook.hu\/blog\/wp-json\/wp\/v2\/posts"}],"about":[{"href":"https:\/\/www.notebook.hu\/blog\/wp-json\/wp\/v2\/types\/post"}],"author":[{"embeddable":true,"href":"https:\/\/www.notebook.hu\/blog\/wp-json\/wp\/v2\/users\/1"}],"replies":[{"embeddable":true,"href":"https:\/\/www.notebook.hu\/blog\/wp-json\/wp\/v2\/comments?post=1466"}],"version-history":[{"count":3,"href":"https:\/\/www.notebook.hu\/blog\/wp-json\/wp\/v2\/posts\/1466\/revisions"}],"predecessor-version":[{"id":1470,"href":"https:\/\/www.notebook.hu\/blog\/wp-json\/wp\/v2\/posts\/1466\/revisions\/1470"}],"wp:featuredmedia":[{"embeddable":true,"href":"https:\/\/www.notebook.hu\/blog\/wp-json\/wp\/v2\/media\/1467"}],"wp:attachment":[{"href":"https:\/\/www.notebook.hu\/blog\/wp-json\/wp\/v2\/media?parent=1466"}],"wp:term":[{"taxonomy":"category","embeddable":true,"href":"https:\/\/www.notebook.hu\/blog\/wp-json\/wp\/v2\/categories?post=1466"},{"taxonomy":"post_tag","embeddable":true,"href":"https:\/\/www.notebook.hu\/blog\/wp-json\/wp\/v2\/tags?post=1466"}],"curies":[{"name":"wp","href":"https:\/\/api.w.org\/{rel}","templated":true}]}}