{"id":1463,"date":"2016-08-26T13:40:53","date_gmt":"2016-08-26T11:40:53","guid":{"rendered":"http:\/\/www.notebook.hu\/blog\/?p=1463"},"modified":"2016-09-01T13:45:16","modified_gmt":"2016-09-01T11:45:16","slug":"processzor-a-laptopod-motorja","status":"publish","type":"post","link":"https:\/\/www.notebook.hu\/blog\/processzor-a-laptopod-motorja\/","title":{"rendered":"Processzor: a laptopod motorja"},"content":{"rendered":"<p style=\"text-align: justify;\">Sokan k\u00fcl\u00f6nleges alkalmakra, \u00edgy p\u00e9ld\u00e1ul sz\u00fclinapra, kar\u00e1csonyra, diplomaoszt\u00f3ra v\u00e1s\u00e1rolnak laptopot. Nagyon fontos, hogy t\u00e1j\u00e9koz\u00f3djunk, miel\u0151tt v\u00e1s\u00e1rolunk, ne csak r\u00e1b\u00f6kj\u00fcnk egy g\u00e9pre a boltban, hogy \u201eez sz\u00e9p fekete, j\u00f3 lesz\u201d.<\/p>\n<p style=\"text-align: justify;\">Ha \u00edgy d\u00f6nt\u00fcnk, kellemetlen helyzetbe ker\u00fclhet\u00fcnk, hiszen amennyiben a g\u00e9pen v\u00e9gezz\u00fck munk\u00e1nkat, a mi teljes\u00edtm\u00e9ny\u00fcnk jelent\u0151s m\u00e9rt\u00e9kben f\u00fcgg a laptop\u00e9t\u00f3l.<br \/>\nEbben a bejegyz\u00e9sben kifejezetten laptopokr\u00f3l lesz sz\u00f3. Manaps\u00e1g azt mondhatjuk, hogy k\u00f6nnyed\u00e9n felveszik a versenyt az asztali sz\u00e1m\u00edt\u00f3g\u00e9pekkel, s\u0151t, hordozhat\u00f3s\u00e1guknak k\u00f6sz\u00f6nhet\u0151en egy plusz ponttal el\u0151nybe is ker\u00fclnek.<\/p>\n<p style=\"text-align: justify;\">Alap: t\u00e1j\u00e9koz\u00f3dni a mikroprocesszorr\u00f3l \u00e9s a RAM-r\u00f3l.<br \/>\nB\u00e1rmennyire is pr\u00f3b\u00e1lnak kertelni a kis teljes\u00edtm\u00e9ny\u0171 g\u00e9pek marketingesei, hogy ez a j\u00f3, az a j\u00f3 az \u0151 laptopjukban, a hangs\u00faly mindig a processzoron van. Olyan ez, mint az aut\u00f3kban a motor: teljesen mindegy, hogy a kocsi elektromos ablakemel\u0151s vagy szuper\u00fcl n\u00e9z ki. Ami igaz\u00e1n sz\u00e1m\u00edt, az a teljes\u00edtm\u00e9ny.<br \/>\n\u00c9s, hogy milyen processzorok vannak? A piacon a legn\u00e9pszer\u0171bbek az Intel i3, i5 \u00e9s i7, de szint\u00e9n jelen van az Atom \u00e9s a Pentium B.<\/p>\n<p style=\"text-align: justify;\">Az i3 az eml\u00edtettek k\u00f6z\u00fcl a legkisebb teljes\u00edtm\u00e9ny\u0171, de az is igaz, hogy sokkal energiahat\u00e9konyabb \u00e9s olcs\u00f3bb, mint t\u00e1rsai. Ha netez\u00e9sre haszn\u00e1ln\u00e1d a g\u00e9pet, esetleg az irod\u00e1ban is azon p\u00f6ty\u00f6gn\u00e9l, b\u0151ven el\u00e9g.<\/p>\n<p style=\"text-align: justify;\">Az i5-r\u0151l elmondhatjuk, hogy fenntartja az egyens\u00falyt a fogyaszt\u00e1s, a teljes\u00edtm\u00e9ny \u00e9s a gazdas\u00e1goss\u00e1g k\u00f6z\u00f6tt. Ezzel ak\u00e1r m\u00e1r nem t\u00fal nagy k\u00f6vetelm\u00e9ny\u0171 j\u00e1t\u00e9kokat is futtathatsz, \u00e9s akkor sem akad ki a g\u00e9p, ha egyszerre t\u00f6bb dolgot nyitott\u00e1l meg.<\/p>\n<p style=\"text-align: justify;\">Az i7-et azoknak aj\u00e1nljuk, akik val\u00f3ban nagy teljes\u00edtm\u00e9ny\u0171 g\u00e9pet szeretn\u00e9nek. Ezeket \u00e1ltal\u00e1ban olyan laptopokba \u00e9p\u00edtik be, melyeknek hordozhat\u00f3s\u00e1ga m\u00e1r neh\u00e9zkesebb.<\/p>\n","protected":false},"excerpt":{"rendered":"<p>Sokan k\u00fcl\u00f6nleges alkalmakra, \u00edgy p\u00e9ld\u00e1ul sz\u00fclinapra, kar\u00e1csonyra, diplomaoszt\u00f3ra v\u00e1s\u00e1rolnak laptopot. Nagyon fontos, hogy t\u00e1j\u00e9koz\u00f3djunk, miel\u0151tt v\u00e1s\u00e1rolunk, ne csak r\u00e1b\u00f6kj\u00fcnk egy g\u00e9pre a boltban, hogy \u201eez sz\u00e9p fekete, j\u00f3 lesz\u201d. Ha \u00edgy d\u00f6nt\u00fcnk, kellemetlen helyzetbe ker\u00fclhet\u00fcnk, hiszen amennyiben a g\u00e9pen v\u00e9gezz\u00fck munk\u00e1nkat, a mi teljes\u00edtm\u00e9ny\u00fcnk jelent\u0151s m\u00e9rt\u00e9kben f\u00fcgg a laptop\u00e9t\u00f3l. Ebben a bejegyz\u00e9sben kifejezetten laptopokr\u00f3l lesz &hellip;<\/p>\n","protected":false},"author":1,"featured_media":1464,"comment_status":"closed","ping_status":"open","sticky":false,"template":"","format":"standard","meta":{"_jetpack_memberships_contains_paid_content":false,"footnotes":""},"categories":[42],"tags":[44],"class_list":["post-1463","post","type-post","status-publish","format-standard","has-post-thumbnail","","category-cikkek","tag-notebook-laptop"],"jetpack_featured_media_url":"https:\/\/www.notebook.hu\/blog\/wp-content\/uploads\/2016\/09\/36340413_l.jpg","jetpack_shortlink":"https:\/\/wp.me\/p9xSLL-nB","jetpack_sharing_enabled":true,"_links":{"self":[{"href":"https:\/\/www.notebook.hu\/blog\/wp-json\/wp\/v2\/posts\/1463","targetHints":{"allow":["GET"]}}],"collection":[{"href":"https:\/\/www.notebook.hu\/blog\/wp-json\/wp\/v2\/posts"}],"about":[{"href":"https:\/\/www.notebook.hu\/blog\/wp-json\/wp\/v2\/types\/post"}],"author":[{"embeddable":true,"href":"https:\/\/www.notebook.hu\/blog\/wp-json\/wp\/v2\/users\/1"}],"replies":[{"embeddable":true,"href":"https:\/\/www.notebook.hu\/blog\/wp-json\/wp\/v2\/comments?post=1463"}],"version-history":[{"count":1,"href":"https:\/\/www.notebook.hu\/blog\/wp-json\/wp\/v2\/posts\/1463\/revisions"}],"predecessor-version":[{"id":1465,"href":"https:\/\/www.notebook.hu\/blog\/wp-json\/wp\/v2\/posts\/1463\/revisions\/1465"}],"wp:featuredmedia":[{"embeddable":true,"href":"https:\/\/www.notebook.hu\/blog\/wp-json\/wp\/v2\/media\/1464"}],"wp:attachment":[{"href":"https:\/\/www.notebook.hu\/blog\/wp-json\/wp\/v2\/media?parent=1463"}],"wp:term":[{"taxonomy":"category","embeddable":true,"href":"https:\/\/www.notebook.hu\/blog\/wp-json\/wp\/v2\/categories?post=1463"},{"taxonomy":"post_tag","embeddable":true,"href":"https:\/\/www.notebook.hu\/blog\/wp-json\/wp\/v2\/tags?post=1463"}],"curies":[{"name":"wp","href":"https:\/\/api.w.org\/{rel}","templated":true}]}}