{"id":1459,"date":"2016-08-23T09:35:24","date_gmt":"2016-08-23T07:35:24","guid":{"rendered":"http:\/\/www.notebook.hu\/blog\/?p=1459"},"modified":"2016-09-01T13:40:48","modified_gmt":"2016-09-01T11:40:48","slug":"ilyen-gepet-valassz-a-csoportodtol-fuggoen","status":"publish","type":"post","link":"https:\/\/www.notebook.hu\/blog\/ilyen-gepet-valassz-a-csoportodtol-fuggoen\/","title":{"rendered":"Ilyen g\u00e9pet v\u00e1lassz a csoportodt\u00f3l f\u00fcgg\u0151en!"},"content":{"rendered":"<p style=\"text-align: justify;\">Mit is jelent a c\u00edm? Milyen csoportr\u00f3l van sz\u00f3?<br \/>\nUgye, el\u0151z\u0151 bejegyz\u00e9s\u00fcnk alapj\u00e1n m\u00e1r Te is besoroltad magad az egyik csoportba? Ne is h\u00fazzuk tov\u00e1bb az id\u0151t, ink\u00e1bb megosztjuk veled, mire lehet sz\u00fcks\u00e9ged!<\/p>\n<p style=\"text-align: justify;\"><strong>Ha az A csoportba tartozol:<\/strong><br \/>\nA mi tan\u00e1csunk ez esetben egy k\u00e9tmagos processzor, 2 GB RAM \u00e9s 500 GB-os merevlemez. Term\u00e9szetesen enn\u00e9l jobb g\u00e9pet is v\u00e1laszthatsz, de ha az el\u0151z\u0151 bejegyz\u00e9s\u00fcnkben le\u00edrt feladatokra haszn\u00e1ln\u00e1d a laptopot, nem tudn\u00e1d maxim\u00e1lisan kihaszn\u00e1lni azt. Tal\u00e1n a 4 GB RAM j\u00f3l j\u00f6nne, de vedd figyelembe, hogy ha a 2 nem lesz el\u00e9g, m\u00e9g mindig b\u0151v\u00edtheted.<br \/>\nSzeretn\u00e9d, ha tippet is adn\u00e1nk a m\u00e1rk\u00e1t illet\u0151en? Tapasztalataink szerint a legjobbak a Dell \u00e9s a Lenovo g\u00e9pei.<\/p>\n<p style=\"text-align: justify;\"><strong>Ha a B csoportba tartozol:<\/strong><br \/>\nHa nagy j\u00e1t\u00e9kos vagy, akkor legjobb, ha asztali g\u00e9pet v\u00e1lasztasz, hiszen k\u00f6nnyebben cser\u00e9lheted az alkatr\u00e9szeket \u00e9s egyszer\u0171bben b\u0151v\u00edtheted a g\u00e9pet. Tartsd szem el\u0151tt, hogy ha l\u00e9p\u00e9st szeretn\u00e9l tartani a leg\u00fajabb j\u00e1t\u00e9kokkal, akkor kb. k\u00e9t\u00e9vente valamif\u00e9le v\u00e1ltoztat\u00e1sra, b\u0151v\u00edt\u00e9sre lesz sz\u00fcks\u00e9g.<br \/>\nA mi tan\u00e1csunk, hogy negyedik gener\u00e1ci\u00f3s, i7-et v\u00e1lassz 8 GB RAM-mal (ami lehet\u0151leg ne 2-szer 4 GB legyen). Ami a videok\u00e1rty\u00e1t illeti, minimum egy 2 GB RAM-mal sz\u00e1mol\u00f3 Nvidi\u00e1t aj\u00e1nlunk.<\/p>\n<p style=\"text-align: justify;\"><strong>Ha a C csoportba tartozol:<\/strong><br \/>\nEbben az esetben i3-ra vagy i5-re van sz\u00fcks\u00e9ged. Emellett, minimum 4 GB RAM-os g\u00e9pet v\u00e1lassz, de tartsd szem el\u0151tt azt is, hogy ez ig\u00e9ny szerint b\u0151v\u00edthet\u0151. Ami a merevlemezt illeti, 500 GB b\u0151ven elegend\u0151.<br \/>\nMivel a D csoportba tartoz\u00f3k val\u00f3sz\u00edn\u0171leg nem olvass\u00e1k a bejegyz\u00e9st, nem is r\u00e9szletezz\u00fck, nekik mire van sz\u00fcks\u00e9g\u00fck.<br \/>\nRem\u00e9lj\u00fck, bejegyz\u00e9s\u00fcnket hasznosnak tal\u00e1ltad \u00e9s m\u00e9g egy l\u00e9p\u00e9ssel k\u00f6zelebb vitt\u00fcnk a g\u00e9pv\u00e1s\u00e1rl\u00e1shoz!<\/p>\n<p style=\"text-align: justify;\">Sorozatunk tov\u00e1bbi r\u00e9szei:<\/p>\n<p style=\"text-align: justify;\"><strong><span style=\"color: #000080;\">Te melyik csoportba tartozol?<\/span><\/strong><\/p>\n","protected":false},"excerpt":{"rendered":"<p>Mit is jelent a c\u00edm? Milyen csoportr\u00f3l van sz\u00f3? Ugye, el\u0151z\u0151 bejegyz\u00e9s\u00fcnk alapj\u00e1n m\u00e1r Te is besoroltad magad az egyik csoportba? Ne is h\u00fazzuk tov\u00e1bb az id\u0151t, ink\u00e1bb megosztjuk veled, mire lehet sz\u00fcks\u00e9ged! Ha az A csoportba tartozol: A mi tan\u00e1csunk ez esetben egy k\u00e9tmagos processzor, 2 GB RAM \u00e9s 500 GB-os merevlemez. Term\u00e9szetesen enn\u00e9l &hellip;<\/p>\n","protected":false},"author":1,"featured_media":1460,"comment_status":"closed","ping_status":"open","sticky":false,"template":"","format":"standard","meta":{"_jetpack_memberships_contains_paid_content":false,"footnotes":""},"categories":[42],"tags":[44],"class_list":["post-1459","post","type-post","status-publish","format-standard","has-post-thumbnail","","category-cikkek","tag-notebook-laptop"],"jetpack_featured_media_url":"https:\/\/www.notebook.hu\/blog\/wp-content\/uploads\/2016\/09\/44709544_l.jpg","jetpack_shortlink":"https:\/\/wp.me\/p9xSLL-nx","jetpack_sharing_enabled":true,"_links":{"self":[{"href":"https:\/\/www.notebook.hu\/blog\/wp-json\/wp\/v2\/posts\/1459","targetHints":{"allow":["GET"]}}],"collection":[{"href":"https:\/\/www.notebook.hu\/blog\/wp-json\/wp\/v2\/posts"}],"about":[{"href":"https:\/\/www.notebook.hu\/blog\/wp-json\/wp\/v2\/types\/post"}],"author":[{"embeddable":true,"href":"https:\/\/www.notebook.hu\/blog\/wp-json\/wp\/v2\/users\/1"}],"replies":[{"embeddable":true,"href":"https:\/\/www.notebook.hu\/blog\/wp-json\/wp\/v2\/comments?post=1459"}],"version-history":[{"count":2,"href":"https:\/\/www.notebook.hu\/blog\/wp-json\/wp\/v2\/posts\/1459\/revisions"}],"predecessor-version":[{"id":1462,"href":"https:\/\/www.notebook.hu\/blog\/wp-json\/wp\/v2\/posts\/1459\/revisions\/1462"}],"wp:featuredmedia":[{"embeddable":true,"href":"https:\/\/www.notebook.hu\/blog\/wp-json\/wp\/v2\/media\/1460"}],"wp:attachment":[{"href":"https:\/\/www.notebook.hu\/blog\/wp-json\/wp\/v2\/media?parent=1459"}],"wp:term":[{"taxonomy":"category","embeddable":true,"href":"https:\/\/www.notebook.hu\/blog\/wp-json\/wp\/v2\/categories?post=1459"},{"taxonomy":"post_tag","embeddable":true,"href":"https:\/\/www.notebook.hu\/blog\/wp-json\/wp\/v2\/tags?post=1459"}],"curies":[{"name":"wp","href":"https:\/\/api.w.org\/{rel}","templated":true}]}}