{"id":1452,"date":"2016-08-16T09:25:20","date_gmt":"2016-08-16T07:25:20","guid":{"rendered":"http:\/\/www.notebook.hu\/blog\/?p=1452"},"modified":"2016-09-01T13:34:23","modified_gmt":"2016-09-01T11:34:23","slug":"macbook-pro-15-retina","status":"publish","type":"post","link":"https:\/\/www.notebook.hu\/blog\/macbook-pro-15-retina\/","title":{"rendered":"Macbook Pro 15 Retina"},"content":{"rendered":"<p style=\"text-align: justify;\">Nagy kijelz\u0151? J\u00f3 helyen j\u00e1rsz. Hadd mutassunk be neked a Macbook Pro 15 Retin\u00e1t!<\/p>\n<p style=\"text-align: justify;\"><strong>Macbook Pro 15 Retina<\/strong><br \/>\n15,4 h\u00fcvelyk, 2,04 kg, Quad Core i7, 2880 x 1800, 256GB SSD<br \/>\nNem t\u00e9vedsz: pr\u00e9mium min\u0151s\u00e9g\u0171 g\u00e9pr\u0151l van sz\u00f3: v\u00e9kony, k\u00f6nny\u0171, f\u00e9m, k\u00e9perny\u0151je pedig nem csup\u00e1n j\u00f3 felbont\u00e1s\u00fa, de nagyon sz\u00e9pen jelennek meg rajta a sz\u00ednek is.<br \/>\nA sz\u00e1lcsiszolt alum\u00ednium diz\u00e1jn, a lekerek\u00edtett sarkok \u00e9s a k\u00e9nyelmes billenty\u0171zet aMacintosh laptopokat f\u00e9mjelzik.<br \/>\nUgye, Te is felismersz egy Mac-et egy egyszer\u0171 pillant\u00e1sb\u00f3l? Ak\u00e1r egy boltban, ak\u00e1r bar\u00e1todn\u00e1l, ak\u00e1r egy sorozatban vagy filmben tal\u00e1lkozol vele, biztosan tudod, hogy egy Apple term\u00e9kr\u0151l van sz\u00f3. Kell enn\u00e9l nagyobb rekl\u00e1m? Ha a diz\u00e1jn meggy\u0151z\u0151, mi\u00e9rt is v\u00e1ltoztatn\u00e1nak rajta&#8230;<br \/>\nA pozit\u00edv els\u0151 benyom\u00e1s ut\u00e1n j\u00f6nnek a tov\u00e1bbi plusz pontok: a g\u00e9p kiv\u00e9teles teljes\u00edtm\u00e9ny\u0171 \u00e9s megb\u00edzhat\u00f3. Ezek a tulajdons\u00e1gok pedig nem minden versenyt\u00e1rs\u00e1n\u00e1l tal\u00e1lhat\u00f3ak meg.<br \/>\nTouchpadja \u201eForce Touch\u201d. Ez azt jelenti, hogy k\u00e9pes felismerni, milyen er\u0151sen nyomod. Emellett el\u0151nyt jelent m\u00e9g, hogy akkuml\u00e1tora 9 \u00f3r\u00e1n kereszt\u00fcl b\u00edrja t\u00f6lt\u00e9s n\u00e9lk\u00fcl, a g\u00e9p nem melegszik fel t\u00fals\u00e1gosan, \u00e9s ha d\u00f6nt\u00e9sed erre a laptopra esik, biztos lehetsz benne, hogy hossz\u00fa id\u0151n kereszt\u00fcl h\u0171 t\u00e1rsad lesz.<br \/>\nSajnos a legalapvet\u0151bb verzi\u00f3j\u00e1t csak Intel Iris Pro-val l\u00e1tt\u00e1k el, \u00edgy a magasabb k\u00f6vetelm\u00e9ny\u0171 j\u00e1t\u00e9kokhoz nem alkalmas.<br \/>\n\u00d6sszefoglal\u00e1sk\u00e9nt elmondhatjuk, hogy ugyanazt az Apple rendszert tal\u00e1ljuk ebben a g\u00e9pben is, mint a 2014-ben piacra dobott modellben. A k\u00fcl\u00f6nbs\u00e9g, hogy az \u00fajdons\u00e1g kicsit jobb teljes\u00edtm\u00e9nyre k\u00e9pes \u00e9s el\u0151dj\u00e9t m\u00e9g nem l\u00e1tt\u00e1k el Force Touch-csal.<\/p>\n<p style=\"text-align: justify;\">Azt mondhatjuk, hogy ha Macbook Pro-d van, gond n\u00e9lk\u00fcl kihagyhatod ezt a modellt, ha azonban nincs, akkor aj\u00e1nljuk figyelembe az \u00fajabb, modernebb verzi\u00f3t.<\/p>\n","protected":false},"excerpt":{"rendered":"<p>Nagy kijelz\u0151? J\u00f3 helyen j\u00e1rsz. Hadd mutassunk be neked a Macbook Pro 15 Retin\u00e1t! Macbook Pro 15 Retina 15,4 h\u00fcvelyk, 2,04 kg, Quad Core i7, 2880 x 1800, 256GB SSD Nem t\u00e9vedsz: pr\u00e9mium min\u0151s\u00e9g\u0171 g\u00e9pr\u0151l van sz\u00f3: v\u00e9kony, k\u00f6nny\u0171, f\u00e9m, k\u00e9perny\u0151je pedig nem csup\u00e1n j\u00f3 felbont\u00e1s\u00fa, de nagyon sz\u00e9pen jelennek meg rajta a sz\u00ednek is. &hellip;<\/p>\n","protected":false},"author":1,"featured_media":1453,"comment_status":"closed","ping_status":"open","sticky":false,"template":"","format":"standard","meta":{"_jetpack_memberships_contains_paid_content":false,"footnotes":""},"categories":[42],"tags":[44],"class_list":["post-1452","post","type-post","status-publish","format-standard","has-post-thumbnail","","category-cikkek","tag-notebook-laptop"],"jetpack_featured_media_url":"https:\/\/www.notebook.hu\/blog\/wp-content\/uploads\/2016\/09\/52229156_l.jpg","jetpack_shortlink":"https:\/\/wp.me\/p9xSLL-nq","jetpack_sharing_enabled":true,"_links":{"self":[{"href":"https:\/\/www.notebook.hu\/blog\/wp-json\/wp\/v2\/posts\/1452","targetHints":{"allow":["GET"]}}],"collection":[{"href":"https:\/\/www.notebook.hu\/blog\/wp-json\/wp\/v2\/posts"}],"about":[{"href":"https:\/\/www.notebook.hu\/blog\/wp-json\/wp\/v2\/types\/post"}],"author":[{"embeddable":true,"href":"https:\/\/www.notebook.hu\/blog\/wp-json\/wp\/v2\/users\/1"}],"replies":[{"embeddable":true,"href":"https:\/\/www.notebook.hu\/blog\/wp-json\/wp\/v2\/comments?post=1452"}],"version-history":[{"count":1,"href":"https:\/\/www.notebook.hu\/blog\/wp-json\/wp\/v2\/posts\/1452\/revisions"}],"predecessor-version":[{"id":1454,"href":"https:\/\/www.notebook.hu\/blog\/wp-json\/wp\/v2\/posts\/1452\/revisions\/1454"}],"wp:featuredmedia":[{"embeddable":true,"href":"https:\/\/www.notebook.hu\/blog\/wp-json\/wp\/v2\/media\/1453"}],"wp:attachment":[{"href":"https:\/\/www.notebook.hu\/blog\/wp-json\/wp\/v2\/media?parent=1452"}],"wp:term":[{"taxonomy":"category","embeddable":true,"href":"https:\/\/www.notebook.hu\/blog\/wp-json\/wp\/v2\/categories?post=1452"},{"taxonomy":"post_tag","embeddable":true,"href":"https:\/\/www.notebook.hu\/blog\/wp-json\/wp\/v2\/tags?post=1452"}],"curies":[{"name":"wp","href":"https:\/\/api.w.org\/{rel}","templated":true}]}}