{"id":1448,"date":"2016-12-11T11:07:35","date_gmt":"2016-12-11T10:07:35","guid":{"rendered":"http:\/\/www.notebook.hu\/blog\/?p=1448"},"modified":"2017-10-26T17:13:38","modified_gmt":"2017-10-26T15:13:38","slug":"asus-zenbook-pro-ux501","status":"publish","type":"post","link":"https:\/\/www.notebook.hu\/blog\/asus-zenbook-pro-ux501\/","title":{"rendered":"Asus Zenbook Pro UX501"},"content":{"rendered":"<p style=\"text-align: justify;\">Van az \u00fagy, hogy az ember megunja okostelefonj\u00e1nak viszonylag apr\u00f3cska kijelz\u0151j\u00e9t. Eleged van abb\u00f3l, hogy az inform\u00e1ci\u00f3t a kis k\u00e9perny\u0151n kell megtal\u00e1lnod, kibogar\u00e1sznod, mit is akar mondani az adott weblap.<\/p>\n<p style=\"text-align: justify;\">B\u00e1r manaps\u00e1g egyre t\u00f6bb \u00e9s t\u00f6bb weblap reszponz\u00edv (azaz alkalmazkodik az eszk\u00f6zh\u00f6z, amelyr\u0151l l\u00e1togatj\u00e1k), be kell vallani: min\u00e9l kisebb a kijelz\u0151, ann\u00e1l k\u00e9nyelmetlenebb minden.<br \/>\nNagy kijelz\u0151s g\u00e9pre van sz\u00fcks\u00e9ged a tanul\u00e1shoz, munk\u00e1dhoz vagy ak\u00e1r j\u00e1t\u00e9kokhoz? \u00d6sszegy\u0171jt\u00f6tt\u00fck, hogy szerint\u00fcnk melyik laptopok nyerhetik el tetsz\u00e9sedet.<br \/>\nAz el\u0151z\u0151 k\u00e9t bejegyz\u00e9s\u00fcnkben megismerkedt\u00e9l az Acer Aspire V3 572G, a Lenovo Y50-70 \u00e9s az Asus N551JK g\u00e9pekkel, de tal\u00e1n m\u00e9g mindig nem tal\u00e1ltad meg azt, amelyikre igaz\u00e1n v\u00e1gysz.<br \/>\nHadd folytassuk a sort!<\/p>\n<p style=\"text-align: justify;\"><span style=\"color: #000080;\"><strong>Asus Zenbook Pro UX501<\/strong><\/span><br \/>\n15,6 h\u00fcvelyk, 2,1 kg, Quad Core i7, 1920 x 1080, 1 TB HD + 128 GB SSD<br \/>\nOlyan g\u00e9pr\u0151l van sz\u00f3, mely m\u00e9reteihez k\u00e9pest, 2,1 kg-os s\u00faly\u00e1val k\u00f6nny\u0171nek mondhat\u00f3. V\u00e9konys\u00e1g\u00e1val (2,1 cm), anyag\u00e1val (f\u00e9m) \u00e9s eg\u00e9sz k\u00fcllem\u00e9vel eleganci\u00e1t sug\u00e1roz mag\u00e1b\u00f3l.<br \/>\nM\u00e9reteit tekintve a Macbook Pro-hoz nagyon hasonl\u00edt, s\u0151t, ak\u00e1r arra is alkalmas lehet, hogy kitasz\u00edtsa a nyeregb\u0151l.<br \/>\nA kor\u00e1bbi bejegyz\u00e9s\u00fcnkben eml\u00edtett N551JK-hoz is hasonl\u00edthatn\u00e1nk, a legnagyobb k\u00fcl\u00f6nbs\u00e9get azonban az jelenti, hogy a Zenbook Pro UX501 k\u00f6nnyebb, nem tartalmaz CD vagy DVD olvas\u00f3t \u00e9s SSD-je is kisebb.<\/p>\n<p style=\"text-align: justify;\">Term\u00e9szetesen minden \u00edzl\u00e9s k\u00e9rd\u00e9se, de tal\u00e1n a Zenbook hordozhat\u00f3s\u00e1ga miatt praktikusabb v\u00e1laszt\u00e1s, emellett pedig meg kell eml\u00edten\u00fcnk m\u00e9g egy nagy el\u0151ny\u00e9t: GTX 960M grafik\u00e1j\u00e1t.<br \/>\nA Dell XPS 15 szint\u00e9n j\u00f3 v\u00e1laszt\u00e1s lehet, hiszen a Zenbookhoz hasonl\u00f3, azonban m\u00e9g ann\u00e1l is k\u00f6nnyebb.<br \/>\nM\u00e9gis, ha valami er\u0151s g\u00e9pre v\u00e1gysz, mely nem nyom olyan sokat, a v\u00e1lasz az Asus Zenbook Pro.<\/p>\n","protected":false},"excerpt":{"rendered":"<p>Van az \u00fagy, hogy az ember megunja okostelefonj\u00e1nak viszonylag apr\u00f3cska kijelz\u0151j\u00e9t. Eleged van abb\u00f3l, hogy az inform\u00e1ci\u00f3t a kis k\u00e9perny\u0151n kell megtal\u00e1lnod, kibogar\u00e1sznod, mit is akar mondani az adott weblap. B\u00e1r manaps\u00e1g egyre t\u00f6bb \u00e9s t\u00f6bb weblap reszponz\u00edv (azaz alkalmazkodik az eszk\u00f6zh\u00f6z, amelyr\u0151l l\u00e1togatj\u00e1k), be kell vallani: min\u00e9l kisebb a kijelz\u0151, ann\u00e1l k\u00e9nyelmetlenebb minden. Nagy &hellip;<\/p>\n","protected":false},"author":1,"featured_media":1450,"comment_status":"closed","ping_status":"closed","sticky":false,"template":"","format":"standard","meta":{"_jetpack_memberships_contains_paid_content":false,"footnotes":""},"categories":[1],"tags":[44],"class_list":["post-1448","post","type-post","status-publish","format-standard","has-post-thumbnail","","category-egyeb","tag-notebook-laptop"],"jetpack_featured_media_url":"https:\/\/www.notebook.hu\/blog\/wp-content\/uploads\/2016\/09\/ASUS-Zenbook-Pro-UX501_2.jpg","jetpack_shortlink":"https:\/\/wp.me\/p9xSLL-nm","jetpack_sharing_enabled":true,"_links":{"self":[{"href":"https:\/\/www.notebook.hu\/blog\/wp-json\/wp\/v2\/posts\/1448","targetHints":{"allow":["GET"]}}],"collection":[{"href":"https:\/\/www.notebook.hu\/blog\/wp-json\/wp\/v2\/posts"}],"about":[{"href":"https:\/\/www.notebook.hu\/blog\/wp-json\/wp\/v2\/types\/post"}],"author":[{"embeddable":true,"href":"https:\/\/www.notebook.hu\/blog\/wp-json\/wp\/v2\/users\/1"}],"replies":[{"embeddable":true,"href":"https:\/\/www.notebook.hu\/blog\/wp-json\/wp\/v2\/comments?post=1448"}],"version-history":[{"count":3,"href":"https:\/\/www.notebook.hu\/blog\/wp-json\/wp\/v2\/posts\/1448\/revisions"}],"predecessor-version":[{"id":2149,"href":"https:\/\/www.notebook.hu\/blog\/wp-json\/wp\/v2\/posts\/1448\/revisions\/2149"}],"wp:featuredmedia":[{"embeddable":true,"href":"https:\/\/www.notebook.hu\/blog\/wp-json\/wp\/v2\/media\/1450"}],"wp:attachment":[{"href":"https:\/\/www.notebook.hu\/blog\/wp-json\/wp\/v2\/media?parent=1448"}],"wp:term":[{"taxonomy":"category","embeddable":true,"href":"https:\/\/www.notebook.hu\/blog\/wp-json\/wp\/v2\/categories?post=1448"},{"taxonomy":"post_tag","embeddable":true,"href":"https:\/\/www.notebook.hu\/blog\/wp-json\/wp\/v2\/tags?post=1448"}],"curies":[{"name":"wp","href":"https:\/\/api.w.org\/{rel}","templated":true}]}}