{"id":1372,"date":"2016-08-05T10:46:54","date_gmt":"2016-08-05T08:46:54","guid":{"rendered":"http:\/\/www.notebook.hu\/blog\/?p=1372"},"modified":"2016-08-08T13:35:30","modified_gmt":"2016-08-08T11:35:30","slug":"asus-n551jk-nagy-kijelzo","status":"publish","type":"post","link":"https:\/\/www.notebook.hu\/blog\/asus-n551jk-nagy-kijelzo\/","title":{"rendered":"Asus N551JK &#8211; &#8222;Nagy kijelz\u0151&#8221;"},"content":{"rendered":"<p style=\"text-align: justify;\">A nagy kijelz\u0151s (t\u00f6bb mint 15 h\u00fcvelykes) g\u00e9pek nem manaps\u00e1g \u00e9lik n\u00e9pszer\u0171s\u00e9g\u00fck f\u00e9nypontj\u00e1t, r\u00e1ad\u00e1sul egyre t\u00f6bb olyan 13 h\u00fcvelykes modellel tal\u00e1lkozunk a piacon, melyek pillanatok alatt tablett\u00e9 alak\u00edthat\u00f3k \u00e9s pillek\u00f6nny\u0171 s\u00falyukkal felh\u00edvj\u00e1k magukra a figyelmet.<\/p>\n<p style=\"text-align: justify;\">Mindezek ellen\u00e9re a val\u00f3s\u00e1g az, hogy ha az ember olyan g\u00e9pre v\u00e1gyik, mely helyettes\u00edtheti asztali g\u00e9p\u00e9t \u00e9s hossz\u00fa \u00f3r\u00e1kat k\u00edv\u00e1n elt\u00f6lteni el\u0151tte (ak\u00e1r munk\u00e1val, ak\u00e1r j\u00e1t\u00e9kkal), mindenk\u00e9pp minimum 15 h\u00fcvelykes k\u00e9perny\u0151re van sz\u00fcks\u00e9g.<\/p>\n<p style=\"text-align: justify;\">Mondani sem kell, mennyire k\u00e9nyelmetlen lehet, ha dokumentumot szerkesztesz \u00e9s t\u00f6bbsz\u00f6r\u00f6s\u00e9re kell nagy\u00edtanod a bet\u0171m\u00e9retet, hogy l\u00e1ss valamit. \u00c9s be kell vallanunk: min\u00e9l nagyobb a k\u00e9perny\u0151, ann\u00e1l jobban \u00e9lvezed a j\u00e1t\u00e9kot \u00e9s a filmeket is.<\/p>\n<p style=\"text-align: justify;\">Szerencs\u00e9re a k\u00edn\u00e1latban tal\u00e1lkozhatunk val\u00f3di pr\u00e9mium min\u0151s\u00e9g\u0171 darabokkal, \u00edgy p\u00e9ld\u00e1ul a Macbook Proval \u00e9s olyanokkal is, melyekhez el\u00e9rhet\u0151bb \u00e1ron szerezhet\u00fcnk be.<\/p>\n<p style=\"text-align: justify;\">A tov\u00e1bbiakban bemutatjuk, mi mindent tud az Asus N551JK g\u00e9p.<\/p>\n<ol style=\"text-align: justify;\">\n<li><strong>1.\u00a0\u00a0\u00a0 Asus N551JK<\/strong><\/li>\n<\/ol>\n<p style=\"text-align: justify;\"><em>15,6 h\u00fcvelyk, 2,7 kg, Quad Core i7, 1920 x 1080, 256 GB SSD<\/em><\/p>\n<p style=\"text-align: justify;\">A full HD-s kijelz\u0151s pr\u00e9mium min\u0151s\u00e9g\u0171 g\u00e9p alum\u00edniumb\u00f3l k\u00e9sz\u00fclt. A Core i7-nek \u00e9s az SSD-nek k\u00f6sz\u00f6nhet\u0151en rendk\u00edv\u00fcl gyors.<\/p>\n<p style=\"text-align: justify;\">Ki kell emeln\u00fcnk a laptop billenty\u0171zet\u00e9t, mely a legk\u00e9nyelmesebbek k\u00f6z\u00e9 tartozik, er\u0151s hangsz\u00f3r\u00f3it \u00e9s matt kijelz\u0151j\u00e9t.<\/p>\n<p style=\"text-align: justify;\">A GTX 850M grafik\u00e1nak k\u00f6sz\u00f6nhet\u0151en a j\u00e1t\u00e9kok nagyon is \u00e9lvezetesek. Egyszer\u0171en \u00f6sszefoglalva: olyan g\u00e9pr\u0151l besz\u00e9lhet\u00fcnk, mely k\u00f6nnyen helyettes\u00edti a hagyom\u00e1nyos asztali g\u00e9peket.<\/p>\n<p style=\"text-align: justify;\">Term\u00e9szetesen, mint minden g\u00e9pnek, ennek is megvannak a maga h\u00e1tr\u00e1nyai. \u00cdgy p\u00e9ld\u00e1ul az aksija nem b\u00edrja tov\u00e1bb 4 \u00f3r\u00e1n\u00e1l \u00e9s a s\u00falya miatt nem valami k\u00e9nyelmes hordozni.<\/p>\n<p style=\"text-align: justify;\">De h\u00e1t hogy is kezdt\u00fck? Hogy olyan g\u00e9pet keres\u00fcnk, mely helyettes\u00edtheti az asztali g\u00e9pet \u00e9s az a helyzet, hogy az asztali g\u00e9pet sem cipelted magaddal sok helyre.<\/p>\n","protected":false},"excerpt":{"rendered":"<p>A nagy kijelz\u0151s (t\u00f6bb mint 15 h\u00fcvelykes) g\u00e9pek nem manaps\u00e1g \u00e9lik n\u00e9pszer\u0171s\u00e9g\u00fck f\u00e9nypontj\u00e1t, r\u00e1ad\u00e1sul egyre t\u00f6bb olyan 13 h\u00fcvelykes modellel tal\u00e1lkozunk a piacon, melyek pillanatok alatt tablett\u00e9 alak\u00edthat\u00f3k \u00e9s pillek\u00f6nny\u0171 s\u00falyukkal felh\u00edvj\u00e1k magukra a figyelmet. Mindezek ellen\u00e9re a val\u00f3s\u00e1g az, hogy ha az ember olyan g\u00e9pre v\u00e1gyik, mely helyettes\u00edtheti asztali g\u00e9p\u00e9t \u00e9s hossz\u00fa \u00f3r\u00e1kat k\u00edv\u00e1n &hellip;<\/p>\n","protected":false},"author":1,"featured_media":1373,"comment_status":"closed","ping_status":"open","sticky":false,"template":"","format":"standard","meta":{"_jetpack_memberships_contains_paid_content":false,"footnotes":""},"categories":[42],"tags":[44],"class_list":["post-1372","post","type-post","status-publish","format-standard","has-post-thumbnail","","category-cikkek","tag-notebook-laptop"],"jetpack_featured_media_url":"https:\/\/www.notebook.hu\/blog\/wp-content\/uploads\/2016\/07\/41126139_l.jpg","jetpack_shortlink":"https:\/\/wp.me\/p9xSLL-m8","jetpack_sharing_enabled":true,"_links":{"self":[{"href":"https:\/\/www.notebook.hu\/blog\/wp-json\/wp\/v2\/posts\/1372","targetHints":{"allow":["GET"]}}],"collection":[{"href":"https:\/\/www.notebook.hu\/blog\/wp-json\/wp\/v2\/posts"}],"about":[{"href":"https:\/\/www.notebook.hu\/blog\/wp-json\/wp\/v2\/types\/post"}],"author":[{"embeddable":true,"href":"https:\/\/www.notebook.hu\/blog\/wp-json\/wp\/v2\/users\/1"}],"replies":[{"embeddable":true,"href":"https:\/\/www.notebook.hu\/blog\/wp-json\/wp\/v2\/comments?post=1372"}],"version-history":[{"count":3,"href":"https:\/\/www.notebook.hu\/blog\/wp-json\/wp\/v2\/posts\/1372\/revisions"}],"predecessor-version":[{"id":1380,"href":"https:\/\/www.notebook.hu\/blog\/wp-json\/wp\/v2\/posts\/1372\/revisions\/1380"}],"wp:featuredmedia":[{"embeddable":true,"href":"https:\/\/www.notebook.hu\/blog\/wp-json\/wp\/v2\/media\/1373"}],"wp:attachment":[{"href":"https:\/\/www.notebook.hu\/blog\/wp-json\/wp\/v2\/media?parent=1372"}],"wp:term":[{"taxonomy":"category","embeddable":true,"href":"https:\/\/www.notebook.hu\/blog\/wp-json\/wp\/v2\/categories?post=1372"},{"taxonomy":"post_tag","embeddable":true,"href":"https:\/\/www.notebook.hu\/blog\/wp-json\/wp\/v2\/tags?post=1372"}],"curies":[{"name":"wp","href":"https:\/\/api.w.org\/{rel}","templated":true}]}}