{"id":1361,"date":"2016-07-26T10:30:59","date_gmt":"2016-07-26T08:30:59","guid":{"rendered":"http:\/\/www.notebook.hu\/blog\/?p=1361"},"modified":"2016-07-27T07:38:18","modified_gmt":"2016-07-27T05:38:18","slug":"igy-valassz-gepet-iskolai-hasznalatra-strapabiras-es-aksi","status":"publish","type":"post","link":"https:\/\/www.notebook.hu\/blog\/igy-valassz-gepet-iskolai-hasznalatra-strapabiras-es-aksi\/","title":{"rendered":"\u00cdgy v\u00e1lassz g\u00e9pet iskolai haszn\u00e1latra: strapab\u00edr\u00e1s \u00e9s aksi"},"content":{"rendered":"<p style=\"text-align: justify;\">\n<p style=\"text-align: justify;\">Ahogy el\u0151z\u0151 bejegyz\u00e9s\u00fcnkben is volt r\u00f3la sz\u00f3: k\u00f6zeleg az \u00fajabb tan\u00e9v \u00e9s \u00e9ppen itt az ideje, hogy legal\u00e1bb gondolataidat \u00f6sszeszedd \u00e9s \u00e1tgondold, milyen g\u00e9pre van sz\u00fcks\u00e9ged.<br \/>\nM\u00e1r tiszt\u00e1ztuk, hogy mennyire fontos, hogy a g\u00e9p ne nyomjon sokat. A k\u00f6nny\u0171 g\u00e9peket k\u00f6nnyebben magaddal viszed b\u00e1rhov\u00e1, a kisebb m\u00e9ret is ehhez j\u00e1rul hozz\u00e1.<br \/>\nL\u00e1ssuk, mit \u00e9rdemes m\u00e9g figyelembe venned a v\u00e1laszt\u00e1s sor\u00e1n!<\/p>\n<p style=\"text-align: justify;\">\nMin\u00e9l strapab\u00edr\u00f3bb, ann\u00e1l jobb. Ezt ne \u00fagy vedd, hogy pr\u00e9mium min\u0151s\u00e9g\u0171 anyagokb\u00f3l kell k\u00e9sz\u00fclnie (tudom, tudom, az ultrabookok dr\u00e1g\u00e1k), de ha m\u00e1r m\u0171anyagb\u00f3l k\u00e9sz\u00fcl a g\u00e9ped, az legyen jobb min\u0151s\u00e9g\u0171.<\/p>\n<p style=\"text-align: justify;\">\nEllenkez\u0151 esetben sok bossz\u00fas\u00e1g \u00e9rhet. Gondolj csak bele! Ha minden nap csak egy kis \u00fct\u00e9st kap, az id\u0151 m\u00fal\u00e1s\u00e1val sz\u00e1mos s\u00e9r\u00fcl\u00e9s gy\u0171lik \u00f6ssze rajta \u00e9s amennyiben a m\u0171anyag min\u0151s\u00e9ge gyenge, ez jobban megl\u00e1tszik.<\/p>\n<p style=\"text-align: justify;\">\nSzint\u00e9n fontos figyelembe venned, hogy az iskol\u00e1ban haszn\u00e1lt g\u00e9ped mennyi ideig b\u00edrja t\u00f6lt\u00e9s n\u00e9lk\u00fcl. Nem mindig lesz k\u00e9zn\u00e9l konnektor, \u00edgy olyan modellt v\u00e1lassz, mely legal\u00e1bb 5 \u00f3r\u00e1n kereszt\u00fcl b\u00edrja a bevet\u00e9st. Ma m\u00e1r nagyon sok laptop, m\u00e9g az olcs\u00f3bb kateg\u00f3ri\u00e1ba tartoz\u00f3k is, kb. 5 \u00f3r\u00e1n kereszt\u00fcl b\u00edrj\u00e1k, \u00edgy nincs kifog\u00e1s.<br \/>\nExtra tan\u00e1cs: a touchpad min\u0151s\u00e9g\u00e9nek is szentelj figyelmet! Ahogy kor\u00e1bban is volt r\u00f3la sz\u00f3, n\u00e9ha hely sz\u0171k\u00e9ben leszel, \u00edgy nem vagy csak neh\u00e9zkesen tudod haszn\u00e1lni az egeret. Ha a touchpad nem j\u00f3 min\u0151s\u00e9g\u0171, akkor jelent\u0151sen lelassulsz a munk\u00e1ban.<\/p>\n<p style=\"text-align: justify;\">\nSokan a touchpadnak nem tulajdon\u00edtanak nagy jelent\u0151s\u00e9get, megveszik a g\u00e9pet, majd ut\u00f3lag meglep\u0151dnek.<br \/>\n\u00d6sszefoglalva teh\u00e1t: s\u00faly, m\u00e9ret, strapab\u00edr\u00e1s \u00e9s aksi. Erre a n\u00e9gy szempontra kell figyelni, miel\u0151tt kiv\u00e1lasztan\u00e1d iskolai laptopodat.<br \/>\nUgyanakkor haszn\u00e1latt\u00f3l f\u00fcgg\u0151en m\u00e1s \u00e9s m\u00e1s hardverre lehet sz\u00fcks\u00e9ged. Gondolj csak bele: nem mindegy, hogy grafikusnak k\u00e9sz\u00fclsz \u00e9s tervez\u00e9sre is haszn\u00e1lod a g\u00e9pet, hanem egyszer\u0171en csak a sz\u00f6vegszerkeszt\u0151t \u00e9s az internetet haszn\u00e1lod.<\/p>\n<p style=\"text-align: justify;\">Sorozatunk tov\u00e1bbi r\u00e9szei:<\/p>\n<p style=\"text-align: justify;\"><strong><span style=\"color: #000080;\"><a style=\"color: #000080;\" href=\"https:\/\/www.notebook.hu\/blog\/igy-valassz-gepet-iskolai-hasznalatra-suly-es-meret\/\"> <span class=\"current\">\u00cdgy v\u00e1lassz g\u00e9pet iskolai haszn\u00e1latra: s\u00faly \u00e9s m\u00e9ret<\/span><\/a><\/span><\/strong><\/p>\n","protected":false},"excerpt":{"rendered":"<p>Ahogy el\u0151z\u0151 bejegyz\u00e9s\u00fcnkben is volt r\u00f3la sz\u00f3: k\u00f6zeleg az \u00fajabb tan\u00e9v \u00e9s \u00e9ppen itt az ideje, hogy legal\u00e1bb gondolataidat \u00f6sszeszedd \u00e9s \u00e1tgondold, milyen g\u00e9pre van sz\u00fcks\u00e9ged. M\u00e1r tiszt\u00e1ztuk, hogy mennyire fontos, hogy a g\u00e9p ne nyomjon sokat. A k\u00f6nny\u0171 g\u00e9peket k\u00f6nnyebben magaddal viszed b\u00e1rhov\u00e1, a kisebb m\u00e9ret is ehhez j\u00e1rul hozz\u00e1. L\u00e1ssuk, mit \u00e9rdemes m\u00e9g &hellip;<\/p>\n","protected":false},"author":1,"featured_media":1362,"comment_status":"closed","ping_status":"open","sticky":false,"template":"","format":"standard","meta":{"_jetpack_memberships_contains_paid_content":false,"footnotes":""},"categories":[42],"tags":[44],"class_list":["post-1361","post","type-post","status-publish","format-standard","has-post-thumbnail","","category-cikkek","tag-notebook-laptop"],"jetpack_featured_media_url":"https:\/\/www.notebook.hu\/blog\/wp-content\/uploads\/2016\/07\/39047831_l.jpg","jetpack_shortlink":"https:\/\/wp.me\/p9xSLL-lX","jetpack_sharing_enabled":true,"_links":{"self":[{"href":"https:\/\/www.notebook.hu\/blog\/wp-json\/wp\/v2\/posts\/1361","targetHints":{"allow":["GET"]}}],"collection":[{"href":"https:\/\/www.notebook.hu\/blog\/wp-json\/wp\/v2\/posts"}],"about":[{"href":"https:\/\/www.notebook.hu\/blog\/wp-json\/wp\/v2\/types\/post"}],"author":[{"embeddable":true,"href":"https:\/\/www.notebook.hu\/blog\/wp-json\/wp\/v2\/users\/1"}],"replies":[{"embeddable":true,"href":"https:\/\/www.notebook.hu\/blog\/wp-json\/wp\/v2\/comments?post=1361"}],"version-history":[{"count":3,"href":"https:\/\/www.notebook.hu\/blog\/wp-json\/wp\/v2\/posts\/1361\/revisions"}],"predecessor-version":[{"id":1365,"href":"https:\/\/www.notebook.hu\/blog\/wp-json\/wp\/v2\/posts\/1361\/revisions\/1365"}],"wp:featuredmedia":[{"embeddable":true,"href":"https:\/\/www.notebook.hu\/blog\/wp-json\/wp\/v2\/media\/1362"}],"wp:attachment":[{"href":"https:\/\/www.notebook.hu\/blog\/wp-json\/wp\/v2\/media?parent=1361"}],"wp:term":[{"taxonomy":"category","embeddable":true,"href":"https:\/\/www.notebook.hu\/blog\/wp-json\/wp\/v2\/categories?post=1361"},{"taxonomy":"post_tag","embeddable":true,"href":"https:\/\/www.notebook.hu\/blog\/wp-json\/wp\/v2\/tags?post=1361"}],"curies":[{"name":"wp","href":"https:\/\/api.w.org\/{rel}","templated":true}]}}