{"id":1354,"date":"2016-07-18T10:17:20","date_gmt":"2016-07-18T08:17:20","guid":{"rendered":"http:\/\/www.notebook.hu\/blog\/?p=1354"},"modified":"2016-07-17T23:19:44","modified_gmt":"2016-07-17T21:19:44","slug":"huawei-matebook-elegancia-es-teljesitmeny","status":"publish","type":"post","link":"https:\/\/www.notebook.hu\/blog\/huawei-matebook-elegancia-es-teljesitmeny\/","title":{"rendered":"Huawei Matebook: elegancia \u00e9s teljes\u00edtm\u00e9ny"},"content":{"rendered":"<p style=\"text-align: justify;\">A Mobile World Congress egy minden \u00e9vben megrendezett esem\u00e9ny, melyen a telekommunik\u00e1ci\u00f3s, mobil eszk\u00f6z\u00f6k j\u00e1tssz\u00e1k a f\u0151szerepet. 2016-ban a Huawei nem \u00faj mobillal, ink\u00e1bb egy eleg\u00e1ns tablettel \u00e1llt el\u0151 Barcelon\u00e1ban, ahol a rendezv\u00e9ny helyet kap.<\/p>\n<p style=\"text-align: justify;\">\nA term\u00e9k nem csup\u00e1n professzion\u00e1lis haszn\u00e1latra alkalmas, hanem azok sz\u00e1m\u00e1ra is ide\u00e1lis lehet, akik egy k\u00f6nnyen hordozhat\u00f3 tabletre v\u00e1gynak. L\u00e1ssuk csak b\u0151vebben, mire k\u00e9pes az eszk\u00f6z!<br \/>\nA t\u00e1blag\u00e9p alum\u00edniumb\u00f3l k\u00e9sz\u00fclt \u00e9s tal\u00e1n legnagyobb el\u0151ny\u00e9nek sz\u00e1m\u00edt, hogy nagyon k\u00f6nny\u0171, mind\u00f6ssze 640 grammot nyom. Vastags\u00e1ga mind\u00f6ssze 6,7 mm, \u00edgy k\u00e9nyelmesen elf\u00e9r a k\u00e9zben. Nyilv\u00e1nval\u00f3 teh\u00e1t, hogy k\u00e9nyelmesebb a hordozhat\u00f3s\u00e1ga, mint a Surface eszk\u00f6z\u00f6knek.<\/p>\n<p style=\"text-align: justify;\">\nA k\u00e9perny\u0151 2160&#215;1440-es felbont\u00e1s\u00fa, kijelz\u0151je 12 h\u00fcvelykes, \u00edgy az azon megjelen\u0151 k\u00e9pek gy\u00f6ny\u00f6r\u0171ek, \u00e9lesek. Ami a hangot illeti, a Huawei Matebook eg\u00e9sz j\u00f3l teljes\u00edt: k\u00e9t j\u00f3 min\u0151s\u00e9g\u0171 Dolby hangsz\u00f3r\u00f3val sz\u00e1mol.<\/p>\n<p style=\"text-align: justify;\">\nA g\u00e9p Windows 10-et futtat \u00e9s hardvere is er\u0151s. Processzora Intel M, emellett 4 vagy 8 GB-os RAM \u00e9s 128, 256 vagy 512 GB-os SSD ker\u00fcl a h\u00e1zba. Az Intel M teljes\u00edtm\u00e9nye valamivel kisebb, mint a negyedik gener\u00e1ci\u00f3s I5-nek, de az SSD meghajt\u00f3k gyorsas\u00e1ga ide\u00e1lis az irodai munk\u00e1hoz, a programoz\u00e1shoz, netez\u00e9shez \u00e9s gyakorlatilag mindenhez\u2026a nagy ig\u00e9ny\u0171 j\u00e1t\u00e9kok futtat\u00e1s\u00e1t lesz\u00e1m\u00edtva.<br \/>\nA tablet mell\u00e9 billenty\u0171zetet \u00e9s \u00e9rint\u0151tollat is lehet k\u00fcl\u00f6n v\u00e1s\u00e1rolni. A billenty\u0171zet h\u00e1tt\u00e9rvil\u00e1g\u00edt\u00e1ssal \u00e9s j\u00f3 min\u0151s\u00e9g\u0171 touchpaddal sz\u00e1mol, a toll pedig ide\u00e1lis a k\u00e9perny\u0151re val\u00f3 jegyzetel\u00e9sre, r\u00e1ad\u00e1sul m\u00e9g egy kis l\u00e9zerf\u00e9nyt \u00e9s gombot is bele\u00e9p\u00edtettek, melyek seg\u00edts\u00e9g\u00fcnkre lehetnek prezent\u00e1ci\u00f3k sor\u00e1n.<\/p>\n<p style=\"text-align: justify;\">\nEgy\u00e9b fontos jellemz\u0151 p\u00e9ld\u00e1ul, hogy a Matebook aksija ak\u00e1r 10 \u00f3r\u00e1n kereszt\u00fcl is b\u00edrja a bevet\u00e9st, el\u0151lapi kamer\u00e1val \u00e9s ujjlenyomat-\u00e9rz\u00e9kel\u0151vel \u00e9s C t\u00edpus\u00fa USB-porttal is ell\u00e1tt\u00e1k. Egy kis extra: b\u00e1rmely Huawei m\u00e1rk\u00e1j\u00fa okostelefonnal \u00f6ssze lehet kapcsolni.<\/p>\n","protected":false},"excerpt":{"rendered":"<p>A Mobile World Congress egy minden \u00e9vben megrendezett esem\u00e9ny, melyen a telekommunik\u00e1ci\u00f3s, mobil eszk\u00f6z\u00f6k j\u00e1tssz\u00e1k a f\u0151szerepet. 2016-ban a Huawei nem \u00faj mobillal, ink\u00e1bb egy eleg\u00e1ns tablettel \u00e1llt el\u0151 Barcelon\u00e1ban, ahol a rendezv\u00e9ny helyet kap. A term\u00e9k nem csup\u00e1n professzion\u00e1lis haszn\u00e1latra alkalmas, hanem azok sz\u00e1m\u00e1ra is ide\u00e1lis lehet, akik egy k\u00f6nnyen hordozhat\u00f3 tabletre v\u00e1gynak. L\u00e1ssuk &hellip;<\/p>\n","protected":false},"author":1,"featured_media":1355,"comment_status":"closed","ping_status":"open","sticky":false,"template":"","format":"standard","meta":{"_jetpack_memberships_contains_paid_content":false,"footnotes":""},"categories":[42],"tags":[61,44,46],"class_list":["post-1354","post","type-post","status-publish","format-standard","has-post-thumbnail","","category-cikkek","tag-2in1","tag-notebook-laptop","tag-tablet"],"jetpack_featured_media_url":"https:\/\/www.notebook.hu\/blog\/wp-content\/uploads\/2016\/07\/46357529_l.jpg","jetpack_shortlink":"https:\/\/wp.me\/p9xSLL-lQ","jetpack_sharing_enabled":true,"_links":{"self":[{"href":"https:\/\/www.notebook.hu\/blog\/wp-json\/wp\/v2\/posts\/1354","targetHints":{"allow":["GET"]}}],"collection":[{"href":"https:\/\/www.notebook.hu\/blog\/wp-json\/wp\/v2\/posts"}],"about":[{"href":"https:\/\/www.notebook.hu\/blog\/wp-json\/wp\/v2\/types\/post"}],"author":[{"embeddable":true,"href":"https:\/\/www.notebook.hu\/blog\/wp-json\/wp\/v2\/users\/1"}],"replies":[{"embeddable":true,"href":"https:\/\/www.notebook.hu\/blog\/wp-json\/wp\/v2\/comments?post=1354"}],"version-history":[{"count":2,"href":"https:\/\/www.notebook.hu\/blog\/wp-json\/wp\/v2\/posts\/1354\/revisions"}],"predecessor-version":[{"id":1357,"href":"https:\/\/www.notebook.hu\/blog\/wp-json\/wp\/v2\/posts\/1354\/revisions\/1357"}],"wp:featuredmedia":[{"embeddable":true,"href":"https:\/\/www.notebook.hu\/blog\/wp-json\/wp\/v2\/media\/1355"}],"wp:attachment":[{"href":"https:\/\/www.notebook.hu\/blog\/wp-json\/wp\/v2\/media?parent=1354"}],"wp:term":[{"taxonomy":"category","embeddable":true,"href":"https:\/\/www.notebook.hu\/blog\/wp-json\/wp\/v2\/categories?post=1354"},{"taxonomy":"post_tag","embeddable":true,"href":"https:\/\/www.notebook.hu\/blog\/wp-json\/wp\/v2\/tags?post=1354"}],"curies":[{"name":"wp","href":"https:\/\/api.w.org\/{rel}","templated":true}]}}