{"id":1348,"date":"2016-12-12T11:10:44","date_gmt":"2016-12-12T10:10:44","guid":{"rendered":"http:\/\/www.notebook.hu\/blog\/?p=1348"},"modified":"2017-10-26T17:17:12","modified_gmt":"2017-10-26T15:17:12","slug":"milyen-kepernyoformatum-idealis-a-tabletre","status":"publish","type":"post","link":"https:\/\/www.notebook.hu\/blog\/milyen-kepernyoformatum-idealis-a-tabletre\/","title":{"rendered":"Milyen k\u00e9perny\u0151form\u00e1tum ide\u00e1lis a tabletre?"},"content":{"rendered":"<p style=\"text-align: justify;\">Ha elhat\u00e1roztad magad \u00e9s \u00fagy d\u00f6nt\u00f6tt\u00e9l, veszel egy tabletet, akkor val\u00f3sz\u00edn\u0171leg az elv\u00e1r\u00e1saidat is megfogalmaztad magadban. Tudod, hogy mi az, amire sz\u00fcks\u00e9ged van \u00e9s azt is pontosan tudod, hogy mely r\u00e9szleteknek nem szentelsz majd k\u00fcl\u00f6n\u00f6sebb figyelmet.<\/p>\n<p style=\"text-align: justify;\">\nTerm\u00e9szetesen ez att\u00f3l f\u00fcgg, hogy els\u0151sorban mire haszn\u00e1lod az eszk\u00f6zt: munk\u00e1ra, t\u00e1bl\u00e1zatok szerkeszt\u00e9s\u00e9re, esetleg csak az unalmas perceidben el\u00fctn\u00e9d az id\u0151t egy kis j\u00e1t\u00e9kkal? Vagy tal\u00e1n k\u00e9nyelmesebb filmn\u00e9z\u00e9sre v\u00e1gysz?<\/p>\n<p style=\"text-align: justify;\">\nA k\u00e9perny\u0151 tulajdons\u00e1gait tekintve t\u00f6bbf\u00e9le tablet k\u00f6z\u00fcl v\u00e1laszthatsz. A Nexus 7 p\u00e9ld\u00e1ul sz\u00e9les k\u00e9perny\u0151s (16:9), \u00edgy ez filmn\u00e9z\u00e9sre ide\u00e1lis lehet. Az iPad Mini (4:3) felbont\u00e1ssal k\u00e9sz\u00fclt, ez ink\u00e1bb a r\u00e9gi TV-k kijelz\u0151j\u00e9re hajaz.<\/p>\n<p style=\"text-align: justify;\">\nAz Androidos rendszerekkel ell\u00e1tott t\u00e1blag\u00e9pek a panor\u00e1ma n\u00e9zet, az Apple pedig a sztenderd n\u00e9zet mellett d\u00f6nt\u00f6tt.<br \/>\nA legt\u00f6bb v\u00e1llalat, amely az Androidos tabletet v\u00e1lasztotta, az okostelefonok \u00e9s a modern telev\u00edzi\u00f3k form\u00e1tum\u00e1t k\u00f6veti, ezzel szemben az Apple a sztenderd n\u00e9zet mellett tette le voks\u00e1t. Ez esetben azt kell mondanunk, hogy az Apple az eff\u00e9le eszk\u00f6z\u00f6k praktikuss\u00e1g\u00e1t n\u00e9zte.<\/p>\n<p style=\"text-align: justify;\">\nAz iPad Minit \u00e9s az \u00f6sszes t\u00f6bbi iPad modellt is munk\u00e1ra tervezt\u00e9k \u00e9s nagy el\u0151ny\u00fck, hogy ak\u00e1r \u00e1ll\u00edtva, ak\u00e1r fektetve tessz\u00fck magunk el\u00e9 a g\u00e9pet, ugyanolyan k\u00e9nyelmes a munka. Ezzel szemben a 16:9-es k\u00e9perny\u0151kn\u00e9l a m\u00f3ka k\u00f6zel sem ennyire egyszer\u0171.<\/p>\n<p style=\"text-align: justify;\">\nA panor\u00e1ma n\u00e9zet nem ide\u00e1lis a weblapok b\u00f6ng\u00e9sz\u00e9shez, sem a sz\u00f6veges f\u00e1jlok olvas\u00e1s\u00e1hoz.<br \/>\nHa v\u00edzszintes tartalmak megtekint\u00e9s\u00e9re haszn\u00e1ln\u00e1d a tableted, akkor is ink\u00e1bb az iPad megold\u00e1s\u00e1t aj\u00e1nlan\u00e1nk, hiszen sokkal t\u00f6bb (kb. k\u00e9tszer annyi) inform\u00e1ci\u00f3 f\u00e9r el a k\u00e9perny\u0151n, mint p\u00e9ld\u00e1ul a Nexus 7 eset\u00e9ben.<\/p>\n<p style=\"text-align: justify;\">\nAzonban fel kell h\u00edvnunk a figyelmet arra is, hogy a 16:9-es felbont\u00e1ssal elker\u00fclhetj\u00fck a kellemetlen fekete s\u00e1vokat, mik\u00f6zben filmet n\u00e9z\u00fcnk, de azt is el kell ismern\u00fcnk, hogy ez nem valami nyom\u00f3s indok az Apple ellen.<\/p>\n","protected":false},"excerpt":{"rendered":"<p>Ha elhat\u00e1roztad magad \u00e9s \u00fagy d\u00f6nt\u00f6tt\u00e9l, veszel egy tabletet, akkor val\u00f3sz\u00edn\u0171leg az elv\u00e1r\u00e1saidat is megfogalmaztad magadban. Tudod, hogy mi az, amire sz\u00fcks\u00e9ged van \u00e9s azt is pontosan tudod, hogy mely r\u00e9szleteknek nem szentelsz majd k\u00fcl\u00f6n\u00f6sebb figyelmet. Term\u00e9szetesen ez att\u00f3l f\u00fcgg, hogy els\u0151sorban mire haszn\u00e1lod az eszk\u00f6zt: munk\u00e1ra, t\u00e1bl\u00e1zatok szerkeszt\u00e9s\u00e9re, esetleg csak az unalmas perceidben el\u00fctn\u00e9d &hellip;<\/p>\n","protected":false},"author":1,"featured_media":1349,"comment_status":"closed","ping_status":"closed","sticky":false,"template":"","format":"standard","meta":{"_jetpack_memberships_contains_paid_content":false,"footnotes":""},"categories":[1],"tags":[46],"class_list":["post-1348","post","type-post","status-publish","format-standard","has-post-thumbnail","","category-egyeb","tag-tablet"],"jetpack_featured_media_url":"https:\/\/www.notebook.hu\/blog\/wp-content\/uploads\/2016\/07\/26254627_l.jpg","jetpack_shortlink":"https:\/\/wp.me\/p9xSLL-lK","jetpack_sharing_enabled":true,"_links":{"self":[{"href":"https:\/\/www.notebook.hu\/blog\/wp-json\/wp\/v2\/posts\/1348","targetHints":{"allow":["GET"]}}],"collection":[{"href":"https:\/\/www.notebook.hu\/blog\/wp-json\/wp\/v2\/posts"}],"about":[{"href":"https:\/\/www.notebook.hu\/blog\/wp-json\/wp\/v2\/types\/post"}],"author":[{"embeddable":true,"href":"https:\/\/www.notebook.hu\/blog\/wp-json\/wp\/v2\/users\/1"}],"replies":[{"embeddable":true,"href":"https:\/\/www.notebook.hu\/blog\/wp-json\/wp\/v2\/comments?post=1348"}],"version-history":[{"count":3,"href":"https:\/\/www.notebook.hu\/blog\/wp-json\/wp\/v2\/posts\/1348\/revisions"}],"predecessor-version":[{"id":2158,"href":"https:\/\/www.notebook.hu\/blog\/wp-json\/wp\/v2\/posts\/1348\/revisions\/2158"}],"wp:featuredmedia":[{"embeddable":true,"href":"https:\/\/www.notebook.hu\/blog\/wp-json\/wp\/v2\/media\/1349"}],"wp:attachment":[{"href":"https:\/\/www.notebook.hu\/blog\/wp-json\/wp\/v2\/media?parent=1348"}],"wp:term":[{"taxonomy":"category","embeddable":true,"href":"https:\/\/www.notebook.hu\/blog\/wp-json\/wp\/v2\/categories?post=1348"},{"taxonomy":"post_tag","embeddable":true,"href":"https:\/\/www.notebook.hu\/blog\/wp-json\/wp\/v2\/tags?post=1348"}],"curies":[{"name":"wp","href":"https:\/\/api.w.org\/{rel}","templated":true}]}}