{"id":1327,"date":"2016-06-21T10:41:12","date_gmt":"2016-06-21T08:41:12","guid":{"rendered":"http:\/\/www.notebook.hu\/blog\/?p=1327"},"modified":"2016-07-17T22:46:18","modified_gmt":"2016-07-17T20:46:18","slug":"tablet-vagy-laptop-ii-resz","status":"publish","type":"post","link":"https:\/\/www.notebook.hu\/blog\/tablet-vagy-laptop-ii-resz\/","title":{"rendered":"Tablet vagy laptop? II. r\u00e9sz"},"content":{"rendered":"<p style=\"text-align: justify;\">El\u0151z\u0151 bejegyz\u00e9s\u00fcnkben a tabletek \u00e9s laptopok k\u00f6z\u00f6tti k\u00fcl\u00f6nbs\u00e9gekre h\u00edvtuk fel a figyelmet, de sz\u00f3t ejtett\u00fcnk a k\u00f6ztes megold\u00e1sr\u00f3l: a netbookok haszn\u00e1lat\u00e1r\u00f3l is.<br \/>\nMiel\u0151tt v\u00e1lasztunk, szem el\u0151tt kell tartanunk, hogy mire haszn\u00e1ljuk majd az eszk\u00f6zt \u00e9s az mekkora k\u00e9perny\u0151t ig\u00e9nyel. A laptopok k\u00e9perny\u0151m\u00e9rete 15.4\u201d \u00e9s 17\u201d k\u00f6z\u00f6tt mozog.<br \/>\nK\u00f6vetkeztet\u00e9sk\u00e9nt azt mondhatjuk teh\u00e1t, hogy a \u201etablet vagy laptop?\u201d k\u00e9rd\u00e9sre nem l\u00e9tezik olyan v\u00e1lasz, mely minden fogyaszt\u00f3 ig\u00e9ny\u00e9hez alkalmazkodik.<br \/>\nAz \u00edzl\u00e9s mellett az is d\u00f6nt\u0151, hogy mire haszn\u00e1ljuk az eszk\u00f6zt. A tablet m\u0171k\u00f6dhet interakt\u00edv t\u00e1blak\u00e9nt, elhelyezhet\u0151 egy \u00fczletben, hogy am\u00edg az \u00fcgyfelek v\u00e1rakoznak, ne unatkozzanak \u00e9s megismerkedhessenek az egyes term\u00e9kekkel \u00e9s szolg\u00e1ltat\u00e1sokkal, melyet a v\u00e1llalat k\u00edn\u00e1l. Ilyen esetben p\u00e9ld\u00e1ul mindig t\u00e1blag\u00e9pet \u00e9s sosem laptopot vagy netbookot v\u00e1lasztan\u00e1nk.<br \/>\nHa a t\u00e1blag\u00e9pet irodai sz\u00e1m\u00edt\u00f3g\u00e9p\u00fcnk mellett tartjuk, az is sz\u00e1mos el\u0151nnyel j\u00e1rhat. Ha gyorsan van sz\u00fcks\u00e9g\u00fcnk valamif\u00e9le inform\u00e1ci\u00f3ra, csak megnyitjuk a tablet b\u00f6ng\u00e9sz\u0151j\u00e9t.<br \/>\nA XXI. sz\u00e1zadban lassan minden weboldal reszponz\u00edv, azaz alkalmazkodik ahhoz az eszk\u00f6zh\u00f6z, melyr\u0151l l\u00e1togatj\u00e1k.<br \/>\nA t\u00e1blag\u00e9peket r\u00e1ad\u00e1sul akkor is magunkkal vihetj\u00fck, amikor az irod\u00e1t elhagyjuk. Ak\u00e1r GPS-k\u00e9nt is j\u00f3l \u00fczemel, de emellett zenehallgat\u00e1sra \u00e9s k\u00fcl\u00f6nf\u00e9le tartalmak megtekint\u00e9s\u00e9re is lehet\u0151s\u00e9g\u00fcnk ny\u00edlik gyakorlatilag b\u00e1rhol.<br \/>\nAmire figyeln\u00fcnk kell, hogy mindig megfelel\u0151 tokban tartsuk az eszk\u00f6zt, hiszen ha mindig mindenhova elk\u00eds\u00e9r minket, &#8222;b\u00edrnia kell a strap\u00e1t&#8221;.<br \/>\nL\u00e1thatjuk teh\u00e1t, hogy a d\u00f6nt\u00e9s egyes esetekben egyszer\u0171, m\u00e1sszor rendk\u00edv\u00fcl k\u00f6nny\u0171. A legjobb term\u00e9szetesen az, ha mindk\u00e9t eszk\u00f6zt beszerezz\u00fck, hiszen akkor helyzett\u0151l f\u00fcgg\u0151en tudunk k\u00f6zt\u00fck v\u00e1lasztani.<\/p>\n<p style=\"text-align: justify;\">Sorozatunk tov\u00e1bbi r\u00e9szei:<\/p>\n<p style=\"text-align: justify;\"><span style=\"color: #333399;\"><a style=\"color: #333399;\" href=\"https:\/\/www.notebook.hu\/blog\/tablet-vagy-laptop-i-resz\/\">Tablet vagy laptop? I. r\u00e9sz<\/a><\/span><\/p>\n","protected":false},"excerpt":{"rendered":"<p>El\u0151z\u0151 bejegyz\u00e9s\u00fcnkben a tabletek \u00e9s laptopok k\u00f6z\u00f6tti k\u00fcl\u00f6nbs\u00e9gekre h\u00edvtuk fel a figyelmet, de sz\u00f3t ejtett\u00fcnk a k\u00f6ztes megold\u00e1sr\u00f3l: a netbookok haszn\u00e1lat\u00e1r\u00f3l is. Miel\u0151tt v\u00e1lasztunk, szem el\u0151tt kell tartanunk, hogy mire haszn\u00e1ljuk majd az eszk\u00f6zt \u00e9s az mekkora k\u00e9perny\u0151t ig\u00e9nyel. A laptopok k\u00e9perny\u0151m\u00e9rete 15.4\u201d \u00e9s 17\u201d k\u00f6z\u00f6tt mozog. K\u00f6vetkeztet\u00e9sk\u00e9nt azt mondhatjuk teh\u00e1t, hogy a \u201etablet vagy &hellip;<\/p>\n","protected":false},"author":1,"featured_media":1328,"comment_status":"closed","ping_status":"open","sticky":false,"template":"","format":"standard","meta":{"_jetpack_memberships_contains_paid_content":false,"footnotes":""},"categories":[42],"tags":[44,46],"class_list":["post-1327","post","type-post","status-publish","format-standard","has-post-thumbnail","","category-cikkek","tag-notebook-laptop","tag-tablet"],"jetpack_featured_media_url":"https:\/\/www.notebook.hu\/blog\/wp-content\/uploads\/2016\/07\/30674369_l.jpg","jetpack_shortlink":"https:\/\/wp.me\/p9xSLL-lp","jetpack_sharing_enabled":true,"_links":{"self":[{"href":"https:\/\/www.notebook.hu\/blog\/wp-json\/wp\/v2\/posts\/1327","targetHints":{"allow":["GET"]}}],"collection":[{"href":"https:\/\/www.notebook.hu\/blog\/wp-json\/wp\/v2\/posts"}],"about":[{"href":"https:\/\/www.notebook.hu\/blog\/wp-json\/wp\/v2\/types\/post"}],"author":[{"embeddable":true,"href":"https:\/\/www.notebook.hu\/blog\/wp-json\/wp\/v2\/users\/1"}],"replies":[{"embeddable":true,"href":"https:\/\/www.notebook.hu\/blog\/wp-json\/wp\/v2\/comments?post=1327"}],"version-history":[{"count":1,"href":"https:\/\/www.notebook.hu\/blog\/wp-json\/wp\/v2\/posts\/1327\/revisions"}],"predecessor-version":[{"id":1329,"href":"https:\/\/www.notebook.hu\/blog\/wp-json\/wp\/v2\/posts\/1327\/revisions\/1329"}],"wp:featuredmedia":[{"embeddable":true,"href":"https:\/\/www.notebook.hu\/blog\/wp-json\/wp\/v2\/media\/1328"}],"wp:attachment":[{"href":"https:\/\/www.notebook.hu\/blog\/wp-json\/wp\/v2\/media?parent=1327"}],"wp:term":[{"taxonomy":"category","embeddable":true,"href":"https:\/\/www.notebook.hu\/blog\/wp-json\/wp\/v2\/categories?post=1327"},{"taxonomy":"post_tag","embeddable":true,"href":"https:\/\/www.notebook.hu\/blog\/wp-json\/wp\/v2\/tags?post=1327"}],"curies":[{"name":"wp","href":"https:\/\/api.w.org\/{rel}","templated":true}]}}