{"id":1304,"date":"2016-12-06T09:44:03","date_gmt":"2016-12-06T08:44:03","guid":{"rendered":"http:\/\/www.notebook.hu\/blog\/?p=1304"},"modified":"2017-10-25T15:28:11","modified_gmt":"2017-10-25T13:28:11","slug":"jot-tesz-a-gepnek-ha-bekapcsolva-toltjuk","status":"publish","type":"post","link":"https:\/\/www.notebook.hu\/blog\/jot-tesz-a-gepnek-ha-bekapcsolva-toltjuk\/","title":{"rendered":"J\u00f3t tesz a g\u00e9pnek, ha bekapcsolva t\u00f6ltj\u00fck?"},"content":{"rendered":"<p style=\"text-align: justify;\">Az egyik legelterjedtebb informatikai m\u00edtosz, hogy a laptopra k\u00e1ros hat\u00e1ssal van az, ha bekapcsolt \u00e1llapot\u00e1ban t\u00f6ltj\u00fck. \u00d6n is azt gondolja, hogy ez cs\u00f6kkentheti az akkumul\u00e1tor \u00e9lettartam\u00e1t \u00e9s ez ahhoz vezet, hogy egyre gyakrabban kell t\u00f6lteni a g\u00e9pet?<\/p>\n<p style=\"text-align: justify;\">A tov\u00e1bbiakban p\u00e1r hasznos tan\u00e1csot ismertet\u00fcnk a t\u00e9m\u00e1ban.<\/p>\n<p style=\"text-align: justify;\">Tartsa szem el\u0151tt, hogy a laptopok akkumul\u00e1tor\u00e1nak \u00e9lettartama v\u00e9ges! \u00c9s hogy mit\u0151l f\u00fcgg az aksi \u00e9lettartama? P\u00e9ld\u00e1ul a m\u00e1rk\u00e1t\u00f3l, az azt fel\u00e9p\u00edt\u0151 anyagokt\u00f3l \u00e9s jellemz\u0151it\u0151l.<\/p>\n<p style=\"text-align: justify;\">A technol\u00f3gia fejl\u0151d\u00e9s\u00e9vel fokozatosan k\u00fcsz\u00f6b\u00f6lik ki a felmer\u00fcl\u0151 probl\u00e9m\u00e1kat. Ugyanez t\u00f6rt\u00e9nik a laptopok akkumul\u00e1toraival is. A fejl\u0151d\u00e9s megszabad\u00edt a hib\u00e1kt\u00f3l, vagy legal\u00e1bbis k\u00e9slelteti azok megjelen\u00e9s\u00e9t, valamint meghosszabb\u00edtja az akkumul\u00e1tor \u00e9lettartam\u00e1t. Itt megeml\u00edthetj\u00fck a tervezett elavul\u00e1s fogalm\u00e1t.<\/p>\n<p style=\"text-align: justify;\">A tervezett elavul\u00e1s elm\u00e9let\u00e9nek l\u00e9nyege, hogy a term\u00e9keket \u00fagy gy\u00e1rtj\u00e1k, hogy az egy id\u0151 ut\u00e1n t\u00f6nkremenjen \u00e9s \u00edgy az adott v\u00e1llalat arra k\u00e9sztesse a fogyaszt\u00f3t, hogy \u00faj term\u00e9ket vegyen.<\/p>\n<p style=\"text-align: justify;\">Az akkumul\u00e1torok \u00e9lettartam\u00e1t ciklusokban m\u00e9rik. Egy ciklus alatt azt az id\u0151t \u00e9rtj\u00fck, mialatt az aksi teljesen lemer\u00fcl \u00e9s azt \u00fajb\u00f3l 100%-ra felt\u00f6ltj\u00fck. Az akkumul\u00e1torok \u00e9lettartam\u00e1t \u00e1ltal\u00e1ban 300-500 ciklusra tehetj\u00fck. Min\u00e9l t\u00f6bb ciklusn\u00e1l tart egy g\u00e9p, ann\u00e1l kisebb t\u00e1rol\u00f3kapacit\u00e1sa. Ak\u00e1r az eredeti 70-80%-a is lehet.<\/p>\n<p style=\"text-align: justify;\">Hogy a c\u00edmre is v\u00e1laszt adjunk: nem k\u00e1ros a g\u00e9pre n\u00e9zve, ha bekapcsolt \u00e1llapot\u00e1ban t\u00f6lt\u0151dik. Ha belegondolunk, nem is lenne \u00e9rtelme minden alkalommal lekapcsolni, am\u00edg t\u00f6ltj\u00fck. A gy\u00e1rt\u00f3k figyelembe veszik azt, hogy ez nem lenne k\u00e9nyelmes, \u00edgy eszerint k\u00e9sz\u00edtik el term\u00e9keiket.<\/p>\n<p style=\"text-align: justify;\">A tov\u00e1bbiakban n\u00e9h\u00e1ny hasznos tan\u00e1ccsal l\u00e1tjuk el olvas\u00f3inkat laptopjuk helyes haszn\u00e1lata \u00e9rdek\u00e9ben:<\/p>\n<p style=\"text-align: justify; padding-left: 30px;\">1. Ne hagyja, hogy az akkumul\u00e1tor teljesen lemer\u00fclj\u00f6n! Aj\u00e1nlott akkor t\u00f6lt\u0151re tenni a g\u00e9pet, amikor a t\u00f6lt\u00f6tts\u00e9ge 20-40% k\u00f6z\u00f6tt van.<br \/>\n2. Sose t\u00f6ltse fel 100%-ra az akkumul\u00e1tort!<br \/>\n3. Haszn\u00e1lja a laptop saj\u00e1t t\u00f6lt\u0151j\u00e9t! Figyeljen oda a fesz\u00fclts\u00e9gre, mert egyes t\u00f6lt\u0151k s\u00falyosan k\u00e1ros\u00edthatj\u00e1k az aksit!<\/p>\n","protected":false},"excerpt":{"rendered":"<p>Az egyik legelterjedtebb informatikai m\u00edtosz, hogy a laptopra k\u00e1ros hat\u00e1ssal van az, ha bekapcsolt \u00e1llapot\u00e1ban t\u00f6ltj\u00fck. \u00d6n is azt gondolja, hogy ez cs\u00f6kkentheti az akkumul\u00e1tor \u00e9lettartam\u00e1t \u00e9s ez ahhoz vezet, hogy egyre gyakrabban kell t\u00f6lteni a g\u00e9pet? A tov\u00e1bbiakban p\u00e1r hasznos tan\u00e1csot ismertet\u00fcnk a t\u00e9m\u00e1ban. Tartsa szem el\u0151tt, hogy a laptopok akkumul\u00e1tor\u00e1nak \u00e9lettartama v\u00e9ges! \u00c9s &hellip;<\/p>\n","protected":false},"author":1,"featured_media":1305,"comment_status":"closed","ping_status":"closed","sticky":false,"template":"","format":"standard","meta":{"_jetpack_memberships_contains_paid_content":false,"footnotes":""},"categories":[1],"tags":[44,47,46],"class_list":["post-1304","post","type-post","status-publish","format-standard","has-post-thumbnail","","category-egyeb","tag-notebook-laptop","tag-okostelefon-mobiltelefon","tag-tablet"],"jetpack_featured_media_url":"https:\/\/www.notebook.hu\/blog\/wp-content\/uploads\/2016\/06\/6940043_l.jpg","jetpack_shortlink":"https:\/\/wp.me\/p9xSLL-l2","jetpack_sharing_enabled":true,"_links":{"self":[{"href":"https:\/\/www.notebook.hu\/blog\/wp-json\/wp\/v2\/posts\/1304","targetHints":{"allow":["GET"]}}],"collection":[{"href":"https:\/\/www.notebook.hu\/blog\/wp-json\/wp\/v2\/posts"}],"about":[{"href":"https:\/\/www.notebook.hu\/blog\/wp-json\/wp\/v2\/types\/post"}],"author":[{"embeddable":true,"href":"https:\/\/www.notebook.hu\/blog\/wp-json\/wp\/v2\/users\/1"}],"replies":[{"embeddable":true,"href":"https:\/\/www.notebook.hu\/blog\/wp-json\/wp\/v2\/comments?post=1304"}],"version-history":[{"count":3,"href":"https:\/\/www.notebook.hu\/blog\/wp-json\/wp\/v2\/posts\/1304\/revisions"}],"predecessor-version":[{"id":2144,"href":"https:\/\/www.notebook.hu\/blog\/wp-json\/wp\/v2\/posts\/1304\/revisions\/2144"}],"wp:featuredmedia":[{"embeddable":true,"href":"https:\/\/www.notebook.hu\/blog\/wp-json\/wp\/v2\/media\/1305"}],"wp:attachment":[{"href":"https:\/\/www.notebook.hu\/blog\/wp-json\/wp\/v2\/media?parent=1304"}],"wp:term":[{"taxonomy":"category","embeddable":true,"href":"https:\/\/www.notebook.hu\/blog\/wp-json\/wp\/v2\/categories?post=1304"},{"taxonomy":"post_tag","embeddable":true,"href":"https:\/\/www.notebook.hu\/blog\/wp-json\/wp\/v2\/tags?post=1304"}],"curies":[{"name":"wp","href":"https:\/\/api.w.org\/{rel}","templated":true}]}}