{"id":1298,"date":"2016-05-31T09:14:57","date_gmt":"2016-05-31T07:14:57","guid":{"rendered":"http:\/\/www.notebook.hu\/blog\/?p=1298"},"modified":"2016-06-06T09:22:11","modified_gmt":"2016-06-06T07:22:11","slug":"hogyan-tartsd-formaban-a-laptopod-3-resz-csak-asztalon-vagy-hutopadon-hasznald-a-geped","status":"publish","type":"post","link":"https:\/\/www.notebook.hu\/blog\/hogyan-tartsd-formaban-a-laptopod-3-resz-csak-asztalon-vagy-hutopadon-hasznald-a-geped\/","title":{"rendered":"Hogyan tartsd form\u00e1ban a laptopod? 3. r\u00e9sz \u2013 Csak asztalon vagy h\u0171t\u0151padon haszn\u00e1ld a g\u00e9ped"},"content":{"rendered":"<p style=\"text-align: justify;\">N\u00e9ha \u00fagy \u00e9rzed, nem vagy j\u00f3 form\u00e1ban, esetleg felszedt\u00e9l n\u00e9h\u00e1ny kil\u00f3t\u2013gondolsz egy mer\u00e9szet, majd veszel egy b\u00e9rletet valamelyik men\u0151 konditerembe!<br \/>\nA laptop gyeng\u00e9lked\u00e9sekor azonban m\u00e1s a helyzet. A lass\u00fa bebootol\u00e1s, a hangosan m\u00e9ltatlankod\u00f3 h\u0171t\u0151ventil\u00e1tor rosszalkod\u00e1sa ut\u00e1n m\u00e1ris azon t\u00f6prengsz, hogy azonnal a szervizbe vidd a g\u00e9pet vagy otthoni praktik\u00e1kkal pr\u00f3b\u00e1lkozva jav\u00edts a k\u00e9sz\u00fcl\u00e9k \u00e1llapot\u00e1n.<br \/>\nCikksorozatunk folytat\u00e1s\u00e1ban bemutatjuk, hogyan tartsd kiv\u00e1l\u00f3 kondiban a g\u00e9pet \u00e9s akkor fel sem mer\u00fclnek az eml\u00edtett probl\u00e9m\u00e1k!<\/p>\n<p>Tartsd a laptopot s\u00edk felsz\u00ednen<br \/>\nA koszos \u00e9s eldugult laptop ventil\u00e1torok sokszor \u00e1gyban, p\u00e1rn\u00e1k k\u00f6zt halnak meg.<br \/>\nPedig el\u00e9g lenne egy tiszta \u00e9s egyenes al\u00e1t\u00e9t ahhoz, hogy ne legyen gond a h\u0171t\u0151ventil\u00e1tor berreg\u00e9s\u00e9vel, zavar\u00f3an kapar\u00f3 hangj\u00e1val. Az asztalon haszn\u00e1lt g\u00e9p nem melegszik egy szempillant\u00e1s alatt 70 fokra, nem sz\u00edvja fel a k\u00f6rny\u00e9ken tal\u00e1lhat\u00f3 \u00f6sszes port a f\u00f6ldr\u0151l vagy az \u00e1gyr\u00f3l. Erre ink\u00e1bb a porsz\u00edv\u00f3t \u00e9rdemes haszn\u00e1lni.<br \/>\n(Annak is kegyetlen \u00e9lettani hat\u00e1sa van, ha \u00e1lland\u00f3an \u00f6lbe fektetve haszn\u00e1lod a folyamatosan felmeleged\u0151 laptopod. A kutat\u00e1sok szerint a f\u00e9rfiak 40%-a v\u00e1lik medd\u0151v\u00e9 ett\u0151l a megold\u00e1st\u00f3l).<br \/>\n\u00c9rdemes az asztalra helyezett laptopon dolgozni, a szemf\u00fclesebbek pedig m\u00e9g egy h\u0171t\u0151padot is szereznek a laptop al\u00e1, hogy optim\u00e1lisabb\u00e1 tegy\u00e9k a g\u00e9p h\u0151fok\u00e1t. (Ez a pr\u00e9mium h\u0171s\u00edt\u0151 hat\u00e1s akkor v\u00e1lik k\u00f6telez\u0151en aj\u00e1nlott\u00e1, ha extra sokat j\u00e1tszol vagy dolgozol laptopon).<br \/>\nA p\u00e1rna, a takar\u00f3 pihen\u00e9sre t\u00f6k\u00e9letes, \u00e1m \u0151k a laptop ellens\u00e9gei. Tele vannak apr\u00f3 porszemekkel, t\u00f6nkreteszik a h\u0171t\u0151ventil\u00e1tort. \u00c9s m\u00e1ris tr\u00f3pusiv\u00e1 v\u00e1lik a g\u00e9p, n\u00e9ha m\u00e1r meg\u00e9rinteni sem tudod a forr\u00f3s\u00e1gt\u00f3l. A szak\u00e9rt\u0151k szerint a laptop hanyatl\u00e1s\u00e1nak egyik leggyakoribb oka a t\u00falmeleged\u00e9s, amit minden lehets\u00e9ges eszk\u00f6zzel ker\u00fclni kell.<br \/>\nAz igaz\u00e1n j\u00f3 \u201eh\u0151fok\u00fa\u201d laptopot ritk\u00e1n tartj\u00e1k az \u00e1gyban \u00ac\u2013 vagy friss\u00edt\u0151 h\u0171t\u0151padot raknak al\u00e1!<\/p>\n<p>A laptop \u00e1llapot\u00e1t nem csak a felmeleged\u00e9s vagy a t\u00f6lt\u00e9si \u00e1llapot befoly\u00e1solja.<br \/>\nSajnos arra is fel kell k\u00e9sz\u00fcln\u00f6d, hogy valaki felt\u00f6ri a rendszert, ez\u00e9rt a biztons\u00e1gi szempontokra is figyelni kell. K\u00f6vetkez\u0151 cikk\u00fcnkben err\u0151l \u00edrunk.<\/p>\n<p>Folytat\u00e1sa k\u00f6vetkezik<\/p>\n<p style=\"text-align: justify;\">\n<p>Sorozatunk tov\u00e1bbi r\u00e9szei:<\/p>\n<p><span style=\"color: #000080;\"><strong><a style=\"color: #000080;\" href=\"https:\/\/www.notebook.hu\/blog\/hogyan-tartsd-formaban-a-laptopod-1-resz-a-gep-pihentetese-es-a-rendszeres-takaritas\/\">Hogyan tartsd form\u00e1ban a laptopod? 1. r\u00e9sz \u2013 A g\u00e9p pihentet\u00e9se \u00e9s a rendszeres takar\u00edt\u00e1s<\/a><\/strong><\/span><\/p>\n<p style=\"text-align: justify;\"><strong><span style=\"color: #000080;\"><a style=\"color: #000080;\" href=\"https:\/\/www.notebook.hu\/blog\/hogyan-tartsd-formaban-a-laptopod-2-resz-a-toltes-kerdese-es-a-laptop-szallitasa\/\">Hogyan tartsd form\u00e1ban a laptopod? 2. r\u00e9sz \u2013 A t\u00f6lt\u00e9s k\u00e9rd\u00e9se \u00e9s a laptop sz\u00e1ll\u00edt\u00e1sa<\/a><\/span><\/strong><\/p>\n","protected":false},"excerpt":{"rendered":"<p>N\u00e9ha \u00fagy \u00e9rzed, nem vagy j\u00f3 form\u00e1ban, esetleg felszedt\u00e9l n\u00e9h\u00e1ny kil\u00f3t\u2013gondolsz egy mer\u00e9szet, majd veszel egy b\u00e9rletet valamelyik men\u0151 konditerembe! A laptop gyeng\u00e9lked\u00e9sekor azonban m\u00e1s a helyzet. A lass\u00fa bebootol\u00e1s, a hangosan m\u00e9ltatlankod\u00f3 h\u0171t\u0151ventil\u00e1tor rosszalkod\u00e1sa ut\u00e1n m\u00e1ris azon t\u00f6prengsz, hogy azonnal a szervizbe vidd a g\u00e9pet vagy otthoni praktik\u00e1kkal pr\u00f3b\u00e1lkozva jav\u00edts a k\u00e9sz\u00fcl\u00e9k \u00e1llapot\u00e1n. Cikksorozatunk &hellip;<\/p>\n","protected":false},"author":1,"featured_media":1299,"comment_status":"closed","ping_status":"open","sticky":false,"template":"","format":"standard","meta":{"_jetpack_memberships_contains_paid_content":false,"footnotes":""},"categories":[42],"tags":[44],"class_list":["post-1298","post","type-post","status-publish","format-standard","has-post-thumbnail","","category-cikkek","tag-notebook-laptop"],"jetpack_featured_media_url":"https:\/\/www.notebook.hu\/blog\/wp-content\/uploads\/2016\/06\/50532251_l.jpg","jetpack_shortlink":"https:\/\/wp.me\/p9xSLL-kW","jetpack_sharing_enabled":true,"_links":{"self":[{"href":"https:\/\/www.notebook.hu\/blog\/wp-json\/wp\/v2\/posts\/1298","targetHints":{"allow":["GET"]}}],"collection":[{"href":"https:\/\/www.notebook.hu\/blog\/wp-json\/wp\/v2\/posts"}],"about":[{"href":"https:\/\/www.notebook.hu\/blog\/wp-json\/wp\/v2\/types\/post"}],"author":[{"embeddable":true,"href":"https:\/\/www.notebook.hu\/blog\/wp-json\/wp\/v2\/users\/1"}],"replies":[{"embeddable":true,"href":"https:\/\/www.notebook.hu\/blog\/wp-json\/wp\/v2\/comments?post=1298"}],"version-history":[{"count":1,"href":"https:\/\/www.notebook.hu\/blog\/wp-json\/wp\/v2\/posts\/1298\/revisions"}],"predecessor-version":[{"id":1300,"href":"https:\/\/www.notebook.hu\/blog\/wp-json\/wp\/v2\/posts\/1298\/revisions\/1300"}],"wp:featuredmedia":[{"embeddable":true,"href":"https:\/\/www.notebook.hu\/blog\/wp-json\/wp\/v2\/media\/1299"}],"wp:attachment":[{"href":"https:\/\/www.notebook.hu\/blog\/wp-json\/wp\/v2\/media?parent=1298"}],"wp:term":[{"taxonomy":"category","embeddable":true,"href":"https:\/\/www.notebook.hu\/blog\/wp-json\/wp\/v2\/categories?post=1298"},{"taxonomy":"post_tag","embeddable":true,"href":"https:\/\/www.notebook.hu\/blog\/wp-json\/wp\/v2\/tags?post=1298"}],"curies":[{"name":"wp","href":"https:\/\/api.w.org\/{rel}","templated":true}]}}