{"id":1295,"date":"2016-05-27T10:11:56","date_gmt":"2016-05-27T08:11:56","guid":{"rendered":"http:\/\/www.notebook.hu\/blog\/?p=1295"},"modified":"2016-05-25T10:18:16","modified_gmt":"2016-05-25T08:18:16","slug":"hogyan-tartsd-formaban-a-laptopod-2-resz-a-toltes-kerdese-es-a-laptop-szallitasa","status":"publish","type":"post","link":"https:\/\/www.notebook.hu\/blog\/hogyan-tartsd-formaban-a-laptopod-2-resz-a-toltes-kerdese-es-a-laptop-szallitasa\/","title":{"rendered":"Hogyan tartsd form\u00e1ban a laptopod? 2. r\u00e9sz \u2013 A t\u00f6lt\u00e9s k\u00e9rd\u00e9se \u00e9s a laptop sz\u00e1ll\u00edt\u00e1sa"},"content":{"rendered":"<p style=\"text-align: justify;\">Szeretn\u00e9l egy t\u00f6k\u00e9letesen m\u0171k\u00f6d\u0151 laptopot?<br \/>\nValamennyien egy remek form\u00e1ban l\u00e9v\u0151 g\u00e9pet akarunk, amit nem lass\u00edtanak a v\u00e1ratlanul fell\u00e9p\u0151 m\u0171szaki hib\u00e1k \u00e9s m\u00e1s zavar\u00f3 anom\u00e1li\u00e1k. Ehhez felesleges \u00e1lland\u00f3an a szervizbe rohanni, n\u00e9h\u00e1ny apr\u00f3 fort\u00e9llyal is karbantarthatod a laptopod.<br \/>\nKapcsold ki a g\u00e9pet vagy tedd alv\u00f3 \u00e1llapotba, miel\u0151tt berakn\u00e1d a laptop t\u00e1sk\u00e1ba. Hossz\u00fat\u00e1von k\u00e1rosodik a g\u00e9p, mikor a hossz\u00fa le\u00e1ll\u00e1si folyamat k\u00f6zben mozgatod.<br \/>\nNe t\u00f6ltsd kikapcsolt \u00e1llapotban a laptopot, mert t\u00f6nkreteszi az akkumul\u00e1tor eg\u00e9szs\u00e9g\u00e9t \u00e9s a g\u00e9p norm\u00e1lis m\u0171k\u00f6d\u00e9s\u00e9t!<br \/>\nOlvasd el \u00fajabb \u00f6tleteinket, melyekkel minden kor\u00e1bbin\u00e1l jobban p\u00f6r\u00f6g a g\u00e9ped!<\/p>\n<p><strong>A folyamatos t\u00f6lt\u00e9s csendben puszt\u00edtja a g\u00e9ped<\/strong><br \/>\nId\u0151nk\u00e9nt ki kell h\u00fazni a vezet\u00e9ket: az \u00e1lland\u00f3 t\u00f6lt\u00e9s lassan, de biztosan falja fel a g\u00e9ped.<br \/>\nA kikapcsolt \u00e1llapotban l\u00e9v\u0151 laptop hetente k\u00e9tszer-h\u00e1romszor pihenjen t\u00f6lt\u00e9s n\u00e9lk\u00fcl. Azonban arra \u00fcgyelni kell, hogy ne hagyd t\u00fal sok\u00e1ig t\u00f6lt\u00e9s n\u00e9lk\u00fcl a g\u00e9pet, mert annak hi\u00e1nya szint\u00e9n k\u00e1ros\u00edtja a rendszert.<br \/>\n\u00cdgy az akkumul\u00e1tor \u00e9lettartama is hosszabb, a laptop m\u0171k\u00f6d\u00e9se pedig \u201eeg\u00e9szs\u00e9gesebb\u00e9\u201d v\u00e1lik.<br \/>\n(Emellett rengeteg energi\u00e1t sp\u00f3rolsz a t\u00f6lt\u00e9s pihentet\u00e9s\u00e9vel. Egy amerikai kutat\u00e1s szerint a g\u00e9pek tulajdonosai nagyj\u00e1b\u00f3l 4 milli\u00e1rd doll\u00e1rt vesz\u00edtenek azzal, hogy a t\u00f6lt\u0151n hagyj\u00e1k a laptopot. A jelens\u00e9get ironikusan csak energiav\u00e1mp\u00edr-effektusk\u00e9nt emlegetik.)<\/p>\n<p><strong>Kapcsold ki a g\u00e9pet, mikor magaddal viszed<\/strong><br \/>\nAz\u00e9rt vesz\u00fcnk laptopot, hogy egy \u00fczleti t\u00e1rgyal\u00e1sra, hossz\u00fa utaz\u00e1sra, ak\u00e1r m\u00e9g a bulikra is magunkkal vihess\u00fck (k\u00fcl\u00f6nben egy PC-t is v\u00e1s\u00e1rolhattunk volna).<br \/>\nBerakjuk a h\u00e1tizs\u00e1kba vagy egy k\u00fcl\u00f6n erre a c\u00e9lra kialak\u00edtott laptop t\u00e1sk\u00e1ba, \u00e9s m\u00e1r indulhatunk is!<br \/>\nIgen \u00e1m, de a hard drive kikapcsol\u00e1sa ig\u00e9nybe vesz n\u00e9mi id\u0151t. K\u00e1ros\u00edtja a rendszert, ha a g\u00e9p le\u00e1ll\u00e1sa k\u00f6zben rakod be a t\u00e1sk\u00e1ba, mert az apr\u00f3 \u00fct\u0151d\u00e9sek \u00e9s mozg\u00e1sok rossz hat\u00e1ssal vannak a laptop eg\u00e9szs\u00e9g\u00e9re.<br \/>\nCsak akkor helyezd a t\u00e1sk\u00e1ba, ha meggy\u0151z\u0151dt\u00e9l r\u00f3la, hogy teljesen le\u00e1llt a g\u00e9p.<\/p>\n<p>Folytat\u00e1sa k\u00f6vetkezik<\/p>\n<p style=\"text-align: justify;\">Sorozatunk tov\u00e1bbi r\u00e9szei:<\/p>\n<p style=\"text-align: justify;\"><strong><span style=\"color: #003366;\"><a style=\"color: #003366;\" href=\"https:\/\/www.notebook.hu\/blog\/hogyan-tartsd-formaban-a-laptopod-1-resz-a-gep-pihentetese-es-a-rendszeres-takaritas\/\">Hogyan tartsd form\u00e1ban a laptopod? 1. r\u00e9sz \u2013 A g\u00e9p pihentet\u00e9se \u00e9s a rendszeres takar\u00edt\u00e1s<\/a><\/span><\/strong><\/p>\n","protected":false},"excerpt":{"rendered":"<p>Szeretn\u00e9l egy t\u00f6k\u00e9letesen m\u0171k\u00f6d\u0151 laptopot? Valamennyien egy remek form\u00e1ban l\u00e9v\u0151 g\u00e9pet akarunk, amit nem lass\u00edtanak a v\u00e1ratlanul fell\u00e9p\u0151 m\u0171szaki hib\u00e1k \u00e9s m\u00e1s zavar\u00f3 anom\u00e1li\u00e1k. Ehhez felesleges \u00e1lland\u00f3an a szervizbe rohanni, n\u00e9h\u00e1ny apr\u00f3 fort\u00e9llyal is karbantarthatod a laptopod. Kapcsold ki a g\u00e9pet vagy tedd alv\u00f3 \u00e1llapotba, miel\u0151tt berakn\u00e1d a laptop t\u00e1sk\u00e1ba. Hossz\u00fat\u00e1von k\u00e1rosodik a g\u00e9p, mikor &hellip;<\/p>\n","protected":false},"author":1,"featured_media":1296,"comment_status":"closed","ping_status":"open","sticky":false,"template":"","format":"standard","meta":{"_jetpack_memberships_contains_paid_content":false,"footnotes":""},"categories":[42],"tags":[44],"class_list":["post-1295","post","type-post","status-publish","format-standard","has-post-thumbnail","","category-cikkek","tag-notebook-laptop"],"jetpack_featured_media_url":"https:\/\/www.notebook.hu\/blog\/wp-content\/uploads\/2016\/05\/33447155_l.jpg","jetpack_shortlink":"https:\/\/wp.me\/p9xSLL-kT","jetpack_sharing_enabled":true,"_links":{"self":[{"href":"https:\/\/www.notebook.hu\/blog\/wp-json\/wp\/v2\/posts\/1295","targetHints":{"allow":["GET"]}}],"collection":[{"href":"https:\/\/www.notebook.hu\/blog\/wp-json\/wp\/v2\/posts"}],"about":[{"href":"https:\/\/www.notebook.hu\/blog\/wp-json\/wp\/v2\/types\/post"}],"author":[{"embeddable":true,"href":"https:\/\/www.notebook.hu\/blog\/wp-json\/wp\/v2\/users\/1"}],"replies":[{"embeddable":true,"href":"https:\/\/www.notebook.hu\/blog\/wp-json\/wp\/v2\/comments?post=1295"}],"version-history":[{"count":1,"href":"https:\/\/www.notebook.hu\/blog\/wp-json\/wp\/v2\/posts\/1295\/revisions"}],"predecessor-version":[{"id":1297,"href":"https:\/\/www.notebook.hu\/blog\/wp-json\/wp\/v2\/posts\/1295\/revisions\/1297"}],"wp:featuredmedia":[{"embeddable":true,"href":"https:\/\/www.notebook.hu\/blog\/wp-json\/wp\/v2\/media\/1296"}],"wp:attachment":[{"href":"https:\/\/www.notebook.hu\/blog\/wp-json\/wp\/v2\/media?parent=1295"}],"wp:term":[{"taxonomy":"category","embeddable":true,"href":"https:\/\/www.notebook.hu\/blog\/wp-json\/wp\/v2\/categories?post=1295"},{"taxonomy":"post_tag","embeddable":true,"href":"https:\/\/www.notebook.hu\/blog\/wp-json\/wp\/v2\/tags?post=1295"}],"curies":[{"name":"wp","href":"https:\/\/api.w.org\/{rel}","templated":true}]}}