{"id":1226,"date":"2016-04-04T10:01:27","date_gmt":"2016-04-04T08:01:27","guid":{"rendered":"http:\/\/www.notebook.hu\/blog\/?p=1226"},"modified":"2016-04-04T13:28:38","modified_gmt":"2016-04-04T11:28:38","slug":"a-nok-tobbet-hasznaljak-az-okostelefont-fotozasra-mint-a-ferfiak","status":"publish","type":"post","link":"https:\/\/www.notebook.hu\/blog\/a-nok-tobbet-hasznaljak-az-okostelefont-fotozasra-mint-a-ferfiak\/","title":{"rendered":"A n\u0151k t\u00f6bbet haszn\u00e1lj\u00e1k az okostelefont fot\u00f3z\u00e1sra, mint a f\u00e9rfiak"},"content":{"rendered":"<p>&nbsp;<\/p>\n<p><strong>A szelfi szeretete a n\u0151k jav\u00e1ra billenti a nemek k\u00f6zti versenyt az okostelefont f\u00e9nyk\u00e9pez\u0151g\u00e9pk\u00e9nt haszn\u00e1l\u00f3k eset\u00e9ben, de a digit\u00e1lis f\u00e9nyk\u00e9pez\u0151g\u00e9p kontra okostelefon meccsben ut\u00f3bbi m\u00e9g nem vette \u00e1t a vezet\u00e9st. Kamer\u00e1t csak ritk\u00e1n haszn\u00e1lunk nyaral\u00e1s sor\u00e1n, az anal\u00f3g f\u00e9nyk\u00e9pez\u0151g\u00e9p pedig m\u00e1ra a m\u0171v\u00e9szlelkek \u00fari passzi\u00f3j\u00e1v\u00e1 v\u00e1lt.<\/strong><\/p>\n<p><a href=\"https:\/\/www.notebook.hu\/blog\/wp-content\/uploads\/2016\/04\/danubius_infografika_kamera_v3.png\" rel=\"attachment wp-att-1228\"><img decoding=\"async\" data-attachment-id=\"1228\" data-permalink=\"https:\/\/www.notebook.hu\/blog\/a-nok-tobbet-hasznaljak-az-okostelefont-fotozasra-mint-a-ferfiak\/danubius_infografika_kamera_v3\/\" data-orig-file=\"https:\/\/www.notebook.hu\/blog\/wp-content\/uploads\/2016\/04\/danubius_infografika_kamera_v3.png\" data-orig-size=\"1080,1378\" data-comments-opened=\"0\" data-image-meta=\"{&quot;aperture&quot;:&quot;0&quot;,&quot;credit&quot;:&quot;&quot;,&quot;camera&quot;:&quot;&quot;,&quot;caption&quot;:&quot;&quot;,&quot;created_timestamp&quot;:&quot;0&quot;,&quot;copyright&quot;:&quot;&quot;,&quot;focal_length&quot;:&quot;0&quot;,&quot;iso&quot;:&quot;0&quot;,&quot;shutter_speed&quot;:&quot;0&quot;,&quot;title&quot;:&quot;&quot;,&quot;orientation&quot;:&quot;0&quot;}\" data-image-title=\"danubius_infografika_kamera_v3\" data-image-description=\"\" data-image-caption=\"\" data-medium-file=\"https:\/\/www.notebook.hu\/blog\/wp-content\/uploads\/2016\/04\/danubius_infografika_kamera_v3-235x300.png\" data-large-file=\"https:\/\/www.notebook.hu\/blog\/wp-content\/uploads\/2016\/04\/danubius_infografika_kamera_v3-803x1024.png\" class=\"alignnone size-medium wp-image-1228\" src=\"https:\/\/www.notebook.hu\/blog\/wp-content\/uploads\/2016\/04\/danubius_infografika_kamera_v3-235x300.png\" alt=\"danubius_infografika_kamera_v3\" width=\"340\" srcset=\"https:\/\/www.notebook.hu\/blog\/wp-content\/uploads\/2016\/04\/danubius_infografika_kamera_v3-235x300.png 235w, https:\/\/www.notebook.hu\/blog\/wp-content\/uploads\/2016\/04\/danubius_infografika_kamera_v3-768x980.png 768w, https:\/\/www.notebook.hu\/blog\/wp-content\/uploads\/2016\/04\/danubius_infografika_kamera_v3-803x1024.png 803w, https:\/\/www.notebook.hu\/blog\/wp-content\/uploads\/2016\/04\/danubius_infografika_kamera_v3.png 1080w\" sizes=\"(max-width: 235px) 100vw, 235px\" \/><\/a><\/p>\n<p>A <span style=\"color: #000080;\"><a style=\"color: #000080;\" href=\"http:\/\/www.danubiushotels.hu\/magazin\/kutatas\">Danubius Hotels sz\u00e1llodal\u00e1nc online kutat\u00e1sban<\/a><\/span>, t\u00f6bb mint 6500 f\u0151 megk\u00e9rdez\u00e9s\u00e9vel t\u00e9rk\u00e9pezte fel vend\u00e9gk\u00f6r\u00e9nek \u00fcd\u00fcl\u00e9si szok\u00e1sait az \u00e9v elej\u00e9n. Az online felm\u00e9r\u00e9sb\u0151l kider\u00fclt: nem szok\u00e1s egyed\u00fcl <span style=\"color: #000080;\"><a style=\"color: #000080;\" href=\"http:\/\/www.danubiushotels.hu\/ajanlataink\">wellness h\u00e9tv\u00e9g\u00e9zni<\/a><\/span>, az \u00e1llatbar\u00e1t sz\u00e1lloda nem szempont, a sok gyerek vagy k\u00fclf\u00f6ldi a t\u00f6bbs\u00e9get nem zavarja, \u00e9s szeret\u00fcnk be\u00e1gyazni, miel\u0151tt elhagyjuk a sz\u00e1llodai szob\u00e1t. A magyar utaz\u00f3k k\u00f6r\u00e9ben magasan vezet a belf\u00f6ldi nyaral\u00e1s f\u00e9lpanzi\u00f3s ell\u00e1t\u00e1ssal (lehet\u0151leg v\u00edzk\u00f6zelben), a szem\u00e9lyzet udvariass\u00e1ga pedig mindenn\u00e9l fontosabb.<\/p>\n<p>A kutat\u00e1s arra is kiterjedt, mivel fot\u00f3znak legink\u00e1bb a szabads\u00e1gon l\u00e9v\u0151k. Az eredm\u00e9ny a digit\u00e1lis f\u00e9nyk\u00e9pez\u0151g\u00e9p gy\u0151zelm\u00e9t hozta \u2013 igaz, szoros csat\u00e1t v\u00edvott az okostelefonnal, amely csak a fiatal koroszt\u00e1lyban tudott gy\u0151zni 52%-43% ar\u00e1nyban. Az is kider\u00fclt, hogy <strong>a n\u0151k t\u00f6bbet haszn\u00e1lj\u00e1k okostelefonjukat fot\u00f3z\u00e1sra<\/strong>, mint a f\u00e9rfiak (40%-36% \u2013 ennek val\u00f3sz\u00edn\u0171leg a szelfim\u00e1nia az oka), m\u00edg a f\u00e9rfiak ink\u00e1bb digit\u00e1lis f\u00e9nyk\u00e9pez\u0151g\u00e9ppel \u00f6r\u00f6k\u00edtik meg a pillanat var\u00e1zs\u00e1t (56%-51%).<\/p>\n<p>Anal\u00f3g f\u00e9nyk\u00e9pez\u0151g\u00e9pet szinte m\u00e1r senki nem haszn\u00e1l, a hagyom\u00e1nyos g\u00e9p jelenl\u00e9te m\u00e9g az id\u0151sebb koroszt\u00e1lyn\u00e1l is eleny\u00e9sz\u0151 (1,49%). A digit\u00e1lis kamera sem sz\u00e1mottev\u0151 \u00e9s ink\u00e1bb a f\u00e9rfiak j\u00e1t\u00e9kszere: 4,19%-kuk \u00e9l ezzel a lehet\u0151s\u00e9ggel, m\u00edg a n\u0151kn\u00e9l csup\u00e1n 2,35%.<\/p>\n<p><a href=\"https:\/\/www.notebook.hu\/blog\/wp-content\/uploads\/2016\/04\/danubius_infografika_ingyen_v3.png\" rel=\"attachment wp-att-1227\"><img decoding=\"async\" data-attachment-id=\"1227\" data-permalink=\"https:\/\/www.notebook.hu\/blog\/a-nok-tobbet-hasznaljak-az-okostelefont-fotozasra-mint-a-ferfiak\/danubius_infografika_ingyen_v3\/\" data-orig-file=\"https:\/\/www.notebook.hu\/blog\/wp-content\/uploads\/2016\/04\/danubius_infografika_ingyen_v3.png\" data-orig-size=\"1080,846\" data-comments-opened=\"0\" data-image-meta=\"{&quot;aperture&quot;:&quot;0&quot;,&quot;credit&quot;:&quot;&quot;,&quot;camera&quot;:&quot;&quot;,&quot;caption&quot;:&quot;&quot;,&quot;created_timestamp&quot;:&quot;0&quot;,&quot;copyright&quot;:&quot;&quot;,&quot;focal_length&quot;:&quot;0&quot;,&quot;iso&quot;:&quot;0&quot;,&quot;shutter_speed&quot;:&quot;0&quot;,&quot;title&quot;:&quot;&quot;,&quot;orientation&quot;:&quot;0&quot;}\" data-image-title=\"danubius_infografika_ingyen_v3\" data-image-description=\"\" data-image-caption=\"\" data-medium-file=\"https:\/\/www.notebook.hu\/blog\/wp-content\/uploads\/2016\/04\/danubius_infografika_ingyen_v3-300x235.png\" data-large-file=\"https:\/\/www.notebook.hu\/blog\/wp-content\/uploads\/2016\/04\/danubius_infografika_ingyen_v3-1024x802.png\" class=\"alignnone size-medium wp-image-1227\" src=\"https:\/\/www.notebook.hu\/blog\/wp-content\/uploads\/2016\/04\/danubius_infografika_ingyen_v3-300x235.png\" alt=\"danubius_infografika_ingyen_v3\" width=\"340\" srcset=\"https:\/\/www.notebook.hu\/blog\/wp-content\/uploads\/2016\/04\/danubius_infografika_ingyen_v3-300x235.png 300w, https:\/\/www.notebook.hu\/blog\/wp-content\/uploads\/2016\/04\/danubius_infografika_ingyen_v3-768x602.png 768w, https:\/\/www.notebook.hu\/blog\/wp-content\/uploads\/2016\/04\/danubius_infografika_ingyen_v3-1024x802.png 1024w, https:\/\/www.notebook.hu\/blog\/wp-content\/uploads\/2016\/04\/danubius_infografika_ingyen_v3.png 1080w\" sizes=\"(max-width: 300px) 100vw, 300px\" \/><\/a><\/p>\n<p>A felm\u00e9r\u00e9s kit\u00e9rt arra is, vajon mennyire sz\u00e1m\u00edt a napjainkban egyre ink\u00e1bb elv\u00e1r\u00e1snak sz\u00e1m\u00edt\u00f3 ingyen wifi, ha m\u00e1s sz\u00e1llodai szolg\u00e1ltat\u00e1sokhoz viszony\u00edtjuk. Nos, a Danubius vend\u00e9gei <strong>ink\u00e1bb v\u00e1lasztan\u00e1nak ingyen reggelit, mint ingyen wifit (71%-29%).<\/strong> Az ingyen reggelin\u00e9l csak az ingyen parkol\u00f3 lenne jobb (43%-57%), a k\u00e1belt\u00e9v\u00e9t pedig lenyomta a kedvezm\u00e9nyes bel\u00e9p\u0151 lehet\u0151s\u00e9ge egy helyi programra (42%-58% ar\u00e1nyban).<\/p>\n<p>A k\u00e9rd\u0151\u00edves kutat\u00e1st a Danubius Hotels megb\u00edz\u00e1s\u00e1b\u00f3l a webformance Kft. k\u00e9sz\u00edtette 2016. janu\u00e1r \u00e9s febru\u00e1r k\u00f6z\u00f6tt. A teljes kutat\u00e1s a Danubius Magazinban \u00e9rhet\u0151 el:<br \/>\n<span style=\"color: #000080;\"><a style=\"color: #000080;\" href=\"http:\/\/www.danubiushotels.hu\/magazin\/kutatas\">http:\/\/www.danubiushotels.hu\/magazin\/kutatas<\/a><\/span><\/p>\n","protected":false},"excerpt":{"rendered":"<p>&nbsp; A szelfi szeretete a n\u0151k jav\u00e1ra billenti a nemek k\u00f6zti versenyt az okostelefont f\u00e9nyk\u00e9pez\u0151g\u00e9pk\u00e9nt haszn\u00e1l\u00f3k eset\u00e9ben, de a digit\u00e1lis f\u00e9nyk\u00e9pez\u0151g\u00e9p kontra okostelefon meccsben ut\u00f3bbi m\u00e9g nem vette \u00e1t a vezet\u00e9st. Kamer\u00e1t csak ritk\u00e1n haszn\u00e1lunk nyaral\u00e1s sor\u00e1n, az anal\u00f3g f\u00e9nyk\u00e9pez\u0151g\u00e9p pedig m\u00e1ra a m\u0171v\u00e9szlelkek \u00fari passzi\u00f3j\u00e1v\u00e1 v\u00e1lt. A Danubius Hotels sz\u00e1llodal\u00e1nc online kutat\u00e1sban, t\u00f6bb mint &hellip;<\/p>\n","protected":false},"author":1,"featured_media":1241,"comment_status":"closed","ping_status":"open","sticky":false,"template":"","format":"standard","meta":{"_jetpack_memberships_contains_paid_content":false,"footnotes":""},"categories":[41],"tags":[44,47,46],"class_list":["post-1226","post","type-post","status-publish","format-standard","has-post-thumbnail","","category-hirek","tag-notebook-laptop","tag-okostelefon-mobiltelefon","tag-tablet"],"jetpack_featured_media_url":"https:\/\/www.notebook.hu\/blog\/wp-content\/uploads\/2016\/04\/nyaralasi-szokasok-2016-notebook.jpg","jetpack_shortlink":"https:\/\/wp.me\/p9xSLL-jM","jetpack_sharing_enabled":true,"_links":{"self":[{"href":"https:\/\/www.notebook.hu\/blog\/wp-json\/wp\/v2\/posts\/1226","targetHints":{"allow":["GET"]}}],"collection":[{"href":"https:\/\/www.notebook.hu\/blog\/wp-json\/wp\/v2\/posts"}],"about":[{"href":"https:\/\/www.notebook.hu\/blog\/wp-json\/wp\/v2\/types\/post"}],"author":[{"embeddable":true,"href":"https:\/\/www.notebook.hu\/blog\/wp-json\/wp\/v2\/users\/1"}],"replies":[{"embeddable":true,"href":"https:\/\/www.notebook.hu\/blog\/wp-json\/wp\/v2\/comments?post=1226"}],"version-history":[{"count":6,"href":"https:\/\/www.notebook.hu\/blog\/wp-json\/wp\/v2\/posts\/1226\/revisions"}],"predecessor-version":[{"id":1234,"href":"https:\/\/www.notebook.hu\/blog\/wp-json\/wp\/v2\/posts\/1226\/revisions\/1234"}],"wp:featuredmedia":[{"embeddable":true,"href":"https:\/\/www.notebook.hu\/blog\/wp-json\/wp\/v2\/media\/1241"}],"wp:attachment":[{"href":"https:\/\/www.notebook.hu\/blog\/wp-json\/wp\/v2\/media?parent=1226"}],"wp:term":[{"taxonomy":"category","embeddable":true,"href":"https:\/\/www.notebook.hu\/blog\/wp-json\/wp\/v2\/categories?post=1226"},{"taxonomy":"post_tag","embeddable":true,"href":"https:\/\/www.notebook.hu\/blog\/wp-json\/wp\/v2\/tags?post=1226"}],"curies":[{"name":"wp","href":"https:\/\/api.w.org\/{rel}","templated":true}]}}