{"id":1206,"date":"2016-03-22T10:04:41","date_gmt":"2016-03-22T09:04:41","guid":{"rendered":"http:\/\/www.notebook.hu\/blog\/?p=1206"},"modified":"2016-03-25T13:59:46","modified_gmt":"2016-03-25T12:59:46","slug":"hogyan-valasszunk-laptopot-3-resz-a-teljesitmeny-tenyezoi-processzor-es-ram","status":"publish","type":"post","link":"https:\/\/www.notebook.hu\/blog\/hogyan-valasszunk-laptopot-3-resz-a-teljesitmeny-tenyezoi-processzor-es-ram\/","title":{"rendered":"Hogyan v\u00e1lasszunk laptopot? &#8211; 3. r\u00e9sz: A teljes\u00edtm\u00e9ny t\u00e9nyez\u0151i: processzor \u00e9s RAM."},"content":{"rendered":"<p style=\"text-align: justify;\">Milyen legyen a laptop idegrendszere, a processzor? Mekkora mem\u00f3ri\u00e1val, azaz RAM-mal rendelkezzen a kiszemelt g\u00e9p? Most k\u00f6vetkez\u0151 cikk\u00fcnkb\u0151l kider\u00fcl, mit kell tudnod a laptopok teljes\u00edtm\u00e9ny t\u00e9nyez\u0151ir\u0151l!<\/p>\n<p><strong>Milyen processzort \u00e9s RAM-ot v\u00e1lassz?<\/strong><br \/>\nN\u00e9zz\u00fck, milyen elemek j\u00e1tszanak kulcsszerepet a laptop m\u0171k\u00f6d\u00e9s\u00e9ben:<br \/>\nProcesszor (CPU-Central Processing Unit, a k\u00f6zponti feldolgoz\u00f3egys\u00e9g) \u2013 A laptop agya, ami alapvet\u0151en meghat\u00e1rozza a g\u00e9p teljes\u00edtm\u00e9ny\u00e9t. A processzor \u00e9rtelmezi az utas\u00edt\u00e1sokat, majd v\u00e9grehajtja azokat. Annak f\u00fcggv\u00e9ny\u00e9ben kell processzort v\u00e1lasztani, hogy mire szeretn\u00e9d haszn\u00e1lni a g\u00e9pet.<br \/>\nAMD A sz\u00e9ria vagy IntelCore i3\/i5 processzor: Ha egy men\u0151 \u00e9s modern t\u00edpust keresel, ami \u00e1rban \u00e9s teljes\u00edtm\u00e9nyben is j\u00f3, akkor v\u00e1laszd a Core i5-\u00f6s processzorral rendelkez\u0151ket (az i3-as csak egy \u00e1rnyalattal gyeng\u00e9bb).<br \/>\nIntelCore i7 processzor: T\u00f6k\u00e9letes jel\u00f6lt j\u00e1t\u00e9khoz \u00e9s a munk\u00e1hoz.<br \/>\nAMD E-sz\u00e9ria vagy Intel Pentium\/Celeron processzor: Alacsonyabb \u00e1r\u00fa laptopokban l\u00e9v\u0151 CPU, amit az alapfeladatokra terveztek (filmek \u00e9s vide\u00f3k n\u00e9z\u00e9se, b\u00f6ng\u00e9sz\u00e9s a neten, dokumentumszerkeszt\u00e9s stb.).<br \/>\nIntel Atom processzor: Szint\u00e9n olcs\u00f3 laptopokban m\u0171k\u00f6dik, de kett\u0151 az egyben, mert laptopban \u00e9s tabletben egyar\u00e1nt haszn\u00e1lhat\u00f3. R\u00e1ad\u00e1sul az ilyen laptopok t\u00f6lt\u00e9si lehet\u0151s\u00e9ge is jobb, mint az el\u0151z\u0151 v\u00e1ltozat\u00e9.<br \/>\nIntelCore m3\/m5\/m7 processzor: Kisebb erej\u0171, viszont nehezebben felmeleged\u0151 CPU-kr\u00f3l besz\u00e9l\u00fcnk. Komolyabb teljes\u00edtm\u00e9nyt ny\u00fajt a Celeronn\u00e1l, a Core i3\/ i5-n\u00e9l viszont gyeng\u00e9bb.<\/p>\n<p><strong>RAM-Fotografikus vagy szenilis mem\u00f3ri\u00e1j\u00fa g\u00e9pet szeretn\u00e9l?<\/strong><br \/>\nA mindennapi \u00e9let\u00fcnkben is l\u00e9nyeges, mennyire tudunk visszaeml\u00e9kezni a kor\u00e1bban t\u00f6rt\u00e9nt dolgokra. Ugyanez a helyzet a laptopokkal is, csak n\u00e1luk RAMnak (Random Access Memory) nevezik a mem\u00f3ri\u00e1t.<br \/>\nA RAM seg\u00edt a laptopban v\u00e9grehajtand\u00f3 feladatok \u00e9s adatok t\u00e1rol\u00e1s\u00e1ban.<br \/>\nA legolcs\u00f3bb laptopokat 2 GB-os mem\u00f3ri\u00e1val rendelkeznek, \u00e1m enn\u00e9l j\u00f3val t\u00f6bbre lesz sz\u00fcks\u00e9ged (minimum 4 GB-ra, maximum 8-ra), legyen sz\u00f3 j\u00e1t\u00e9kr\u00f3l vagy munk\u00e1r\u00f3l. Ha az als\u00f3 kateg\u00f3ri\u00e1ban gondolkodsz, akkor egy kiss\u00e9 szenilis laptopban gondolkodsz.<br \/>\n\u00c9rdemes egy kicsivel nagyobb \u00f6sszeget befektetni, ha egy j\u00f3 mem\u00f3ri\u00e1j\u00fa g\u00e9pet szeretn\u00e9l hazavinni.<\/p>\n<p>Folytat\u00e1sa k\u00f6vetkezik<\/p>\n<p style=\"text-align: justify;\"><strong>Sorozatunk tov\u00e1bbi r\u00e9szei:\u00a0<\/strong><\/p>\n<p style=\"text-align: justify;\"><a href=\"https:\/\/www.notebook.hu\/blog\/hogyan-valasszunk-laptopot-1-resz-az-operacios-rendszer\/\">Hogyan v\u00e1lasszunk laptopot? \u2013 1.r\u00e9sz: Az oper\u00e1ci\u00f3s rendszer<\/a><\/p>\n<p style=\"text-align: justify;\"><a href=\"https:\/\/www.notebook.hu\/blog\/hogyan-valasszunk-laptopot-2-resz-az-operacios-rendszer\/\">Hogyan v\u00e1lasszunk laptopot? \u2013 2.r\u00e9sz: Az oper\u00e1ci\u00f3s rendszer<\/a><\/p>\n","protected":false},"excerpt":{"rendered":"<p>Milyen legyen a laptop idegrendszere, a processzor? Mekkora mem\u00f3ri\u00e1val, azaz RAM-mal rendelkezzen a kiszemelt g\u00e9p? Most k\u00f6vetkez\u0151 cikk\u00fcnkb\u0151l kider\u00fcl, mit kell tudnod a laptopok teljes\u00edtm\u00e9ny t\u00e9nyez\u0151ir\u0151l! Milyen processzort \u00e9s RAM-ot v\u00e1lassz? N\u00e9zz\u00fck, milyen elemek j\u00e1tszanak kulcsszerepet a laptop m\u0171k\u00f6d\u00e9s\u00e9ben: Processzor (CPU-Central Processing Unit, a k\u00f6zponti feldolgoz\u00f3egys\u00e9g) \u2013 A laptop agya, ami alapvet\u0151en meghat\u00e1rozza a g\u00e9p &hellip;<\/p>\n","protected":false},"author":1,"featured_media":1207,"comment_status":"closed","ping_status":"open","sticky":false,"template":"","format":"standard","meta":{"_jetpack_memberships_contains_paid_content":false,"footnotes":""},"categories":[42],"tags":[44],"class_list":["post-1206","post","type-post","status-publish","format-standard","has-post-thumbnail","","category-cikkek","tag-notebook-laptop"],"jetpack_featured_media_url":"https:\/\/www.notebook.hu\/blog\/wp-content\/uploads\/2016\/03\/14400040_l.jpg","jetpack_shortlink":"https:\/\/wp.me\/p9xSLL-js","jetpack_sharing_enabled":true,"_links":{"self":[{"href":"https:\/\/www.notebook.hu\/blog\/wp-json\/wp\/v2\/posts\/1206","targetHints":{"allow":["GET"]}}],"collection":[{"href":"https:\/\/www.notebook.hu\/blog\/wp-json\/wp\/v2\/posts"}],"about":[{"href":"https:\/\/www.notebook.hu\/blog\/wp-json\/wp\/v2\/types\/post"}],"author":[{"embeddable":true,"href":"https:\/\/www.notebook.hu\/blog\/wp-json\/wp\/v2\/users\/1"}],"replies":[{"embeddable":true,"href":"https:\/\/www.notebook.hu\/blog\/wp-json\/wp\/v2\/comments?post=1206"}],"version-history":[{"count":4,"href":"https:\/\/www.notebook.hu\/blog\/wp-json\/wp\/v2\/posts\/1206\/revisions"}],"predecessor-version":[{"id":1210,"href":"https:\/\/www.notebook.hu\/blog\/wp-json\/wp\/v2\/posts\/1206\/revisions\/1210"}],"wp:featuredmedia":[{"embeddable":true,"href":"https:\/\/www.notebook.hu\/blog\/wp-json\/wp\/v2\/media\/1207"}],"wp:attachment":[{"href":"https:\/\/www.notebook.hu\/blog\/wp-json\/wp\/v2\/media?parent=1206"}],"wp:term":[{"taxonomy":"category","embeddable":true,"href":"https:\/\/www.notebook.hu\/blog\/wp-json\/wp\/v2\/categories?post=1206"},{"taxonomy":"post_tag","embeddable":true,"href":"https:\/\/www.notebook.hu\/blog\/wp-json\/wp\/v2\/tags?post=1206"}],"curies":[{"name":"wp","href":"https:\/\/api.w.org\/{rel}","templated":true}]}}