{"id":1179,"date":"2016-03-08T17:13:44","date_gmt":"2016-03-08T16:13:44","guid":{"rendered":"http:\/\/www.notebook.hu\/blog\/?p=1179"},"modified":"2016-03-08T17:13:44","modified_gmt":"2016-03-08T16:13:44","slug":"minden-amit-a-gyerekeknek-tudni-kell-a-tabletrol-2-resz","status":"publish","type":"post","link":"https:\/\/www.notebook.hu\/blog\/minden-amit-a-gyerekeknek-tudni-kell-a-tabletrol-2-resz\/","title":{"rendered":"Minden, amit a gyerekeknek tudni kell a tabletr\u0151l \u2013 2. r\u00e9sz"},"content":{"rendered":"<p>&nbsp;<\/p>\n<p>A te gyermeked is tablettel j\u00e1r a suliba?<br \/>\nAkkora trendd\u00e9 v\u00e1lt a kicsik k\u00f6r\u00e9ben az elektronikus k\u00fcty\u00fck haszn\u00e1lata, hogy napi szinten frissebbn\u00e9l frissebb alkalmaz\u00e1sokra vad\u00e1sznak a neten. A gyerekek men\u0151 j\u00e1t\u00e9kokat keresnek, amit az oszt\u00e1lyt\u00e1rsaik is szeretnek, \u00e9s egyb\u0151l telep\u00edtik ezeket a tabletre.<br \/>\nMa m\u00e1r alig tal\u00e1lunk olyan iskolat\u00e1sk\u00e1t, amiben ne lenne t\u00e1blag\u00e9p.<br \/>\nIgen \u00e1m, de ez egy \u00f3ri\u00e1si rizik\u00f3. El\u0151fordulhat, hogy a buszon vagy a suliban valaki felt\u00f6ri a tabletet, \u00e9s bizalmas inform\u00e1ci\u00f3khoz szerez hozz\u00e1f\u00e9r\u00e9st.<br \/>\nMa m\u00e1r nehezen tudjuk meg\u00faszni, hogy gyermek\u00fcnk valamilyen okos eszk\u00f6zt nyomogasson.<br \/>\nAbban viszont seg\u00edthetsz neki, hogy ezt a megfelel\u0151 biztons\u00e1gi be\u00e1ll\u00edt\u00e1sokkal csin\u00e1lja!<\/p>\n<p><strong>Besz\u00e9lj a lop\u00e1s lehet\u0151s\u00e9g\u00e9r\u0151l<\/strong><br \/>\nMes\u00e9ld el a kicsiknek, mekkora \u00e9rt\u00e9ket k\u00e9pvisel egy mobiltelefon vagy egy tablet.<br \/>\n\u00c9s milyen fontosak a rajtuk l\u00e9v\u0151 adatok, amik rossz kezekbe ker\u00fclve nagyon neh\u00e9z pillanatokat okozhatnak. (El\u00e9g megeml\u00edteni, mekkora k\u00e1oszt okoz, ha valakinek felt\u00f6rik a Facebookj\u00e1t \u00e9s a nev\u00e9ben v\u00edrusokat vagy gyal\u00e1zkod\u00f3 \u00fczeneteket k\u00fcldenek az ismer\u0151seinek).<br \/>\nAzt is magyar\u00e1zd el: vannak olyan emberek, akik csak az alkalomra v\u00e1rnak, hogy ellophass\u00e1k ezeket az eszk\u00f6z\u00f6ket.<br \/>\nDe az is j\u00f3 megold\u00e1s, ha a gyermek\u00fcnk nem visz a suliba t\u00e1blag\u00e9pet, \u00e9s csak akkor j\u00e1tszik vele, ha d\u00e9lut\u00e1n \u00fcgyesen oldotta meg a h\u00e1zi feladatokat.<\/p>\n<p><strong>A k\u00f6z\u00f6ss\u00e9gi oldalak be\u00e1ll\u00edt\u00e1sai<\/strong><br \/>\nA k\u00fcty\u00fcket nyomkod\u00f3 gyerekek k\u00f6z\u00fcl 10-b\u0151l 8 biztos, hogy a Facebookon vagy m\u00e1s k\u00f6z\u00f6ss\u00e9gi oldalakon l\u00f3g (egyre t\u00f6bben haszn\u00e1lj\u00e1k p\u00e9ld\u00e1ul a Snapchatet).<br \/>\nVal\u00f3sz\u00edn\u0171leg a te gyermeked is hasonl\u00f3 cip\u0151ben j\u00e1r. Nemcsak a tabletet, a k\u00f6z\u00f6ss\u00e9gi oldalai biztons\u00e1gi be\u00e1ll\u00edt\u00e1sait is \u00e9rdemes ellen\u0151rizni. Vagy besz\u00e9lj\u00e9tek meg, hogyan tudja ezt megval\u00f3s\u00edtani.<br \/>\nFontos meg\u00e9rtenie: nem kell, hogy mindenki l\u00e1ssa a posztjait, mert ez is csak egy t\u00e1mad\u00e1si fel\u00fclet az idegeneknek \u00e9s a kiberb\u0171n\u00f6z\u0151knek.<br \/>\nMilyen fot\u00f3kat, cikkeket szok\u00e1s megosztani, l\u00e1jkolni a Facebookon? Min\u00e9l hamarabb besz\u00e9ltek r\u00f3la, ann\u00e1l jobb!<\/p>\n<p>Fokozottan figyelj\u00fcnk a kicsik tabletjeire, mert rengeteg probl\u00e9m\u00e1t megel\u0151zhet\u00fcnk vele!<\/p>\n<p><strong>Sorozatunk tov\u00e1bbi r\u00e9szei:\u00a0<\/strong><\/p>\n<pre class=\"name post-title entry-title\"><a href=\"https:\/\/www.notebook.hu\/blog\/minden-amit-a-gyerekeknek-tudni-kell-a-tabletrol-1-resz\/\">Minden, amit a gyerekeknek tudni kell a tabletr\u0151l \u2013 1.r\u00e9sz<\/a>\r\n\r\n<\/pre>\n","protected":false},"excerpt":{"rendered":"<p>&nbsp; A te gyermeked is tablettel j\u00e1r a suliba? Akkora trendd\u00e9 v\u00e1lt a kicsik k\u00f6r\u00e9ben az elektronikus k\u00fcty\u00fck haszn\u00e1lata, hogy napi szinten frissebbn\u00e9l frissebb alkalmaz\u00e1sokra vad\u00e1sznak a neten. A gyerekek men\u0151 j\u00e1t\u00e9kokat keresnek, amit az oszt\u00e1lyt\u00e1rsaik is szeretnek, \u00e9s egyb\u0151l telep\u00edtik ezeket a tabletre. Ma m\u00e1r alig tal\u00e1lunk olyan iskolat\u00e1sk\u00e1t, amiben ne lenne t\u00e1blag\u00e9p. Igen &hellip;<\/p>\n","protected":false},"author":1,"featured_media":1180,"comment_status":"closed","ping_status":"open","sticky":false,"template":"","format":"standard","meta":{"_jetpack_memberships_contains_paid_content":false,"footnotes":""},"categories":[42],"tags":[46],"class_list":["post-1179","post","type-post","status-publish","format-standard","has-post-thumbnail","","category-cikkek","tag-tablet"],"jetpack_featured_media_url":"https:\/\/www.notebook.hu\/blog\/wp-content\/uploads\/2016\/03\/15387388_l.jpg","jetpack_shortlink":"https:\/\/wp.me\/p9xSLL-j1","jetpack_sharing_enabled":true,"_links":{"self":[{"href":"https:\/\/www.notebook.hu\/blog\/wp-json\/wp\/v2\/posts\/1179","targetHints":{"allow":["GET"]}}],"collection":[{"href":"https:\/\/www.notebook.hu\/blog\/wp-json\/wp\/v2\/posts"}],"about":[{"href":"https:\/\/www.notebook.hu\/blog\/wp-json\/wp\/v2\/types\/post"}],"author":[{"embeddable":true,"href":"https:\/\/www.notebook.hu\/blog\/wp-json\/wp\/v2\/users\/1"}],"replies":[{"embeddable":true,"href":"https:\/\/www.notebook.hu\/blog\/wp-json\/wp\/v2\/comments?post=1179"}],"version-history":[{"count":2,"href":"https:\/\/www.notebook.hu\/blog\/wp-json\/wp\/v2\/posts\/1179\/revisions"}],"predecessor-version":[{"id":1182,"href":"https:\/\/www.notebook.hu\/blog\/wp-json\/wp\/v2\/posts\/1179\/revisions\/1182"}],"wp:featuredmedia":[{"embeddable":true,"href":"https:\/\/www.notebook.hu\/blog\/wp-json\/wp\/v2\/media\/1180"}],"wp:attachment":[{"href":"https:\/\/www.notebook.hu\/blog\/wp-json\/wp\/v2\/media?parent=1179"}],"wp:term":[{"taxonomy":"category","embeddable":true,"href":"https:\/\/www.notebook.hu\/blog\/wp-json\/wp\/v2\/categories?post=1179"},{"taxonomy":"post_tag","embeddable":true,"href":"https:\/\/www.notebook.hu\/blog\/wp-json\/wp\/v2\/tags?post=1179"}],"curies":[{"name":"wp","href":"https:\/\/api.w.org\/{rel}","templated":true}]}}