{"id":1168,"date":"2016-03-04T10:00:54","date_gmt":"2016-03-04T09:00:54","guid":{"rendered":"http:\/\/www.notebook.hu\/blog\/?p=1168"},"modified":"2016-03-02T09:05:46","modified_gmt":"2016-03-02T08:05:46","slug":"minden-amit-a-gyerekeknek-tudni-kell-a-tabletrol-1-resz","status":"publish","type":"post","link":"https:\/\/www.notebook.hu\/blog\/minden-amit-a-gyerekeknek-tudni-kell-a-tabletrol-1-resz\/","title":{"rendered":"Minden, amit a gyerekeknek tudni kell a tabletr\u0151l \u2013 1.r\u00e9sz"},"content":{"rendered":"<p>&nbsp;<\/p>\n<p><strong>A gyerekek im\u00e1dj\u00e1k a t\u00e1blag\u00e9peket.<\/strong><br \/>\nNagy lelkesed\u00e9ssel mutogatj\u00e1k egym\u00e1snak az \u00fajabbn\u00e1l \u00fajabb appokat, j\u00e1t\u00e9kokat.<br \/>\nEgy napr\u00f3l napra er\u0151s\u00f6d\u0151 tendenci\u00e1r\u00f3l besz\u00e9l\u00fcnk: kev\u00e9s olyan gyermeket l\u00e1tsz a buszon, a villamoson vagy az iskol\u00e1ban, akinek ne lenne a kez\u00e9ben egy t\u00e1blag\u00e9p (vagy egy vadonat\u00faj mobiltelefon).<br \/>\nEzek haszn\u00e1lat\u00e1ban azonban komoly kock\u00e1zat rejlik. A suliban k\u00f6nnyen felt\u00f6rhetik a tabletet, \u00e9s az is el\u0151fordulhat, hogy valamelyik oszt\u00e1lyt\u00e1rs elektronikusan zaklatni kezdi a kicsiket (ezt a jelens\u00e9get cyberbullyingk\u00e9nt emlegetik).<br \/>\nAz amerikai statisztik\u00e1k szerint \u00e9vr\u0151l \u00e9vre n\u0151 a kiberb\u0171ncselekm\u00e9nyek sz\u00e1ma, az elk\u00f6vet\u0151k pedig nem foglalkoznak azzal, hogy gyerekek vagy feln\u0151ttek mobilj\u00e1t, tabletj\u00e9t hackelik meg. Sajnos Magyarorsz\u00e1gon sem jobb a helyzet, b\u00e1rmikor felt\u00f6rhetik a gyerekek g\u00e9peit. A fiatalok gyakran cs\u00fafolj\u00e1k, fenyegetik egym\u00e1st elektronikus \u00faton vagy a k\u00f6z\u00f6ss\u00e9gi oldalakon.<br \/>\nMit tehet\u00fcnk az\u00e9rt, hogy megel\u0151zz\u00fck az ilyen kellemetlen helyzeteket?<br \/>\nGondoskodjunk a kicsik t\u00e1blag\u00e9peinek biztons\u00e1gi be\u00e1ll\u00edt\u00e1sair\u00f3l!<\/p>\n<p><strong>\u00d3vakodj a ny\u00edlt Wifi-t\u0151l!<\/strong><br \/>\nEzzel \u00e9rdemes ind\u00edtani a gyerekeknek tartott tablet-biztons\u00e1gi el\u0151ad\u00e1st.<br \/>\nA nyitott Wi-fire csatlakozni az\u00e9rt vesz\u00e9lyes, mert a tablet \u00e9s a Wi-fi k\u00f6zt cser\u00e9l\u0151d\u0151 adatokhoz elvileg a k\u00f6zelben l\u00e9v\u0151 b\u00e1rmelyik eszk\u00f6zr\u0151l hozz\u00e1f\u00e9rhetnek, ak\u00e1rki vissza\u00e9lhet ezekkel az inform\u00e1ci\u00f3kkal.<br \/>\nWi-fire csatlakozva b\u00e1rmikor adatot lophatnak a gyerekekt\u0151l (de m\u00e9g t\u0151l\u00fcnk, feln\u0151ttekt\u0151l is). K\u00fcl\u00f6n\u00f6sen akkor lesz\u00fcnk bajban, ha a suliban valakinek zseni\u00e1lis \u00e9rz\u00e9ke van a jelszavak felt\u00f6r\u00e9s\u00e9hez.<\/p>\n<p><strong>Tal\u00e1ljatok ki er\u0151s kulcsszavakat<\/strong><br \/>\nMinden elektronikus eszk\u00f6zre k\u00fcl\u00f6n keyword-\u00f6t dolgozzatok ki.<br \/>\nM\u00e9g akkor se lehessen felt\u00f6rni \u0151ket, ha egyszerre lopj\u00e1k el a gyermek mobilj\u00e1t \u00e9s t\u00e1blag\u00e9p\u00e9t.<br \/>\nHa a kisl\u00e1nyod kedvenc mes\u00e9je a D\u00f3ra, a felfedez\u0151, akkor ne a D\u00d3RA legyen a kulcssz\u00f3. Az oszt\u00e1lyt\u00e1rsak j\u00f3l ismerik a l\u00e1nyod, \u00e9s egy szempillant\u00e1s alatt sz\u00f3rakozni kezdenek az adatokkal, amint megkaparintj\u00e1k a fel\u00fcgyelet n\u00e9lk\u00fcl hagyott tabletet vagy okostelefont.<br \/>\nNe a sz\u00fclet\u00e9si d\u00e1tum \u00e9s a n\u00e9v legyen a kulcssz\u00f3, mert az szint\u00e9n k\u00f6nnyen kider\u00edthet\u0151.<br \/>\nA kulcssz\u00f3ban szerepeljenek sz\u00e1mok, bet\u0171k, szimb\u00f3lumok.<br \/>\nLegyen min\u00e9l komplexebb, hogy ne tudj\u00e1k kital\u00e1lni! (Az\u00e9rt j\u00f3, ha te tudod).<\/p>\n<p>Folytat\u00e1sa k\u00f6vetkezik<\/p>\n","protected":false},"excerpt":{"rendered":"<p>&nbsp; A gyerekek im\u00e1dj\u00e1k a t\u00e1blag\u00e9peket. Nagy lelkesed\u00e9ssel mutogatj\u00e1k egym\u00e1snak az \u00fajabbn\u00e1l \u00fajabb appokat, j\u00e1t\u00e9kokat. Egy napr\u00f3l napra er\u0151s\u00f6d\u0151 tendenci\u00e1r\u00f3l besz\u00e9l\u00fcnk: kev\u00e9s olyan gyermeket l\u00e1tsz a buszon, a villamoson vagy az iskol\u00e1ban, akinek ne lenne a kez\u00e9ben egy t\u00e1blag\u00e9p (vagy egy vadonat\u00faj mobiltelefon). Ezek haszn\u00e1lat\u00e1ban azonban komoly kock\u00e1zat rejlik. A suliban k\u00f6nnyen felt\u00f6rhetik a tabletet, &hellip;<\/p>\n","protected":false},"author":1,"featured_media":1169,"comment_status":"closed","ping_status":"open","sticky":false,"template":"","format":"standard","meta":{"_jetpack_memberships_contains_paid_content":false,"footnotes":""},"categories":[42],"tags":[46],"class_list":["post-1168","post","type-post","status-publish","format-standard","has-post-thumbnail","","category-cikkek","tag-tablet"],"jetpack_featured_media_url":"https:\/\/www.notebook.hu\/blog\/wp-content\/uploads\/2016\/03\/10393409_l.jpg","jetpack_shortlink":"https:\/\/wp.me\/p9xSLL-iQ","jetpack_sharing_enabled":true,"_links":{"self":[{"href":"https:\/\/www.notebook.hu\/blog\/wp-json\/wp\/v2\/posts\/1168","targetHints":{"allow":["GET"]}}],"collection":[{"href":"https:\/\/www.notebook.hu\/blog\/wp-json\/wp\/v2\/posts"}],"about":[{"href":"https:\/\/www.notebook.hu\/blog\/wp-json\/wp\/v2\/types\/post"}],"author":[{"embeddable":true,"href":"https:\/\/www.notebook.hu\/blog\/wp-json\/wp\/v2\/users\/1"}],"replies":[{"embeddable":true,"href":"https:\/\/www.notebook.hu\/blog\/wp-json\/wp\/v2\/comments?post=1168"}],"version-history":[{"count":2,"href":"https:\/\/www.notebook.hu\/blog\/wp-json\/wp\/v2\/posts\/1168\/revisions"}],"predecessor-version":[{"id":1171,"href":"https:\/\/www.notebook.hu\/blog\/wp-json\/wp\/v2\/posts\/1168\/revisions\/1171"}],"wp:featuredmedia":[{"embeddable":true,"href":"https:\/\/www.notebook.hu\/blog\/wp-json\/wp\/v2\/media\/1169"}],"wp:attachment":[{"href":"https:\/\/www.notebook.hu\/blog\/wp-json\/wp\/v2\/media?parent=1168"}],"wp:term":[{"taxonomy":"category","embeddable":true,"href":"https:\/\/www.notebook.hu\/blog\/wp-json\/wp\/v2\/categories?post=1168"},{"taxonomy":"post_tag","embeddable":true,"href":"https:\/\/www.notebook.hu\/blog\/wp-json\/wp\/v2\/tags?post=1168"}],"curies":[{"name":"wp","href":"https:\/\/api.w.org\/{rel}","templated":true}]}}