{"id":1119,"date":"2016-02-04T10:08:08","date_gmt":"2016-02-04T09:08:08","guid":{"rendered":"http:\/\/www.notebook.hu\/blog\/?p=1119"},"modified":"2016-02-04T10:08:08","modified_gmt":"2016-02-04T09:08:08","slug":"top-3-notebook-gyarto-2015-bol","status":"publish","type":"post","link":"https:\/\/www.notebook.hu\/blog\/top-3-notebook-gyarto-2015-bol\/","title":{"rendered":"Top 3 notebook gy\u00e1rt\u00f3 2015-b\u0151l"},"content":{"rendered":"<p style=\"text-align: justify;\">A laptopmag.com toplist\u00e1t k\u00e9sz\u00edtett 2015 legjobb notebookjair\u00f3l. \u00c9rt\u00e9kel\u00e9s\u00e9ben kulcsszerepet j\u00e1tszott a g\u00e9pek technol\u00f3giai felszerelts\u00e9ge, a billenty\u0171zet, a k\u00e9perny\u0151 \u00e9s a hangz\u00e1s szempontjai. Emellett az el\u0151z\u0151 \u00e9vi helyez\u00e9st, az innov\u00e1ci\u00f3 m\u00e9rt\u00e9k\u00e9t \u00e9s a designt is tekintetbe vett\u00e9k. Ismerj\u00fck meg a laptopmag.com \u00e1ltal rangsorolt laptop m\u00e1rk\u00e1kat.<\/p>\n<p>Az Apple f\u00f6l\u00e9nye a\u00a0ranglista szerint vitathatatlan.<br \/>\nA laptopok kir\u00e1lya 6 \u00e9ve \u0151rzi el\u0151kel\u0151 els\u0151 hely\u00e9t a list\u00e1n. A kaliforniai c\u00e9g kilencb\u0151l \u00f6t kateg\u00f3ri\u00e1ban nyert, t\u00f6bbek k\u00f6z\u00f6tt a laptopok kritikai kateg\u00f3ri\u00e1j\u00e1ban, a reviewban is kiv\u00e1l\u00f3an\u00a0 szerepel. Nem lehet \u0151ket lek\u00f6r\u00f6zni az \u00e9rint\u0151k\u00e9perny\u0151 \u00e9s billenty\u0171zet kateg\u00f3ri\u00e1ban, a hihetetlen\u00fcl j\u00f3 hangmin\u0151s\u00e9gr\u0151l m\u00e1r nem is besz\u00e9lve.<br \/>\nAz Apple technikai supportja legend\u00e1s, a c\u00e9g t\u00e9nyleg mindenben seg\u00edt a v\u00e1s\u00e1rl\u00f3knak.<br \/>\nAz Apple legend\u00e1s rajong\u00f3t\u00e1bor\u00e1r\u00f3l mindenki hallott. A pszichol\u00f3gusok neuromarketing vizsg\u00e1latai szerint az Apple-term\u00e9kek haszn\u00e1l\u00f3inak agy\u00e1ban olyan folyamatok zajlanak, amiket csak a legm\u00e9lyebb h\u00edv\u0151k vall\u00e1si \u00e9lm\u00e9nyeiben jelennek meg.<br \/>\nKev\u00e9s m\u00e1rka \u00e9rt ennyire ahhoz, hogy rajong\u00f3ib\u00f3l \u00f6sszetart\u00f3 k\u00f6z\u00f6ss\u00e9get kov\u00e1csoljon, \u00e9s ilyen cs\u00facsmin\u0151s\u00e9g\u0171 g\u00e9pet prezent\u00e1ljon \u00e9vr\u0151l \u00e9vre.<\/p>\n<p>DELL-m\u00e1sodik hely.<br \/>\nA c\u00e9g az \u00f6t\u00f6dikr\u0151l a m\u00e1sodik helyre ugrott.<br \/>\nInnov\u00e1ci\u00f3 kateg\u00f3ri\u00e1ban \u0151k az ipar\u00e1g piacvezet\u0151i (sokak szerint ez az \u00faj XPS 13-nak k\u00f6sz\u00f6nhet\u0151). \u00c9rt\u00e9k \u00e9s audio kateg\u00f3ri\u00e1ban is kiemelked\u0151ek. K\u00fcl\u00f6n\u00f6sen j\u00f3 a DELL notebookok billenty\u0171zet\u00e9nek tapint\u00e1sa, t\u00f6megek im\u00e1dj\u00e1k a term\u00e9keiket.<\/p>\n<p>A harmadik a HP.<br \/>\nA negyedik helyr\u0151l ugrott fel a harmadik poz\u00edci\u00f3ba. A laptopmag.com nagyon dics\u00e9ri az HP term\u00e9kek egyedi designj\u00e1t, ebb\u0151l a szempontb\u00f3l az \u00e9v legjobbj\u00e1nak tartja az HP brandet (f\u0151k\u00e9nt az HP Oment emelik ki). Az \u00e9rt\u00e9kel\u0151k szerint azonban a c\u00e9g m\u00e9g t\u00e1vol \u00e1ll a t\u00f6k\u00e9letest\u0151l. Az HP Achilles-sarka p\u00e9ld\u00e1ul az Envy x360, vagy a kateg\u00f3ri\u00e1j\u00e1n\u00e1l nagyobb s\u00faly\u00fa Spectre 13 x2. Az ingadoz\u00f3 min\u0151s\u00e9g\u0171 term\u00e9kek n\u00e9lk\u00fcl az HP sokkal jobb eredm\u00e9nyeket \u00e9rhetne el, \u00edrja a laptopmag.com.<\/p>\n<p>A tov\u00e1bbi sorrend:<br \/>\n4. MSI<br \/>\n5. Samsung<br \/>\n6. Lenovo<br \/>\n7. ASUS<br \/>\n8. Toshiba<br \/>\n9. Acer<\/p>\n","protected":false},"excerpt":{"rendered":"<p>A laptopmag.com toplist\u00e1t k\u00e9sz\u00edtett 2015 legjobb notebookjair\u00f3l. \u00c9rt\u00e9kel\u00e9s\u00e9ben kulcsszerepet j\u00e1tszott a g\u00e9pek technol\u00f3giai felszerelts\u00e9ge, a billenty\u0171zet, a k\u00e9perny\u0151 \u00e9s a hangz\u00e1s szempontjai. Emellett az el\u0151z\u0151 \u00e9vi helyez\u00e9st, az innov\u00e1ci\u00f3 m\u00e9rt\u00e9k\u00e9t \u00e9s a designt is tekintetbe vett\u00e9k. Ismerj\u00fck meg a laptopmag.com \u00e1ltal rangsorolt laptop m\u00e1rk\u00e1kat. Az Apple f\u00f6l\u00e9nye a\u00a0ranglista szerint vitathatatlan. A laptopok kir\u00e1lya 6 \u00e9ve &hellip;<\/p>\n","protected":false},"author":1,"featured_media":1120,"comment_status":"closed","ping_status":"open","sticky":false,"template":"","format":"standard","meta":{"_jetpack_memberships_contains_paid_content":false,"footnotes":""},"categories":[42],"tags":[44],"class_list":["post-1119","post","type-post","status-publish","format-standard","has-post-thumbnail","","category-cikkek","tag-notebook-laptop"],"jetpack_featured_media_url":"https:\/\/www.notebook.hu\/blog\/wp-content\/uploads\/2016\/02\/34468872_l.jpg","jetpack_shortlink":"https:\/\/wp.me\/p9xSLL-i3","jetpack_sharing_enabled":true,"_links":{"self":[{"href":"https:\/\/www.notebook.hu\/blog\/wp-json\/wp\/v2\/posts\/1119","targetHints":{"allow":["GET"]}}],"collection":[{"href":"https:\/\/www.notebook.hu\/blog\/wp-json\/wp\/v2\/posts"}],"about":[{"href":"https:\/\/www.notebook.hu\/blog\/wp-json\/wp\/v2\/types\/post"}],"author":[{"embeddable":true,"href":"https:\/\/www.notebook.hu\/blog\/wp-json\/wp\/v2\/users\/1"}],"replies":[{"embeddable":true,"href":"https:\/\/www.notebook.hu\/blog\/wp-json\/wp\/v2\/comments?post=1119"}],"version-history":[{"count":1,"href":"https:\/\/www.notebook.hu\/blog\/wp-json\/wp\/v2\/posts\/1119\/revisions"}],"predecessor-version":[{"id":1121,"href":"https:\/\/www.notebook.hu\/blog\/wp-json\/wp\/v2\/posts\/1119\/revisions\/1121"}],"wp:featuredmedia":[{"embeddable":true,"href":"https:\/\/www.notebook.hu\/blog\/wp-json\/wp\/v2\/media\/1120"}],"wp:attachment":[{"href":"https:\/\/www.notebook.hu\/blog\/wp-json\/wp\/v2\/media?parent=1119"}],"wp:term":[{"taxonomy":"category","embeddable":true,"href":"https:\/\/www.notebook.hu\/blog\/wp-json\/wp\/v2\/categories?post=1119"},{"taxonomy":"post_tag","embeddable":true,"href":"https:\/\/www.notebook.hu\/blog\/wp-json\/wp\/v2\/tags?post=1119"}],"curies":[{"name":"wp","href":"https:\/\/api.w.org\/{rel}","templated":true}]}}