{"id":1106,"date":"2016-01-25T10:28:53","date_gmt":"2016-01-25T09:28:53","guid":{"rendered":"http:\/\/www.notebook.hu\/blog\/?p=1106"},"modified":"2016-01-25T10:28:53","modified_gmt":"2016-01-25T09:28:53","slug":"van-aki-forron-szereti-a-tulmelegedo-notebook-veszelyei-1-resz","status":"publish","type":"post","link":"https:\/\/www.notebook.hu\/blog\/van-aki-forron-szereti-a-tulmelegedo-notebook-veszelyei-1-resz\/","title":{"rendered":"Van, aki forr\u00f3n szereti? A t\u00falmeleged\u0151 notebook vesz\u00e9lyei &#8211; 1. r\u00e9sz"},"content":{"rendered":"<p style=\"margin-bottom: 9.9pt; line-height: 115%; text-align: justify;\"><strong><span style=\"font-size: 10.0pt; line-height: 115%; font-family: 'Verdana',sans-serif;\">Mit\u0151l melegszik t\u00fal a g\u00e9p\u00fcnk? Mib\u0151l tudjuk meg\u00e1llap\u00edtani, hogy t\u00falhev\u00fcl\u00e9ssel \u00e1llunk szemben? \u00c9s ami a legfontosabb: mit tehet\u00fcnk ilyen esetben, hogy megments\u00fck a kemencek\u00e9nt izz\u00f3 notebookot? <\/span><\/strong><\/p>\n<p style=\"margin-bottom: 12pt; line-height: 115%; text-align: justify;\"><span style=\"font-size: 10.0pt; line-height: 115%; font-family: 'Verdana',sans-serif;\">\u00a0<\/span><\/p>\n<p style=\"margin-bottom: 9.9pt; line-height: 115%; text-align: justify;\"><strong><span style=\"font-size: 10.0pt; line-height: 115%; font-family: 'Verdana',sans-serif;\">A g\u00e9pek fejlettebbek, de k\u00f6nnyebben melegszenek<\/span><\/strong><\/p>\n<p style=\"margin-bottom: 9.9pt; line-height: 115%; text-align: justify;\"><span style=\"font-size: 10.0pt; line-height: 115%; font-family: 'Verdana',sans-serif;\">A legnagyobb gy\u00e1rt\u00f3k hihetetlen \u00f6sszegeket fektetnek a notebookok fejleszt\u00e9s\u00e9be. A min\u0151s\u00e9gi teljes\u00edtm\u00e9nyt extra \u00e1ramk\u00f6r\u00f6kkel teszik k\u00f6nnyebb\u00e9, m\u00e9g s\u0171r\u0171bben \u201ecsomagolj\u00e1k\u201d a tranzisztorokat. Egyre t\u00f6bb p\u00e9nzt k\u00f6ltenek a processzorokra, a karcs\u00fa burkolatra. A videok\u00e1rty\u00e1knak k\u00f6sz\u00f6nhet\u0151en nagyobb k\u00e9perny\u0151n klasszisokkal min\u0151s\u00e9gibb j\u00e1t\u00e9k\u00e9lm\u00e9nyben r\u00e9szes\u00fcl\u00fcnk. A fejleszt\u00e9sek val\u00f3ban kiemelked\u0151ek, de amit a v\u00e1mon nyer\u00fcnk, el\u00faszik a r\u00e9ven: az innov\u00e1ci\u00f3kt\u00f3l egyre jobban felmelegszik a notebook.<\/span><\/p>\n<p style=\"margin-bottom: 9.9pt; line-height: 115%; text-align: justify;\"><span style=\"font-size: 10.0pt; line-height: 115%; font-family: 'Verdana',sans-serif;\">A t\u00falhev\u00fcl\u00e9s jelenti a legnagyobb vesz\u00e9lyt a g\u00e9p\u00fcnkre (vagy egy b\u00f6gre forr\u00f3 tea, de az ut\u00f3bbi kock\u00e1zat ritk\u00e1bban okoz gondokat). A perzsel\u0151 notebook hat\u00e1s\u00e1ra a hardware megadja mag\u00e1t \u00e9s gyakran szenved tart\u00f3s k\u00e1rosod\u00e1st.<\/span><\/p>\n<p style=\"margin-bottom: 9.9pt; line-height: 115%; text-align: justify;\"><span style=\"font-size: 10.0pt; line-height: 115%; font-family: 'Verdana',sans-serif;\">Ebb\u0151l a cikkb\u0151l kider\u00fcl, hogyan figyelj\u00fcnk a notebook t\u00falhev\u00fcl\u00e9s\u00e9re \u00e9s mit tegy\u00fcnk az igaz\u00e1n kritikus helyzetekben.<\/span><\/p>\n<p style=\"margin-bottom: 12pt; line-height: 115%; text-align: justify;\"><span style=\"font-size: 10.0pt; line-height: 115%; font-family: 'Verdana',sans-serif;\">\u00a0<\/span><\/p>\n<p style=\"margin-bottom: 9.9pt; line-height: 115%; text-align: justify;\"><strong><span style=\"font-size: 10.0pt; line-height: 115%; font-family: 'Verdana',sans-serif;\">Honnan tudjuk, hogy a notebook t\u00fals\u00e1gosan forr\u00f3?<\/span><\/strong><\/p>\n<p style=\"margin-bottom: 9.9pt; line-height: 115%; text-align: justify;\"><span style=\"font-size: 10.0pt; line-height: 115%; font-family: 'Verdana',sans-serif;\">Nem kell hozz\u00e1 h\u0151m\u00e9r\u0151, akkor pedig m\u00e1r val\u00f3sz\u00edn\u0171leg k\u00e9s\u0151n kapcsolunk, ha toj\u00e1st lehet s\u00fctni rajta.<\/span><\/p>\n<p style=\"margin-bottom: 9.9pt; line-height: 115%; text-align: justify;\"><span style=\"font-size: 10.0pt; line-height: 115%; font-family: 'Verdana',sans-serif;\">A ventil\u00e1tor z\u00fag\u00e1sa egy int\u0151 jel lehet sz\u00e1munkra. Biztos, hogy izzik a g\u00e9p, ha a ventil\u00e1torunk a maximumon p\u00f6r\u00f6g. Ilyenkor rendszerint cs\u00f6kken\u0151 teljes\u00edtm\u00e9nnyel tal\u00e1lkozunk, mert a k\u00e9sz\u00fcl\u00e9k agya, a CPU (Central Processing Unit) lass\u00edt a feldolgoz\u00e1s sebess\u00e9g\u00e9n, hogy k\u00edm\u00e9lje a g\u00e9pet a t\u00falhev\u00fcl\u00e9st\u0151l. Esetleg egy gyors rendszerle\u00e1ll\u00e1s is beindulhat, ami a s\u00falyos hardware rong\u00e1l\u00f3d\u00e1st akad\u00e1lyozza.<\/span><\/p>\n<p style=\"margin-bottom: 12pt; line-height: 115%; text-align: justify;\"><span style=\"font-size: 10.0pt; line-height: 115%; font-family: 'Verdana',sans-serif;\">\u00a0<\/span><\/p>\n<p style=\"margin-bottom: 9.9pt; line-height: 115%; text-align: justify;\"><strong><span style=\"font-size: 10.0pt; line-height: 115%; font-family: 'Verdana',sans-serif;\">Nem megfelel\u0151 h\u0171t\u00e9s<\/span><\/strong><\/p>\n<p style=\"margin-bottom: 9.9pt; line-height: 115%; text-align: justify;\"><span style=\"font-size: 10.0pt; line-height: 115%; font-family: 'Verdana',sans-serif;\">Rendszerint ez okozza a notebook forr\u00f3sod\u00e1s\u00e1t. Ebben szerepet j\u00e1tszhat a koszt\u00f3l eldugult szell\u0151z\u0151cs\u0151, a rossz ventil\u00e1tor, vagy a m\u0171k\u00f6d\u00e9s k\u00f6zben eltakart ventil\u00e1tor ny\u00edl\u00e1s ahonnan a leveg\u0151t sz\u00edvn\u00e1 be a h\u0171t\u00e9shez. Ak\u00e1r a h\u0151elvezet\u0151 h\u0171t\u0151cs\u00f6vekkel vagy a CPU h\u0171t\u00e9s\u00e9vel is komplik\u00e1ci\u00f3k lehetnek, ha a g\u00e9p\u00fcnk t\u00falmelegedett.<\/span><\/p>\n<p style=\"margin-bottom: 9.9pt; line-height: 115%; text-align: justify;\"><span style=\"font-size: 10.0pt; line-height: 115%; font-family: 'Verdana',sans-serif;\">Akkor sem kell k\u00e9ts\u00e9gbeesni, ha a g\u00e9p\u00fcnk felforr\u00f3sodik.<\/span><\/p>\n<p style=\"margin-bottom: 9.9pt; line-height: 115%; text-align: justify;\"><span style=\"font-size: 10.0pt; line-height: 115%; font-family: 'Verdana',sans-serif;\">A k\u00f6vetkez\u0151 cikk\u00fcnkb\u0151l kider\u00fcl, hogyan el\u0151zhetj\u00fck meg a notebook felforr\u00f3sod\u00e1s\u00e1t, \u00e9s azt is megtudjuk, milyen m\u00f3dszerekkel jav\u00edthatunk a kemencek\u00e9nt izz\u00f3 vulkanikus notebookok \u00e1llapot\u00e1n.<\/span><\/p>\n<p style=\"margin-bottom: 12pt; line-height: 115%; text-align: justify;\"><span style=\"font-size: 10.0pt; line-height: 115%; font-family: 'Verdana',sans-serif;\">\u00a0<\/span><\/p>\n<p style=\"margin-bottom: 9.9pt; line-height: 115%; text-align: justify;\"><span style=\"font-size: 10.0pt; line-height: 115%; font-family: 'Verdana',sans-serif;\">Folytat\u00e1sa k\u00f6vetkezik<\/span><\/p>\n<p style=\"margin-bottom: 9.9pt; line-height: 115%; text-align: justify;\">\n","protected":false},"excerpt":{"rendered":"<p>Mit\u0151l melegszik t\u00fal a g\u00e9p\u00fcnk? Mib\u0151l tudjuk meg\u00e1llap\u00edtani, hogy t\u00falhev\u00fcl\u00e9ssel \u00e1llunk szemben? \u00c9s ami a legfontosabb: mit tehet\u00fcnk ilyen esetben, hogy megments\u00fck a kemencek\u00e9nt izz\u00f3 notebookot? \u00a0 A g\u00e9pek fejlettebbek, de k\u00f6nnyebben melegszenek A legnagyobb gy\u00e1rt\u00f3k hihetetlen \u00f6sszegeket fektetnek a notebookok fejleszt\u00e9s\u00e9be. A min\u0151s\u00e9gi teljes\u00edtm\u00e9nyt extra \u00e1ramk\u00f6r\u00f6kkel teszik k\u00f6nnyebb\u00e9, m\u00e9g s\u0171r\u0171bben \u201ecsomagolj\u00e1k\u201d a tranzisztorokat. Egyre &hellip;<\/p>\n","protected":false},"author":1,"featured_media":1108,"comment_status":"closed","ping_status":"open","sticky":false,"template":"","format":"standard","meta":{"_jetpack_memberships_contains_paid_content":false,"footnotes":""},"categories":[42],"tags":[44],"class_list":["post-1106","post","type-post","status-publish","format-standard","has-post-thumbnail","","category-cikkek","tag-notebook-laptop"],"jetpack_featured_media_url":"https:\/\/www.notebook.hu\/blog\/wp-content\/uploads\/2016\/01\/31197614_l.jpg","jetpack_shortlink":"https:\/\/wp.me\/p9xSLL-hQ","jetpack_sharing_enabled":true,"_links":{"self":[{"href":"https:\/\/www.notebook.hu\/blog\/wp-json\/wp\/v2\/posts\/1106","targetHints":{"allow":["GET"]}}],"collection":[{"href":"https:\/\/www.notebook.hu\/blog\/wp-json\/wp\/v2\/posts"}],"about":[{"href":"https:\/\/www.notebook.hu\/blog\/wp-json\/wp\/v2\/types\/post"}],"author":[{"embeddable":true,"href":"https:\/\/www.notebook.hu\/blog\/wp-json\/wp\/v2\/users\/1"}],"replies":[{"embeddable":true,"href":"https:\/\/www.notebook.hu\/blog\/wp-json\/wp\/v2\/comments?post=1106"}],"version-history":[{"count":3,"href":"https:\/\/www.notebook.hu\/blog\/wp-json\/wp\/v2\/posts\/1106\/revisions"}],"predecessor-version":[{"id":1110,"href":"https:\/\/www.notebook.hu\/blog\/wp-json\/wp\/v2\/posts\/1106\/revisions\/1110"}],"wp:featuredmedia":[{"embeddable":true,"href":"https:\/\/www.notebook.hu\/blog\/wp-json\/wp\/v2\/media\/1108"}],"wp:attachment":[{"href":"https:\/\/www.notebook.hu\/blog\/wp-json\/wp\/v2\/media?parent=1106"}],"wp:term":[{"taxonomy":"category","embeddable":true,"href":"https:\/\/www.notebook.hu\/blog\/wp-json\/wp\/v2\/categories?post=1106"},{"taxonomy":"post_tag","embeddable":true,"href":"https:\/\/www.notebook.hu\/blog\/wp-json\/wp\/v2\/tags?post=1106"}],"curies":[{"name":"wp","href":"https:\/\/api.w.org\/{rel}","templated":true}]}}