{"id":1034,"date":"2015-12-18T10:00:58","date_gmt":"2015-12-18T09:00:58","guid":{"rendered":"http:\/\/www.notebook.hu\/blog\/?p=1034"},"modified":"2015-12-16T11:23:21","modified_gmt":"2015-12-16T10:23:21","slug":"intel-realsense-3d-mitol-lep-altala-elebb-a-vilag-2-resz","status":"publish","type":"post","link":"https:\/\/www.notebook.hu\/blog\/intel-realsense-3d-mitol-lep-altala-elebb-a-vilag-2-resz\/","title":{"rendered":"Intel RealSense 3D \u2013 mit\u0151l l\u00e9p \u00e1ltala el\u00e9bb a vil\u00e1g? \u2013 2. r\u00e9sz"},"content":{"rendered":"<p style=\"line-height: 107%; text-align: justify;\"><span style=\"font-size: 10.0pt; line-height: 107%; font-family: 'Verdana',sans-serif;\">A technika vill\u00e1msebess\u00e9ggel fejl\u0151dik, ahogy azt m\u00e1r szinte k\u00f6zhelyszer\u0171en, oly sokszor elmondj\u00e1k. Vannak \u00e9szrev\u00e9tlen\u00fcl marad\u00f3 fejleszt\u00e9sek, de vannak olyanok is, amelyek alapjaiban rengetik meg a vil\u00e1got. Az el\u0151z\u0151 r\u00e9szben az Intel RealSense 3D kamer\u00e1r\u00f3l \u00edrtunk, s biztosak vagyunk benne, hogy sokszor vissza fogunk m\u00e9g t\u00e9rni hozz\u00e1, hiszen egy igaz\u00e1n jelent\u0151s fejleszt\u00e9sr\u0151l van sz\u00f3.<\/span><\/p>\n<p style=\"margin-bottom: 12pt; line-height: 107%; text-align: justify;\"><strong><span style=\"font-size: 10.0pt; line-height: 107%; font-family: 'Verdana',sans-serif;\">Inkognit\u00f3, avagy avat\u00e1r-arc<\/span><\/strong><\/p>\n<p style=\"line-height: 107%; text-align: justify;\"><span style=\"font-size: 10.0pt; line-height: 107%; font-family: 'Verdana',sans-serif;\">Az el\u0151z\u0151 r\u00e9szben arr\u00f3l \u00edrtunk, hogy a RealSense kamer\u00e1k \u00faj szintre emelhetik a videokonferenci\u00e1k \u00e1ltal ny\u00fajtott felhaszn\u00e1l\u00f3i \u00e9lm\u00e9nyt az\u00e1ltal, hogy arcunkat egy avat\u00e1r arc\u00e1val helyettes\u00edtik (szoftveres t\u00e1mogat\u00e1ssal persze).<\/span><\/p>\n<p style=\"line-height: 107%; text-align: justify;\"><span style=\"font-size: 10.0pt; line-height: 107%; font-family: 'Verdana',sans-serif;\">Ehhez m\u00e9g egy dolgot f\u0171zn\u00e9nk hozz\u00e1. Els\u0151 r\u00e1n\u00e9z\u00e9sre ez csup\u00e1n a sz\u00f3rakoztat\u00f3ipar sz\u00e1m\u00e1ra t\u0171nik el\u0151rel\u00e9p\u00e9snek, lehet\u0151s\u00e9gnek, azonban enn\u00e9l szerencs\u00e9re \u00f6sszetettebb a k\u00e9p. Gondoljunk csak bele, hogy az\u00e1ltal, hogy az arc egy m\u00e1sik arccal helyettes\u00edthet\u0151, ak\u00e1r olyan szem\u00e9lyekkel is lehet teljes \u00e9rt\u00e9k\u0171 riportot k\u00e9sz\u00edteni, akik eddig ezt inkognit\u00f3juk fenntart\u00e1sa \u00e9rdek\u00e9ben elutas\u00edtott\u00e1k.<\/span><\/p>\n<p style=\"line-height: 107%; text-align: justify;\"><span style=\"font-size: 10.0pt; line-height: 107%; font-family: 'Verdana',sans-serif;\">\u00cdgy teh\u00e1t a RealSense kamer\u00e1k haszn\u00e1lat\u00e1ban biztons\u00e1gtechnikai potenci\u00e1l is rejlik.<\/span><\/p>\n<p style=\"margin-bottom: 12pt; line-height: 107%; text-align: justify;\"><strong><span style=\"font-size: 10.0pt; line-height: 107%; font-family: 'Verdana',sans-serif;\">3D nyomtat\u00f3 \u00e9s 3D kamera \u2013 a kir\u00e1lyi p\u00e1ros<\/span><\/strong><\/p>\n<p style=\"margin-bottom: 12pt; line-height: 107%; text-align: justify;\"><span style=\"font-size: 10.0pt; line-height: 107%; font-family: 'Verdana',sans-serif;\">Mai napig cikkek sz\u00e1zai jelennek meg az interneten, a 3D nyomtat\u00f3 t\u00e9m\u00e1j\u00e1ban. Sokan azt \u00e1ll\u00edtj\u00e1k, hogy ez az eszk\u00f6z a 21. sz\u00e1zad egyik komoly form\u00e1l\u00f3 ereje lesz, s\u0151t, l\u00e9nyeg\u00e9ben m\u00e1r most is az (gondoljunk csak arra, hogy m\u00e1r az \u00e9p\u00edt\u0151ipar, s\u0151t az eg\u00e9szs\u00e9g\u00fcgy is haszn\u00e1lja).<\/span><\/p>\n<p style=\"line-height: 107%; text-align: justify;\"><span style=\"font-size: 10.0pt; line-height: 107%; font-family: 'Verdana',sans-serif;\">Sejthet\u0151, hogy a 3D nyomtat\u00f3 \u00e9s a 3D kamera tal\u00e1lkoz\u00e1s\u00e1b\u00f3l csakis egy f\u00e9listen sz\u00fclethet. Azzal, hogy a 3D kamera k\u00e9pes beszkennelni az el\u0151tte l\u00e9v\u0151 t\u00e1rgyat, ezt modellk\u00e9nt adhatjuk tov\u00e1bb a 3D nyomtat\u00f3 sz\u00e1m\u00e1ra, amit az v\u00e9g\u00fcl elk\u00e9sz\u00edt.<\/span><\/p>\n<p style=\"line-height: 107%; text-align: justify;\"><span style=\"font-size: 10.0pt; line-height: 107%; font-family: 'Verdana',sans-serif;\">Hogy ne ess\u00fcnk \u00e1t a komolys\u00e1g mezej\u00e9re, csak egy p\u00e9ld\u00e1t hozunk. Ennek seg\u00edts\u00e9g\u00e9vel ak\u00e1r sakkfigur\u00e1kat is csin\u00e1lhatunk magunkb\u00f3l \u00e9s csal\u00e1dtagjainkb\u00f3l, ami a sakkoz\u00e1st egy ez id\u00e1ig ismeretlen szf\u00e9r\u00e1ba rep\u00edti majd.<\/span><\/p>\n<p style=\"line-height: 107%; text-align: justify;\"><strong>Sorozatunk tov\u00e1bbi r\u00e9szei:<br \/>\n<\/strong><a href=\"https:\/\/www.notebook.hu\/blog\/intel-realsense-3d-hogyan-lep-altala-elebb-a-vilag-1-resz\/\">Intel RealSense 3D &#8211; mit\u0151l l\u00e9p \u00e1ltala el\u00e9bb a vil\u00e1g? &#8211; 1. r\u00e9sz<\/a><\/p>\n","protected":false},"excerpt":{"rendered":"<p>A technika vill\u00e1msebess\u00e9ggel fejl\u0151dik, ahogy azt m\u00e1r szinte k\u00f6zhelyszer\u0171en, oly sokszor elmondj\u00e1k. Vannak \u00e9szrev\u00e9tlen\u00fcl marad\u00f3 fejleszt\u00e9sek, de vannak olyanok is, amelyek alapjaiban rengetik meg a vil\u00e1got. Az el\u0151z\u0151 r\u00e9szben az Intel RealSense 3D kamer\u00e1r\u00f3l \u00edrtunk, s biztosak vagyunk benne, hogy sokszor vissza fogunk m\u00e9g t\u00e9rni hozz\u00e1, hiszen egy igaz\u00e1n jelent\u0151s fejleszt\u00e9sr\u0151l van sz\u00f3. Inkognit\u00f3, avagy &hellip;<\/p>\n","protected":false},"author":1,"featured_media":1035,"comment_status":"closed","ping_status":"open","sticky":false,"template":"","format":"standard","meta":{"_jetpack_memberships_contains_paid_content":false,"footnotes":""},"categories":[42],"tags":[44],"class_list":["post-1034","post","type-post","status-publish","format-standard","has-post-thumbnail","","category-cikkek","tag-notebook-laptop"],"jetpack_featured_media_url":"https:\/\/www.notebook.hu\/blog\/wp-content\/uploads\/2015\/12\/6884695_l.jpg","jetpack_shortlink":"https:\/\/wp.me\/p9xSLL-gG","jetpack_sharing_enabled":true,"_links":{"self":[{"href":"https:\/\/www.notebook.hu\/blog\/wp-json\/wp\/v2\/posts\/1034","targetHints":{"allow":["GET"]}}],"collection":[{"href":"https:\/\/www.notebook.hu\/blog\/wp-json\/wp\/v2\/posts"}],"about":[{"href":"https:\/\/www.notebook.hu\/blog\/wp-json\/wp\/v2\/types\/post"}],"author":[{"embeddable":true,"href":"https:\/\/www.notebook.hu\/blog\/wp-json\/wp\/v2\/users\/1"}],"replies":[{"embeddable":true,"href":"https:\/\/www.notebook.hu\/blog\/wp-json\/wp\/v2\/comments?post=1034"}],"version-history":[{"count":2,"href":"https:\/\/www.notebook.hu\/blog\/wp-json\/wp\/v2\/posts\/1034\/revisions"}],"predecessor-version":[{"id":1037,"href":"https:\/\/www.notebook.hu\/blog\/wp-json\/wp\/v2\/posts\/1034\/revisions\/1037"}],"wp:featuredmedia":[{"embeddable":true,"href":"https:\/\/www.notebook.hu\/blog\/wp-json\/wp\/v2\/media\/1035"}],"wp:attachment":[{"href":"https:\/\/www.notebook.hu\/blog\/wp-json\/wp\/v2\/media?parent=1034"}],"wp:term":[{"taxonomy":"category","embeddable":true,"href":"https:\/\/www.notebook.hu\/blog\/wp-json\/wp\/v2\/categories?post=1034"},{"taxonomy":"post_tag","embeddable":true,"href":"https:\/\/www.notebook.hu\/blog\/wp-json\/wp\/v2\/tags?post=1034"}],"curies":[{"name":"wp","href":"https:\/\/api.w.org\/{rel}","templated":true}]}}