{"id":1031,"date":"2015-12-16T11:07:35","date_gmt":"2015-12-16T10:07:35","guid":{"rendered":"http:\/\/www.notebook.hu\/blog\/?p=1031"},"modified":"2015-12-16T11:07:35","modified_gmt":"2015-12-16T10:07:35","slug":"intel-realsense-3d-hogyan-lep-altala-elebb-a-vilag-1-resz","status":"publish","type":"post","link":"https:\/\/www.notebook.hu\/blog\/intel-realsense-3d-hogyan-lep-altala-elebb-a-vilag-1-resz\/","title":{"rendered":"Intel RealSense 3D \u2013 hogyan l\u00e9p \u00e1ltala el\u00e9bb a vil\u00e1g? \u2013 1. r\u00e9sz"},"content":{"rendered":"<p style=\"text-align: justify;\"><span style=\"font-size: 10.0pt; font-family: 'Verdana',sans-serif;\">A RealSense 3D, m\u00e9lys\u00e9g\u00e9rz\u00e9kel\u0151s kamer\u00e1k m\u00e1r \u00e9vek \u00f3ta a szakmai f\u00f3rumok toplist\u00e1j\u00e1n vannak. A fejleszt\u00e9s maga hihetetlen\u00fcl izgalmas \u00e9s a technol\u00f3gia \u00f3ri\u00e1si lehet\u0151s\u00e9geket rejt mag\u00e1ban. M\u00e1ra azonban, hasonl\u00f3an a 3D nyomtat\u00f3khoz, a RealSense technol\u00f3gia is el\u00e9rhet\u0151 k\u00f6zels\u00e9gbe ker\u00fclt az \u00e1tlagfelhaszn\u00e1l\u00f3k sz\u00e1m\u00e1ra is. Ebben a sorozatban kicsit k\u00f6r\u00fclj\u00e1rjuk ezt az \u00faj csod\u00e1t!<\/span><\/p>\n<p style=\"margin-bottom: 12pt; text-align: justify;\"><strong><span style=\"font-size: 10.0pt; font-family: 'Verdana',sans-serif;\">N\u00e9h\u00e1ny sz\u00f3 a technol\u00f3gi\u00e1r\u00f3l<\/span><\/strong><\/p>\n<p style=\"text-align: justify;\"><span style=\"font-size: 10.0pt; font-family: 'Verdana',sans-serif;\">A RealSense kamer\u00e1k 3 lencs\u00e9vel dolgoznak, van benn\u00fck egy 2D-s kamera (amely a \u201ehagyom\u00e1nyos\u201d fot\u00f3k\u00e9rt \u00e9s vide\u00f3k\u00e9rt felel), illetve fel lettek szerelve egy infrav\u00f6r\u00f6s kamer\u00e1val \u00e9s egy infrav\u00f6r\u00f6s l\u00e9zer projektorral is.<\/span><\/p>\n<p style=\"text-align: justify;\"><span style=\"font-size: 10.0pt; font-family: 'Verdana',sans-serif;\">Ahogy az sejthet\u0151, az infrav\u00f6r\u00f6s eszk\u00f6z\u00f6k teszik lehet\u0151v\u00e9 a t\u00e1vols\u00e1g\u00e9rz\u00e9kel\u00e9st, pontosabban a perspekt\u00edv\u00e1jukba ker\u00fcl\u0151 objektumok rel\u00e1ci\u00f3j\u00e1nak, egym\u00e1shoz k\u00e9pest elfoglalt hely\u00fcknek \u00e9rz\u00e9kel\u00e9s\u00e9t. Ennek seg\u00edts\u00e9g\u00e9vel k\u00e9pes a kamera elv\u00e1lasztani a k\u00f6zponti objektumot annak h\u00e1tter\u00e9t\u0151l, \u00e9s term\u00e9szetesen sokkal-sokkal jobb t\u00e1rgy, arc- \u00e9s gesztusfelismer\u00e9st tesz lehet\u0151v\u00e9, mint a \u201esima\u201d 2D kamer\u00e1k.<\/span><\/p>\n<p style=\"text-align: justify;\"><span style=\"font-size: 10.0pt; font-family: 'Verdana',sans-serif;\">Az ebben megb\u00fav\u00f3 lehet\u0151s\u00e9gek eg\u00e9sz t\u00e1rh\u00e1z\u00e1t azonos\u00edthatjuk. Kezdve a sz\u00f3rakoz\u00e1st\u00f3l, a virtu\u00e1lis val\u00f3s\u00e1g \u00faj szintre emel\u00e9s\u00e9t\u0151l, eg\u00e9szen a leghat\u00e9konyabb m\u00e9r\u00e9sekig, melyeket lehet\u0151v\u00e9 tesz.<\/span><\/p>\n<p style=\"text-align: justify;\"><span style=\"font-size: 10.0pt; font-family: 'Verdana',sans-serif;\">N\u00e9zz\u00fck teh\u00e1t, hogy pontosan mire is haszn\u00e1lhat\u00f3 egy Intel RealSense 3D kamera!<\/span><\/p>\n<p style=\"margin-bottom: 12pt; text-align: justify;\"><strong><span style=\"font-size: 10.0pt; font-family: 'Verdana',sans-serif;\">Az avat\u00e1rok kora<\/span><\/strong><\/p>\n<p style=\"text-align: justify;\"><span style=\"font-size: 10.0pt; font-family: 'Verdana',sans-serif;\">Tal\u00e1n nem a leghasznosabb, de bizonyosan a legsz\u00f3rakoztat\u00f3bb felhaszn\u00e1l\u00e1si m\u00f3dja a m\u00e9lys\u00e9g\u00e9rz\u00e9kel\u0151s kamer\u00e1knak, hogy arcunk behelyettes\u00edthet\u0151v\u00e9 v\u00e1lik \u00e1ltaluk egy avat\u00e1r arc\u00e1val.<\/span><\/p>\n<p style=\"text-align: justify;\"><span style=\"font-size: 10.0pt; font-family: 'Verdana',sans-serif;\">Applik\u00e1ci\u00f3k seg\u00edts\u00e9g\u00e9vel (pl. FaceShift) csup\u00e1n annyi a dolgunk, hogy telep\u00edt\u00e9s\u00fck ut\u00e1n le\u00fclj\u00fcnk a RealSense 3D kamer\u00e1nk el\u00e9, \u00e9s v\u00e1rjuk, am\u00edg az arcunk egy ogre arc\u00e1v\u00e1 konvert\u00e1l\u00f3dik. Ett\u0151l kezdve, ha mozgatjuk a fej\u00fcnket, besz\u00e9l\u00fcnk, nevet\u00fcnk, vagy ak\u00e1r csak a szem\u00fcnket forgatjuk, besz\u00e9lget\u0151partner\u00fcnk sz\u00e1m\u00e1ra gesztusaink egy ogre arc\u00e1n mutatkoznak meg.<\/span><\/p>\n<p style=\"margin-bottom: 12pt; text-align: justify;\"><span style=\"font-size: 10.0pt; font-family: 'Verdana',sans-serif;\">Szuper felhaszn\u00e1l\u00e1si lehet\u0151s\u00e9gekr\u0151l lesz sz\u00f3 a k\u00f6vetkez\u0151 r\u00e9szben is, \u00e9rdemes lesz k\u00f6vetni a sorozatot!<\/span><\/p>\n","protected":false},"excerpt":{"rendered":"<p>A RealSense 3D, m\u00e9lys\u00e9g\u00e9rz\u00e9kel\u0151s kamer\u00e1k m\u00e1r \u00e9vek \u00f3ta a szakmai f\u00f3rumok toplist\u00e1j\u00e1n vannak. A fejleszt\u00e9s maga hihetetlen\u00fcl izgalmas \u00e9s a technol\u00f3gia \u00f3ri\u00e1si lehet\u0151s\u00e9geket rejt mag\u00e1ban. M\u00e1ra azonban, hasonl\u00f3an a 3D nyomtat\u00f3khoz, a RealSense technol\u00f3gia is el\u00e9rhet\u0151 k\u00f6zels\u00e9gbe ker\u00fclt az \u00e1tlagfelhaszn\u00e1l\u00f3k sz\u00e1m\u00e1ra is. Ebben a sorozatban kicsit k\u00f6r\u00fclj\u00e1rjuk ezt az \u00faj csod\u00e1t! N\u00e9h\u00e1ny sz\u00f3 a technol\u00f3gi\u00e1r\u00f3l &hellip;<\/p>\n","protected":false},"author":1,"featured_media":1032,"comment_status":"closed","ping_status":"open","sticky":false,"template":"","format":"standard","meta":{"_jetpack_memberships_contains_paid_content":false,"footnotes":""},"categories":[42],"tags":[44],"class_list":["post-1031","post","type-post","status-publish","format-standard","has-post-thumbnail","","category-cikkek","tag-notebook-laptop"],"jetpack_featured_media_url":"https:\/\/www.notebook.hu\/blog\/wp-content\/uploads\/2015\/12\/26678023_l.jpg","jetpack_shortlink":"https:\/\/wp.me\/p9xSLL-gD","jetpack_sharing_enabled":true,"_links":{"self":[{"href":"https:\/\/www.notebook.hu\/blog\/wp-json\/wp\/v2\/posts\/1031","targetHints":{"allow":["GET"]}}],"collection":[{"href":"https:\/\/www.notebook.hu\/blog\/wp-json\/wp\/v2\/posts"}],"about":[{"href":"https:\/\/www.notebook.hu\/blog\/wp-json\/wp\/v2\/types\/post"}],"author":[{"embeddable":true,"href":"https:\/\/www.notebook.hu\/blog\/wp-json\/wp\/v2\/users\/1"}],"replies":[{"embeddable":true,"href":"https:\/\/www.notebook.hu\/blog\/wp-json\/wp\/v2\/comments?post=1031"}],"version-history":[{"count":1,"href":"https:\/\/www.notebook.hu\/blog\/wp-json\/wp\/v2\/posts\/1031\/revisions"}],"predecessor-version":[{"id":1033,"href":"https:\/\/www.notebook.hu\/blog\/wp-json\/wp\/v2\/posts\/1031\/revisions\/1033"}],"wp:featuredmedia":[{"embeddable":true,"href":"https:\/\/www.notebook.hu\/blog\/wp-json\/wp\/v2\/media\/1032"}],"wp:attachment":[{"href":"https:\/\/www.notebook.hu\/blog\/wp-json\/wp\/v2\/media?parent=1031"}],"wp:term":[{"taxonomy":"category","embeddable":true,"href":"https:\/\/www.notebook.hu\/blog\/wp-json\/wp\/v2\/categories?post=1031"},{"taxonomy":"post_tag","embeddable":true,"href":"https:\/\/www.notebook.hu\/blog\/wp-json\/wp\/v2\/tags?post=1031"}],"curies":[{"name":"wp","href":"https:\/\/api.w.org\/{rel}","templated":true}]}}