{"id":1024,"date":"2015-12-10T10:00:07","date_gmt":"2015-12-10T09:00:07","guid":{"rendered":"http:\/\/www.notebook.hu\/blog\/?p=1024"},"modified":"2015-12-08T10:12:33","modified_gmt":"2015-12-08T09:12:33","slug":"bosszanto-alapertelmezett-windows-beallitasok-4-resz","status":"publish","type":"post","link":"https:\/\/www.notebook.hu\/blog\/bosszanto-alapertelmezett-windows-beallitasok-4-resz\/","title":{"rendered":"Bosszant\u00f3 alap\u00e9rtelmezett Windows be\u00e1ll\u00edt\u00e1sok &#8211; 4.r\u00e9sz"},"content":{"rendered":"<p style=\"text-align: justify;\">Az el\u0151z\u0151 r\u00e9szben le\u00edrtuk, hogy a Windows automatikus \u00fajraind\u00edt\u00e1sa milyen esetekben tud igaz\u00e1n ideges\u00edt\u0151v\u00e9 v\u00e1lni. Term\u00e9szetesen munka k\u00f6zben a legrosszabb, hiszen megt\u00f6ri a lend\u00fcletet, f\u00e9lbeszak\u00edtja az esetleges videokonferenci\u00e1t stb. Azonban, ha valaki \u00e9ppen a meg\u00e9rdemelt pihen\u00e9s\u00e9t t\u00f6lti, \u00e9s egy f\u00e1raszt\u00f3 nap ut\u00e1n filmet n\u00e9z, szint\u00e9n demoraliz\u00e1l\u00f3 egy hirtelen reboot. \u00c9ppen ez\u00e9rt megmutatjuk, hogy milyen fort\u00e9llyal lehet megszabadulni t\u0151le.<\/p>\n<p style=\"text-align: justify;\"><strong>Automatikus \u00fajraind\u00edt\u00e1s kikapcsol\u00e1sa<\/strong><\/p>\n<p style=\"text-align: justify;\">Ha \u00d6nt is bosszantja ez az alapbe\u00e1ll\u00edt\u00e1s, akkor k\u00f6vesse ezeket a l\u00e9p\u00e9seket, hogy v\u00e9gleg megszabadulhasson t\u0151le:<\/p>\n<p style=\"text-align: justify;\">Nyissa meg a Futtat\u00e1s panelt. Ehhez nyomja le egy\u00fcttesen a Windows \u00e9s az R gombot (Windows + R).<\/p>\n<p style=\"text-align: justify;\">A felugr\u00f3 ablak keres\u0151j\u00e9be \u00edrja be a k\u00f6vetkez\u0151 parancssz\u00f3t: regedit. Majd nyomja le az OK gombot.<\/p>\n<p style=\"text-align: justify;\">A Be\u00e1ll\u00edt\u00e1sszerkeszt\u0151ben a bal oldali mapp\u00e1k k\u00f6z\u00fcl \u00d6nnek a HKEY_LOCAL_MACHINE nevezet\u0171re lesz sz\u00fcks\u00e9ge.<\/p>\n<p style=\"text-align: justify;\">Ezen bel\u00fcl v\u00e1lassza a SOFTWARE mapp\u00e1t, majd Policies, Microsoft, v\u00e9gezet\u00fcl Windows almapp\u00e1t.<\/p>\n<p style=\"text-align: justify;\">N\u00e9zze meg, hogy a Windows almapp\u00e1nak milyen tov\u00e1bbi almapp\u00e1i vannak, s ha ezek k\u00f6z\u00f6tt nem tal\u00e1l WindowsUpdate nev\u0171t, akkor csin\u00e1ljon egyet (ha tal\u00e1l, akkor a k\u00f6vetkez\u0151 l\u00e9p\u00e9st hagyja figyelmen k\u00edv\u00fcl!). Ez a k\u00f6vetkez\u0151k\u00e9ppen t\u00f6rt\u00e9nhet: jobb eg\u00e9rgombbal kattintson a Windows mapp\u00e1ra \u00e9s a lehet\u0151s\u00e9gek k\u00f6z\u00fcl v\u00e1lassza, hogy \u00daj, majd ezen bel\u00fcl: Kulcs. A frissen kre\u00e1lt \u00daj mapp\u00e1t nevezze \u00e1t WindowsUpdate-re.<\/p>\n<p style=\"text-align: justify;\">A WindowsUpdate-en bel\u00fcl szint\u00e9n l\u00e9tre kell hozni egy \u00faj mapp\u00e1t. Ism\u00e9t jobb eg\u00e9rgomb (ez\u00fattal a WindowsUpdate-re), majd \u00daj, ezut\u00e1n Kulcs. Az \u00daj mappa neve ez\u00fattal: AU legyen.<\/p>\n<p style=\"text-align: justify;\">Az AU-n bel\u00fcl l\u00e9tre kell hozni egy \u00fagynevezett Duplasz\u00f3t. Ehhez kattintson az AU mappa jobb oldali, \u00fcres feh\u00e9r mez\u0151j\u00e9be jobb eg\u00e9rgombbal, \u00e9s ez\u00fattal az \u00dajon bel\u00fcl a Duplasz\u00f3 32 bites v\u00e1ltozat\u00e1t v\u00e1lassza.<\/p>\n<p style=\"text-align: justify;\">A megjelen\u0151 k\u00e9kes sz\u00edn\u0171 f\u00e1jlt nevezze \u00e1t a k\u00f6vetkez\u0151re: NoAutoRebootWithLoggedOnUsers.<\/p>\n<p style=\"text-align: justify;\">Ezt nyissa meg, \u00e9s a felugr\u00f3 ablakban \u00e1ll\u00edtsa az \u00c9rt\u00e9ket 1-re. Majd nyomjon az OK gombra.<\/p>\n<p style=\"text-align: justify;\">\n<p style=\"text-align: justify;\">Nem lesz t\u00f6bb ideges\u00edt\u0151 \u00fajraind\u00edt\u00e1s!<\/p>\n<p><strong>Sorozatunk tov\u00e1bbi r\u00e9szei:<br \/>\n<\/strong><a href=\"https:\/\/www.notebook.hu\/blog\/bosszanto-alapertelmezett-windows-beallitasok-1-resz\/\">Bosszant\u00f3 alap\u00e9rtelmezett Windows be\u00e1ll\u00edt\u00e1sok \u2013 1.r\u00e9sz<\/a><\/p>\n<p><a href=\"https:\/\/www.notebook.hu\/blog\/bosszanto-alapertelmezett-windows-beallitasok-2-resz\/\">Bosszant\u00f3 alap\u00e9rtelmezett Windows be\u00e1ll\u00edt\u00e1sok &#8211; 2.r\u00e9sz<\/a><\/p>\n<p><a href=\"https:\/\/www.notebook.hu\/blog\/bosszanto-alapertelmezett-windows-beallitasok-3-resz\/\">Bosszant\u00f3 alap\u00e9rtelmezett Windows be\u00e1ll\u00edt\u00e1sok &#8211; 3.r\u00e9sz<\/a><\/p>\n","protected":false},"excerpt":{"rendered":"<p>Az el\u0151z\u0151 r\u00e9szben le\u00edrtuk, hogy a Windows automatikus \u00fajraind\u00edt\u00e1sa milyen esetekben tud igaz\u00e1n ideges\u00edt\u0151v\u00e9 v\u00e1lni. Term\u00e9szetesen munka k\u00f6zben a legrosszabb, hiszen megt\u00f6ri a lend\u00fcletet, f\u00e9lbeszak\u00edtja az esetleges videokonferenci\u00e1t stb. Azonban, ha valaki \u00e9ppen a meg\u00e9rdemelt pihen\u00e9s\u00e9t t\u00f6lti, \u00e9s egy f\u00e1raszt\u00f3 nap ut\u00e1n filmet n\u00e9z, szint\u00e9n demoraliz\u00e1l\u00f3 egy hirtelen reboot. \u00c9ppen ez\u00e9rt megmutatjuk, hogy milyen fort\u00e9llyal &hellip;<\/p>\n","protected":false},"author":1,"featured_media":1025,"comment_status":"closed","ping_status":"open","sticky":false,"template":"","format":"standard","meta":{"_jetpack_memberships_contains_paid_content":false,"footnotes":""},"categories":[42],"tags":[61,44,46],"class_list":["post-1024","post","type-post","status-publish","format-standard","has-post-thumbnail","","category-cikkek","tag-2in1","tag-notebook-laptop","tag-tablet"],"jetpack_featured_media_url":"https:\/\/www.notebook.hu\/blog\/wp-content\/uploads\/2015\/12\/28094617_l.jpg","jetpack_shortlink":"https:\/\/wp.me\/p9xSLL-gw","jetpack_sharing_enabled":true,"_links":{"self":[{"href":"https:\/\/www.notebook.hu\/blog\/wp-json\/wp\/v2\/posts\/1024","targetHints":{"allow":["GET"]}}],"collection":[{"href":"https:\/\/www.notebook.hu\/blog\/wp-json\/wp\/v2\/posts"}],"about":[{"href":"https:\/\/www.notebook.hu\/blog\/wp-json\/wp\/v2\/types\/post"}],"author":[{"embeddable":true,"href":"https:\/\/www.notebook.hu\/blog\/wp-json\/wp\/v2\/users\/1"}],"replies":[{"embeddable":true,"href":"https:\/\/www.notebook.hu\/blog\/wp-json\/wp\/v2\/comments?post=1024"}],"version-history":[{"count":1,"href":"https:\/\/www.notebook.hu\/blog\/wp-json\/wp\/v2\/posts\/1024\/revisions"}],"predecessor-version":[{"id":1026,"href":"https:\/\/www.notebook.hu\/blog\/wp-json\/wp\/v2\/posts\/1024\/revisions\/1026"}],"wp:featuredmedia":[{"embeddable":true,"href":"https:\/\/www.notebook.hu\/blog\/wp-json\/wp\/v2\/media\/1025"}],"wp:attachment":[{"href":"https:\/\/www.notebook.hu\/blog\/wp-json\/wp\/v2\/media?parent=1024"}],"wp:term":[{"taxonomy":"category","embeddable":true,"href":"https:\/\/www.notebook.hu\/blog\/wp-json\/wp\/v2\/categories?post=1024"},{"taxonomy":"post_tag","embeddable":true,"href":"https:\/\/www.notebook.hu\/blog\/wp-json\/wp\/v2\/tags?post=1024"}],"curies":[{"name":"wp","href":"https:\/\/api.w.org\/{rel}","templated":true}]}}