{"id":1013,"date":"2015-12-08T10:06:32","date_gmt":"2015-12-08T09:06:32","guid":{"rendered":"http:\/\/www.notebook.hu\/blog\/?p=1013"},"modified":"2015-12-11T11:44:38","modified_gmt":"2015-12-11T10:44:38","slug":"bosszanto-alapertelmezett-windows-beallitasok-3-resz","status":"publish","type":"post","link":"https:\/\/www.notebook.hu\/blog\/bosszanto-alapertelmezett-windows-beallitasok-3-resz\/","title":{"rendered":"Bosszant\u00f3 alap\u00e9rtelmezett Windows be\u00e1ll\u00edt\u00e1sok &#8211; 3.r\u00e9sz"},"content":{"rendered":"<p style=\"text-align: justify;\">Az ideges\u00edt\u0151 alapbe\u00e1ll\u00edt\u00e1sok sora sajnos m\u00e9g folytathat\u00f3. Az el\u0151z\u0151 r\u00e9szekben \u00edrtunk m\u00e1r a f\u00e1jlok kiterjeszt\u00e9s\u00e9nek indokolatlan elrejt\u00e9s\u00e9r\u0151l \u00e9s a Microsoft f\u00f6l\u00f6sleges felaj\u00e1nlkoz\u00e1s\u00e1r\u00f3l, amikor \u00f6sszeomlik egy program. Sz\u00fcntess\u00fcnk meg egy \u00fajabb irrit\u00e1l\u00f3 alap\u00e9rtelmezett be\u00e1ll\u00edt\u00e1st!<\/p>\n<p style=\"text-align: justify;\"><strong>Automatikus \u00fajraind\u00edt\u00e1s \u2013 ink\u00e1bb ne!<\/strong><\/p>\n<p style=\"text-align: justify;\">A Windows az esetek t\u00falnyom\u00f3 t\u00f6bbs\u00e9g\u00e9ben let\u00f6lti mag\u00e1nak a friss\u00edt\u00e9seket. A felhaszn\u00e1l\u00f3k ezt \u00e1ltal\u00e1ban nem is \u00e9rz\u00e9kelik, hiszen a folyamat a h\u00e1tt\u00e9rben zajlik, s maximum k\u00f6vetkeztetni lehet a m\u0171k\u00f6d\u00e9s\u00e9re abb\u00f3l, hogy valamivel lassabban t\u00f6ltenek be a programok. A let\u00f6lt\u00e9s ut\u00e1n a folyamat abbamarad, eg\u00e9szen addig, am\u00edg a felhaszn\u00e1l\u00f3 ki nem kapcsolja a g\u00e9pet. A k\u00f6vetkez\u0151 ind\u00edt\u00e1ssal ugyanis a Windows automatikusan telep\u00edti az el\u0151z\u0151leg let\u00f6lt\u00f6tt friss\u00edt\u00e9seket. Ezzel eddig rendben is lenn\u00e9nek a dolgok.<\/p>\n<p style=\"text-align: justify;\">Azonban el\u0151fordul, hogy a Windows megunja a v\u00e1rakoz\u00e1st, \u00e9s feldob egy \u00fczenetet arr\u00f3l, hogy automatikusan \u00fajra fogja ind\u00edtani a sz\u00e1m\u00edt\u00f3g\u00e9pet, hacsak ezt a felhaszn\u00e1l\u00f3 nem halasztja el a felaj\u00e1nlott id\u0151tartamok valamelyik\u00e9vel. Ha pedig ez valami\u00e9rt, esetleg sz\u00e1nd\u00e9kolatlanul, elmarad, akkor a Windows kegyetlen\u00fcl \u00fajraind\u00edt akkor is, ha \u00e9ppen valaminek a k\u00f6zep\u00e9ben vagyunk.<\/p>\n<p style=\"text-align: justify;\"><strong>Mi\u00e9rt jelenthet probl\u00e9m\u00e1t ez az alapbe\u00e1ll\u00edt\u00e1s?<\/strong><\/p>\n<p style=\"text-align: justify;\">El\u0151sz\u00f6r is sokan nem szeretik, ha egy megv\u00e1s\u00e1rolt program bizonyos k\u00e9rd\u00e9sekben \u00f6nmaga hoz d\u00f6nt\u00e9seket. A k\u00e9nyelmi szempontok persze er\u0151sek, a legt\u00f6bb felhaszn\u00e1l\u00f3 el\u00e9gedett azzal, hogy a friss\u00edt\u00e9sek a tudta n\u00e9lk\u00fcl zajlanak, azonban igencsak zavar\u00f3 tud lenni, ha a Windows egyszer\u0171en \u00fagy d\u00f6nt, kikapcsolja a g\u00e9pet. M\u00e9g akkor is, ha egy\u00e9bk\u00e9nt felaj\u00e1nlotta a halaszt\u00e1st, aminek egyr\u00e9szt ultim\u00e1tum-jellege van, m\u00e1sr\u00e9szt nagyon irrit\u00e1l\u00f3 tud lenni a kattan\u00f3, felugr\u00f3 ablak.<\/p>\n<p style=\"text-align: justify;\">Azok sz\u00e1m\u00e1ra pedig, akik \u00e9ppen egy fontos munka k\u00f6zep\u00e9ben vannak, p\u00e9ld\u00e1ul egy megrendel\u00e9st \u00edrnak e-mailben, vagy szerz\u0151d\u00e9st szerkesztenek Wordben stb., egyenesen v\u00e9rl\u00e1z\u00edt\u00f3 lehet, amikor k\u00e9t le\u00fct\u00e9s k\u00f6z\u00f6tt a Windows egyszer\u0171en kikapcsol.<\/p>\n<p style=\"text-align: justify;\">Azonban ennek az alapbe\u00e1ll\u00edt\u00e1snak kikapcsol\u00e1sa egy picivel bonyodalmasabb az eddigiekn\u00e9l, \u00fagyhogy az \u00e1tl\u00e1that\u00f3s\u00e1g kedv\u00e9\u00e9rt sz\u00e1m\u00e1ra egy k\u00fcl\u00f6n bejegyz\u00e9st szentel\u00fcnk.<\/p>\n<p><strong>Sorozatunk tov\u00e1bbi r\u00e9szei:<br \/>\n<\/strong><a href=\"https:\/\/www.notebook.hu\/blog\/bosszanto-alapertelmezett-windows-beallitasok-1-resz\/\">Bosszant\u00f3 alap\u00e9rtelmezett Windows be\u00e1ll\u00edt\u00e1sok \u2013 1.r\u00e9sz<\/a><\/p>\n<p><a href=\"https:\/\/www.notebook.hu\/blog\/bosszanto-alapertelmezett-windows-beallitasok-2-resz\/\">Bosszant\u00f3 alap\u00e9rtelmezett Windows be\u00e1ll\u00edt\u00e1sok &#8211; 2.r\u00e9sz<\/a><\/p>\n<p><span class=\"current\"><a href=\"https:\/\/www.notebook.hu\/blog\/bosszanto-alapertelmezett-windows-beallitasok-4-resz\/\">Bosszant\u00f3 alap\u00e9rtelmezett Windows be\u00e1ll\u00edt\u00e1sok \u2013 4.r\u00e9sz<\/a><\/span><\/p>\n","protected":false},"excerpt":{"rendered":"<p>Az ideges\u00edt\u0151 alapbe\u00e1ll\u00edt\u00e1sok sora sajnos m\u00e9g folytathat\u00f3. Az el\u0151z\u0151 r\u00e9szekben \u00edrtunk m\u00e1r a f\u00e1jlok kiterjeszt\u00e9s\u00e9nek indokolatlan elrejt\u00e9s\u00e9r\u0151l \u00e9s a Microsoft f\u00f6l\u00f6sleges felaj\u00e1nlkoz\u00e1s\u00e1r\u00f3l, amikor \u00f6sszeomlik egy program. Sz\u00fcntess\u00fcnk meg egy \u00fajabb irrit\u00e1l\u00f3 alap\u00e9rtelmezett be\u00e1ll\u00edt\u00e1st! Automatikus \u00fajraind\u00edt\u00e1s \u2013 ink\u00e1bb ne! A Windows az esetek t\u00falnyom\u00f3 t\u00f6bbs\u00e9g\u00e9ben let\u00f6lti mag\u00e1nak a friss\u00edt\u00e9seket. A felhaszn\u00e1l\u00f3k ezt \u00e1ltal\u00e1ban nem is \u00e9rz\u00e9kelik, &hellip;<\/p>\n","protected":false},"author":1,"featured_media":1014,"comment_status":"closed","ping_status":"open","sticky":false,"template":"","format":"standard","meta":{"_jetpack_memberships_contains_paid_content":false,"footnotes":""},"categories":[42],"tags":[61,44,46],"class_list":["post-1013","post","type-post","status-publish","format-standard","has-post-thumbnail","","category-cikkek","tag-2in1","tag-notebook-laptop","tag-tablet"],"jetpack_featured_media_url":"https:\/\/www.notebook.hu\/blog\/wp-content\/uploads\/2015\/12\/23388999_l.jpg","jetpack_shortlink":"https:\/\/wp.me\/p9xSLL-gl","jetpack_sharing_enabled":true,"_links":{"self":[{"href":"https:\/\/www.notebook.hu\/blog\/wp-json\/wp\/v2\/posts\/1013","targetHints":{"allow":["GET"]}}],"collection":[{"href":"https:\/\/www.notebook.hu\/blog\/wp-json\/wp\/v2\/posts"}],"about":[{"href":"https:\/\/www.notebook.hu\/blog\/wp-json\/wp\/v2\/types\/post"}],"author":[{"embeddable":true,"href":"https:\/\/www.notebook.hu\/blog\/wp-json\/wp\/v2\/users\/1"}],"replies":[{"embeddable":true,"href":"https:\/\/www.notebook.hu\/blog\/wp-json\/wp\/v2\/comments?post=1013"}],"version-history":[{"count":10,"href":"https:\/\/www.notebook.hu\/blog\/wp-json\/wp\/v2\/posts\/1013\/revisions"}],"predecessor-version":[{"id":1030,"href":"https:\/\/www.notebook.hu\/blog\/wp-json\/wp\/v2\/posts\/1013\/revisions\/1030"}],"wp:featuredmedia":[{"embeddable":true,"href":"https:\/\/www.notebook.hu\/blog\/wp-json\/wp\/v2\/media\/1014"}],"wp:attachment":[{"href":"https:\/\/www.notebook.hu\/blog\/wp-json\/wp\/v2\/media?parent=1013"}],"wp:term":[{"taxonomy":"category","embeddable":true,"href":"https:\/\/www.notebook.hu\/blog\/wp-json\/wp\/v2\/categories?post=1013"},{"taxonomy":"post_tag","embeddable":true,"href":"https:\/\/www.notebook.hu\/blog\/wp-json\/wp\/v2\/tags?post=1013"}],"curies":[{"name":"wp","href":"https:\/\/api.w.org\/{rel}","templated":true}]}}