{"id":10018,"date":"2022-02-27T17:10:00","date_gmt":"2022-02-27T16:10:00","guid":{"rendered":"https:\/\/www.notebook.hu\/blog\/?p=10018"},"modified":"2022-10-23T11:18:55","modified_gmt":"2022-10-23T09:18:55","slug":"kulonbseg-iphone-13-pro-es-pro-max","status":"publish","type":"post","link":"https:\/\/www.notebook.hu\/blog\/kulonbseg-iphone-13-pro-es-pro-max\/","title":{"rendered":"Mi a k\u00fcl\u00f6nbs\u00e9g iPhone 13 Pro \u00e9s Pro Max k\u00f6z\u00f6tt?"},"content":{"rendered":"\n<p><strong>Ha nem tudsz d\u00f6nteni iPhone 13 Pro \u00e9s iPhone 13 Pro Max k\u00f6z\u00f6tt, hogy melyiket is v\u00e1s\u00e1rold meg az Apple jelenlegi z\u00e1szl\u00f3shaj\u00f3i k\u00f6z\u00fcl, akkor a lenti t\u00e1bl\u00e1zat biztosan nagy seg\u00edts\u00e9g lesz Neked! A j\u00f3 h\u00edr, hogy nincs hatalmas k\u00fcl\u00f6nbs\u00e9g a k\u00e9t k\u00e9sz\u00fcl\u00e9k k\u00f6z\u00f6tt, de az\u00e9rt el\u0151fordul p\u00e1r kulcsfontoss\u00e1g\u00fa elt\u00e9r\u00e9s, amit mindenk\u00e9pp tudnod kell iPhone v\u00e1s\u00e1rl\u00e1s el\u0151tt. <\/strong><\/p>\n\n\n\n<div class=\"wp-block-image\"><figure class=\"aligncenter size-large\"><a href=\"https:\/\/www.notebook.hu\/blog\/wp-content\/uploads\/2022\/02\/iphone-13-pro-vs-iphone-13-pro-max.jpg\"><img loading=\"lazy\" decoding=\"async\" width=\"691\" height=\"317\" data-attachment-id=\"10023\" data-permalink=\"https:\/\/www.notebook.hu\/blog\/kulonbseg-iphone-13-pro-es-pro-max\/iphone-13-pro-vs-iphone-13-pro-max-2\/\" data-orig-file=\"https:\/\/www.notebook.hu\/blog\/wp-content\/uploads\/2022\/02\/iphone-13-pro-vs-iphone-13-pro-max.jpg\" data-orig-size=\"691,317\" data-comments-opened=\"0\" data-image-meta=\"{&quot;aperture&quot;:&quot;0&quot;,&quot;credit&quot;:&quot;&quot;,&quot;camera&quot;:&quot;&quot;,&quot;caption&quot;:&quot;&quot;,&quot;created_timestamp&quot;:&quot;0&quot;,&quot;copyright&quot;:&quot;&quot;,&quot;focal_length&quot;:&quot;0&quot;,&quot;iso&quot;:&quot;0&quot;,&quot;shutter_speed&quot;:&quot;0&quot;,&quot;title&quot;:&quot;&quot;,&quot;orientation&quot;:&quot;1&quot;}\" data-image-title=\"iphone-13-pro-vs-iphone-13-pro-max\" data-image-description=\"\" data-image-caption=\"\" data-medium-file=\"https:\/\/www.notebook.hu\/blog\/wp-content\/uploads\/2022\/02\/iphone-13-pro-vs-iphone-13-pro-max-300x138.jpg\" data-large-file=\"https:\/\/www.notebook.hu\/blog\/wp-content\/uploads\/2022\/02\/iphone-13-pro-vs-iphone-13-pro-max.jpg\" src=\"https:\/\/www.notebook.hu\/blog\/wp-content\/uploads\/2022\/02\/iphone-13-pro-vs-iphone-13-pro-max.jpg\" alt=\"\" class=\"wp-image-10023\" srcset=\"https:\/\/www.notebook.hu\/blog\/wp-content\/uploads\/2022\/02\/iphone-13-pro-vs-iphone-13-pro-max.jpg 691w, https:\/\/www.notebook.hu\/blog\/wp-content\/uploads\/2022\/02\/iphone-13-pro-vs-iphone-13-pro-max-300x138.jpg 300w, https:\/\/www.notebook.hu\/blog\/wp-content\/uploads\/2022\/02\/iphone-13-pro-vs-iphone-13-pro-max-560x257.jpg 560w\" sizes=\"auto, (max-width: 691px) 100vw, 691px\" \/><\/a><\/figure><\/div>\n\n\n\n<h2 class=\"wp-block-heading\">Diz\u00e1jn, m\u00e9retek<\/h2>\n\n\n\n<figure class=\"wp-block-image size-large\"><a href=\"https:\/\/www.notebook.hu\/blog\/wp-content\/uploads\/2022\/02\/iphone-13-prok-cover-1.jpg\"><img loading=\"lazy\" decoding=\"async\" width=\"1024\" height=\"704\" data-attachment-id=\"10030\" data-permalink=\"https:\/\/www.notebook.hu\/blog\/kulonbseg-iphone-13-pro-es-pro-max\/iphone-13-prok-cover-1\/\" data-orig-file=\"https:\/\/www.notebook.hu\/blog\/wp-content\/uploads\/2022\/02\/iphone-13-prok-cover-1.jpg\" data-orig-size=\"1200,825\" data-comments-opened=\"0\" data-image-meta=\"{&quot;aperture&quot;:&quot;0&quot;,&quot;credit&quot;:&quot;&quot;,&quot;camera&quot;:&quot;&quot;,&quot;caption&quot;:&quot;&quot;,&quot;created_timestamp&quot;:&quot;0&quot;,&quot;copyright&quot;:&quot;&quot;,&quot;focal_length&quot;:&quot;0&quot;,&quot;iso&quot;:&quot;0&quot;,&quot;shutter_speed&quot;:&quot;0&quot;,&quot;title&quot;:&quot;&quot;,&quot;orientation&quot;:&quot;1&quot;}\" data-image-title=\"iphone-13-prok-cover-1\" data-image-description=\"\" data-image-caption=\"\" data-medium-file=\"https:\/\/www.notebook.hu\/blog\/wp-content\/uploads\/2022\/02\/iphone-13-prok-cover-1-300x206.jpg\" data-large-file=\"https:\/\/www.notebook.hu\/blog\/wp-content\/uploads\/2022\/02\/iphone-13-prok-cover-1-1024x704.jpg\" src=\"https:\/\/www.notebook.hu\/blog\/wp-content\/uploads\/2022\/02\/iphone-13-prok-cover-1-1024x704.jpg\" alt=\"\" class=\"wp-image-10030\" srcset=\"https:\/\/www.notebook.hu\/blog\/wp-content\/uploads\/2022\/02\/iphone-13-prok-cover-1-1024x704.jpg 1024w, https:\/\/www.notebook.hu\/blog\/wp-content\/uploads\/2022\/02\/iphone-13-prok-cover-1-300x206.jpg 300w, https:\/\/www.notebook.hu\/blog\/wp-content\/uploads\/2022\/02\/iphone-13-prok-cover-1-768x528.jpg 768w, https:\/\/www.notebook.hu\/blog\/wp-content\/uploads\/2022\/02\/iphone-13-prok-cover-1-110x75.jpg 110w, https:\/\/www.notebook.hu\/blog\/wp-content\/uploads\/2022\/02\/iphone-13-prok-cover-1-560x385.jpg 560w, https:\/\/www.notebook.hu\/blog\/wp-content\/uploads\/2022\/02\/iphone-13-prok-cover-1.jpg 1200w\" sizes=\"auto, (max-width: 1024px) 100vw, 1024px\" \/><\/a><\/figure>\n\n\n\n<p>K\u00fcls\u0151 megjelen\u00e9sre teljesen hasonl\u00f3 a k\u00e9t telefon, csup\u00e1n m\u00e9retbeli k\u00fcl\u00f6nbs\u00e9gek vannak. Az iPhone 13 Pro 146,7 x 71,5 x 7,7 mm m\u00e9rettel rendelkezik, m\u00edg az iPhone 13 Pro Max 160,8 x 78,1 x 7,7 mm. Mint l\u00e1that\u00f3, vastags\u00e1guk megegyezik, csup\u00e1n a kijelz\u0151 m\u00e9ret miatt kellett a fizikai m\u00e9reteken is ny\u00fajtani. A Pro modell 204 g, m\u00edg a Pro Max 240 g s\u00fallyal nehez\u00edti a zseb\u00fcnket.<\/p>\n\n\n\n<h2 class=\"wp-block-heading\">Akkumul\u00e1tor, akku \u00e9lettartam<\/h2>\n\n\n\n<p>Akkumul\u00e1toruk elt\u00e9r\u0151, a Pro modellben 3095 mAh, a Pro Max-ban pedig 4352 mAh ker\u00fclt. A m\u00e9retbeli k\u00fcl\u00f6nbs\u00e9geknek k\u00f6sz\u00f6nhet\u0151en a Pro Max t\u00f6bbet b\u00edr. Norm\u00e1l webb\u00f6ng\u00e9sz\u00e9s eset\u00e9n a Pro-n\u00e1l 11 \u00f3ra 42 percet, a Pro Max-n\u00e1l pedig 12 \u00f3ra 16 perc m\u0171k\u00f6d\u00e9si id\u0151t m\u00e9rtek 100%-r\u00f3l teljes lemer\u00fcl\u00e9sig. Ut\u00e1na a gyors t\u00f6lt\u00e9s seg\u00edts\u00e9g\u00e9vel \u00fajb\u00f3l felpump\u00e1lhatjuk r\u00f6vid id\u0151 alatt a telefonokat.<\/p>\n\n\n\n<h2 class=\"wp-block-heading\">\u00c1rak<\/h2>\n\n\n\n<p>Az \u00e1rak er\u0151teljesen f\u00fcggnek att\u00f3l, hogy mekkora t\u00e1rhellyel szerelt verzi\u00f3t szeretn\u00e9nk v\u00e1s\u00e1rolni. A Pro Max \u00e1rc\u00edmk\u00e9je p\u00e1r t\u00edzezerrel minden esetben dr\u00e1g\u00e1bb lesz.<\/p>\n\n\n\n<h2 class=\"wp-block-heading\">iPhone r\u00e9szletre<\/h2>\n\n\n\n<p>Szerencs\u00e9re nem kell megijedni az iPhone 13 Pro Max \u00e1r\u00e1t\u00f3l sem, hiszen OTP \u00e1ruhitellel ak\u00e1r 36 havi r\u00e9szletre 9,9% THM-el is megv\u00e1s\u00e1rolhat\u00f3. Ami m\u00e9g jobban meg\u00e9ri: a 10 vagy olykor ak\u00e1r 20 havi 0% THM-mel t\u00f6rt\u00e9n\u0151 v\u00e1s\u00e1rl\u00e1s. Arr\u00f3l is \u00edrtunk m\u00e1r kor\u00e1bban, hogy hogyan v\u00e1s\u00e1rolhat\u00f3 <span style=\"text-decoration: underline;\"><a href=\"https:\/\/www.notebook.hu\/blog\/iphone-reszletre\/\" target=\"_blank\" rel=\"\">iPhone r\u00e9szletre<\/a><\/span>.<\/p>\n\n\n\n<h2 class=\"wp-block-heading\">Mi azonos iPhone 13 Pro \u00e9s Pro Max k\u00f6z\u00f6tt?<\/h2>\n\n\n\n<p>Az iPhone 13 Pro \u00e9s iPhone 13 Pro Max sokkal t\u00f6bb dologban egyezik, mint k\u00fcl\u00f6nb\u00f6zik.<\/p>\n\n\n\n<h2 class=\"wp-block-heading\">Design<\/h2>\n\n\n\n<p>Az els\u0151 szembet\u0171n\u0151 hasonl\u00f3s\u00e1g, hogy kin\u00e9zetre szinte teljesen megegyeznek. Mint k\u00e9t testv\u00e9r, semmi k\u00fcl\u00f6nleges v\u00e1ltoztat\u00e1s sincs rajtuk. Az \u00fct\u00e9s\u00e1ll\u00f3, v\u00edz\u00e1ll\u00f3, karcmentes megold\u00e1ssal el\u00e9g strapab\u00edr\u00f3 modelleket alkottak a m\u00e9rn\u00f6k\u00f6k.<\/p>\n\n\n\n<h2 class=\"wp-block-heading\">Kijelz\u0151 technol\u00f3gi\u00e1ja<\/h2>\n\n\n\n<p>A kijelz\u0151 b\u00e1r m\u00e9retben \u00e9s felbont\u00e1sban m\u00e1s, a technol\u00f3gia ugyanaz a Super Retina XDR OLED panel. A Pro k\u00e9perny\u0151je 6,1&#8243; \u00e9s 2532 x 1170 pixel felbont\u00e1ssal rendelkezik, a Pro Max viszont m\u00e1r 6,7&#8243; \u00e9s a felbont\u00e1sa 2778&#215;1284. Mindkett\u0151 k\u00e9pes adapt\u00edv 120 Hz k\u00e9pfriss\u00edt\u00e9sre. A legt\u00f6bb j\u00e1t\u00e9k gyors \u00e9s \u00e9lvezetes, legyen ak\u00e1r fps, aut\u00f3verseny vagy strat\u00e9gia.<\/p>\n\n\n\n<h2 class=\"wp-block-heading\">Kamer\u00e1k<\/h2>\n\n\n\n<p>Kamer\u00e1k tekintet\u00e9ben sincs k\u00fcl\u00f6nbs\u00e9g. Az \u00f6sszes kamera 12 MP-es, ak\u00e1r az el\u0151lapit vagy a 3 h\u00e1tlapit n\u00e9zz\u00fck. A h\u00e1tlapon telefot\u00f3-, sz\u00e9les l\u00e1t\u00f3sz\u00f6g\u0171- \u00e9s ultrasz\u00e9les l\u00e1t\u00f3sz\u00f6g\u0171 kamer\u00e1k kaptak helyet. 3x optikai- \u00e9s 15x digit\u00e1lis zoommal rendelkeznek.<\/p>\n\n\n\n<h2 class=\"wp-block-heading\">A15 Bionic chip \u00e9s teljes\u00edtm\u00e9ny<\/h2>\n\n\n\n<p>Besz\u00e9lj\u00fcnk a 6-magos CPU-r\u00f3l, ami a f\u00e9mh\u00e1z belsej\u00e9ben a Pro \u00e9s a Pro Max eset\u00e9n ugyanaz. Mindketten az Apple \u00faj A15 Bionic lapkak\u00e9szlet\u00e9t haszn\u00e1lj\u00e1k, amelyhez 6 GB RAM t\u00e1rsul. Az Apple k\u00fcl\u00f6n\u00f6sen b\u00fcszke az ebbe a chipbe \u00e9p\u00edtett 5-magos GPU-ra, amely a valaha volt leger\u0151sebb mobil GPU \u00e9s t\u00f6bb, mint 50%-kal er\u0151sebb versenyt\u00e1rsain\u00e1l.<\/p>\n\n\n\n<h2 class=\"wp-block-heading\">T\u00e1rhely<\/h2>\n\n\n\n<p>T\u00e1rhely szinten mindk\u00e9t modell el\u00e9rhet\u0151 128 GB, 256 GB, 512 GB \u00e9s 1TB h\u00e1tt\u00e9rt\u00e1rral, \u00edgy mindenki k\u00f6nnyed\u00e9n kiv\u00e1laszthatja a sz\u00e1m\u00e1ra legink\u00e1bb sz\u00fcks\u00e9ges modellt. Aki sokat vide\u00f3zik nagy felbont\u00e1sban, annak aj\u00e1nlott az 512 GB vagy 1 TB megv\u00e1s\u00e1rl\u00e1sa.<\/p>\n\n\n\n<h2 class=\"wp-block-heading\">Szoftver<\/h2>\n\n\n\n<p>Az iOS oper\u00e1ci\u00f3s rendszer ez\u00fattal az iOS 15, de ahogy azt tudjuk, folyamatosan kapja majd \u00e9vr\u0151l \u00e9vre a friss\u00edt\u00e9seket, ahogy azt a cs\u00facskateg\u00f3ria meg\u00e9rdemli.<\/p>\n\n\n\n<h2 class=\"wp-block-heading\">M\u0171holdas kapcsolat<\/h2>\n\n\n\n<p>Ahogy arr\u00f3l kor\u00e1bban \u00edrtunk, az iPhone 13 m\u0171holdas kapcsolatra k\u00e9pes, ez is egy k\u00f6z\u00f6s pont a k\u00e9t k\u00e9sz\u00fcl\u00e9kben. R\u00e9szletesebben a <span style=\"text-decoration: underline;\"><a href=\"https:\/\/www.notebook.hu\/blog\/az-iphone-13-muholdas-kapcsolatra-is-kepes\/\" target=\"_blank\" rel=\"\">m\u0171holdas kapcsolatr\u00f3l<\/a><\/span> itt olvashatsz.<\/p>\n\n\n\n<p>M\u00e1r tudod, hogy mi a k\u00fcl\u00f6nbs\u00e9g iPhone 13 Pro \u00e9s Pro Max k\u00f6z\u00f6tt.<br><a href=\"https:\/\/www.notebook.hu\/blog\/mi-a-kulonbseg-iphone-11-11-pro-es-11-pro-max-kozott\/\">De vajon milyen k\u00fcl\u00f6nbs\u00e9gek vannak iPhone 11, 11 PRO \u00e9s 11 Max k\u00f6z\u00f6tt<\/a>?<\/p>\n","protected":false},"excerpt":{"rendered":"<p>Ha nem tudsz d\u00f6nteni iPhone 13 Pro \u00e9s iPhone 13 Pro Max k\u00f6z\u00f6tt, hogy melyiket is v\u00e1s\u00e1rold meg az Apple jelenlegi z\u00e1szl\u00f3shaj\u00f3i k\u00f6z\u00fcl, akkor a lenti t\u00e1bl\u00e1zat biztosan nagy seg\u00edts\u00e9g lesz Neked! A j\u00f3 h\u00edr, hogy nincs hatalmas k\u00fcl\u00f6nbs\u00e9g a k\u00e9t k\u00e9sz\u00fcl\u00e9k k\u00f6z\u00f6tt, de az\u00e9rt el\u0151fordul p\u00e1r kulcsfontoss\u00e1g\u00fa elt\u00e9r\u00e9s, amit mindenk\u00e9pp tudnod kell iPhone v\u00e1s\u00e1rl\u00e1s &hellip;<\/p>\n","protected":false},"author":9,"featured_media":10030,"comment_status":"closed","ping_status":"open","sticky":false,"template":"","format":"standard","meta":{"_jetpack_memberships_contains_paid_content":false,"footnotes":""},"categories":[42],"tags":[],"class_list":["post-10018","post","type-post","status-publish","format-standard","has-post-thumbnail","","category-cikkek"],"jetpack_featured_media_url":"https:\/\/www.notebook.hu\/blog\/wp-content\/uploads\/2022\/02\/iphone-13-prok-cover-1.jpg","jetpack_shortlink":"https:\/\/wp.me\/p9xSLL-2BA","jetpack_sharing_enabled":true,"_links":{"self":[{"href":"https:\/\/www.notebook.hu\/blog\/wp-json\/wp\/v2\/posts\/10018","targetHints":{"allow":["GET"]}}],"collection":[{"href":"https:\/\/www.notebook.hu\/blog\/wp-json\/wp\/v2\/posts"}],"about":[{"href":"https:\/\/www.notebook.hu\/blog\/wp-json\/wp\/v2\/types\/post"}],"author":[{"embeddable":true,"href":"https:\/\/www.notebook.hu\/blog\/wp-json\/wp\/v2\/users\/9"}],"replies":[{"embeddable":true,"href":"https:\/\/www.notebook.hu\/blog\/wp-json\/wp\/v2\/comments?post=10018"}],"version-history":[{"count":11,"href":"https:\/\/www.notebook.hu\/blog\/wp-json\/wp\/v2\/posts\/10018\/revisions"}],"predecessor-version":[{"id":11325,"href":"https:\/\/www.notebook.hu\/blog\/wp-json\/wp\/v2\/posts\/10018\/revisions\/11325"}],"wp:featuredmedia":[{"embeddable":true,"href":"https:\/\/www.notebook.hu\/blog\/wp-json\/wp\/v2\/media\/10030"}],"wp:attachment":[{"href":"https:\/\/www.notebook.hu\/blog\/wp-json\/wp\/v2\/media?parent=10018"}],"wp:term":[{"taxonomy":"category","embeddable":true,"href":"https:\/\/www.notebook.hu\/blog\/wp-json\/wp\/v2\/categories?post=10018"},{"taxonomy":"post_tag","embeddable":true,"href":"https:\/\/www.notebook.hu\/blog\/wp-json\/wp\/v2\/tags?post=10018"}],"curies":[{"name":"wp","href":"https:\/\/api.w.org\/{rel}","templated":true}]}}